{"id":132941,"date":"2026-01-04T04:25:06","date_gmt":"2026-01-04T04:25:06","guid":{"rendered":"https:\/\/www.europesays.com\/fi\/132941\/"},"modified":"2026-01-04T04:25:06","modified_gmt":"2026-01-04T04:25:06","slug":"auri-kanasen-vauva-sai-nimen-eika-se-ole-dalluriini","status":"publish","type":"post","link":"https:\/\/www.europesays.com\/fi\/132941\/","title":{"rendered":"Auri Kanasen vauva sai nimen \u2013 eik\u00e4 se ole Dalluriini"},"content":{"rendered":"<p>Somevaikuttaja ja yritt\u00e4j\u00e4 <strong>Auri Kananen<\/strong> sai puolisonsa <strong>Sami Salmisen<\/strong> kanssa marraskuussa esikoisensa.<\/p>\n<p>Kananen julkaisi synnytysurakastaan kaksiosaisen videosarjan, jonka <a href=\"https:\/\/www.voice.fi\/viihde\/onneksi-en-tiennyt-mita-on-tulossa-auri-kananen-julkaisi-synnytysvideon\" target=\"_blank\" rel=\"noreferrer noopener nofollow\">ensimm\u00e4isess\u00e4 osassa<\/a> synnytys k\u00e4ynnistyi ja pariskunta suuntasi sairaalaan, ja <a href=\"https:\/\/www.voice.fi\/viihde\/tassa-konkurssissa-se-ei-enaa-tuntunut-miltaan-auri-kanasen-rankan-synnytyksen-toinen-video-julki\" target=\"_blank\" rel=\"noreferrer noopener nofollow\">toisessa osassa<\/a> rankka rupeama sai onnellisen p\u00e4\u00e4t\u00f6ksen, kun perhe t\u00e4ydentyi pienell\u00e4 tytt\u00e4rell\u00e4.<\/p>\n<p>Lue my\u00f6s: <a href=\"https:\/\/www.voice.fi\/viihde\/onneksi-en-tiennyt-mita-on-tulossa-auri-kananen-julkaisi-synnytysvideon\" title=\"\u201dOnneksi en tiennyt, mit\u00e4 on tulossa\u201d \u2013 Auri Kananen julkaisi synnytysvideon\" class=\"underline-custom !font-montserrat !font-bold !underline-offset-4 !decoration-4 !decoration-tilt-light !text-md\" rel=\"nofollow noopener\" target=\"_blank\">\u201dOnneksi en tiennyt, mit\u00e4 on tulossa\u201d \u2013 Auri Kananen julkaisi synnytysvideon<\/a><\/p>\n<p>Lue my\u00f6s: <a href=\"https:\/\/www.voice.fi\/viihde\/tassa-konkurssissa-se-ei-enaa-tuntunut-miltaan-auri-kanasen-rankan-synnytyksen-toinen-video-julki\" title=\"\u201dT\u00e4ss\u00e4 konkurssissa se ei en\u00e4\u00e4 tuntunut milt\u00e4\u00e4n\u201d \u2013 Auri Kanasen rankan synnytyksen toinen video julki\" class=\"underline-custom !font-montserrat !font-bold !underline-offset-4 !decoration-4 !decoration-tilt-light !text-md\" rel=\"nofollow noopener\" target=\"_blank\">\u201dT\u00e4ss\u00e4 konkurssissa se ei en\u00e4\u00e4 tuntunut milt\u00e4\u00e4n\u201d \u2013 Auri Kanasen rankan synnytyksen toinen video julki<\/a><\/p>\n<p>Lasta kutsuttiin Kanasen julkaisuissa hellytt\u00e4v\u00e4sti Dallaspullaksi, mutta nyt pienokainen on saanut virallisenkin nimen.<\/p>\n<p><a href=\"https:\/\/www.instagram.com\/reels\/DTDT6v-jdtH\/\" target=\"_blank\" rel=\"noreferrer noopener nofollow\">Nimenpaljastusvideolla<\/a> sein\u00e4lle on kiinnitettu kuusi syd\u00e4menmuotoista ilmapalloa, ja kunkin p\u00e4\u00e4ll\u00e4 lukee nimi: Aleksandra, Dalla, Dallas, Adelia, Aurora ja Evelia.<\/p>\n<p>Lue my\u00f6s: <a href=\"https:\/\/www.voice.fi\/viihde\/tassa-on-auri-kanasen-vauva\" title=\"T\u00e4ss\u00e4 on Auri Kanasen vauva\" class=\"underline-custom !font-montserrat !font-bold !underline-offset-4 !decoration-4 !decoration-tilt-light !text-md\" rel=\"nofollow noopener\" target=\"_blank\">T\u00e4ss\u00e4 on Auri Kanasen vauva<\/a><\/p>\n<p>Lue my\u00f6s: <a href=\"https:\/\/www.voice.fi\/viihde\/imetys-on-ihanaa-auri-kananen-kertoo-vauva-arjesta-ja-sanoo-pitavansa-vaipanvaihdosta\" title=\"\u201dImetys on ihanaa!\u201d \u2013 Auri Kananen kertoo vauva-arjesta ja sanoo pit\u00e4v\u00e4ns\u00e4 vaipanvaihdosta\" class=\"underline-custom !font-montserrat !font-bold !underline-offset-4 !decoration-4 !decoration-tilt-light !text-md\" rel=\"nofollow noopener\" target=\"_blank\">\u201dImetys on ihanaa!\u201d \u2013 Auri Kananen kertoo vauva-arjesta ja sanoo pit\u00e4v\u00e4ns\u00e4 vaipanvaihdosta<\/a><\/p>\n<p>Ylpe\u00e4t vanhemmat puhkaisevat ilmapalloja yksi kerrallaan, kunnes j\u00e4ljelle j\u00e4\u00e4 viimeinen: Adelia. Videon lopussa paljastetaan, ett\u00e4 lapsen koko nimeksi tuli <strong>Adelia Aurora<\/strong>.<\/p>\n<p>Joulukuun lopussa Kananen <a href=\"https:\/\/www.voice.fi\/viihde\/tama-on-oikeasti-loppu-auri-kananen-laittoi-siivoushanskat-naulaan\" target=\"_blank\" rel=\"noreferrer noopener nofollow\">ilmoitti lopettavansa<\/a> h\u00e4net kuuluisuuteen nostaneiden siivousvideoiden tekemisen. H\u00e4n kertoi tuolloin, ett\u00e4 siivousty\u00f6 vaatii paljon matkustamista, eik\u00e4 h\u00e4n halua olla jatkuvasti tien p\u00e4\u00e4ll\u00e4 ja poissa perheens\u00e4 luota.<\/p>\n<p>\t\t\t\t\t\t<script async src=\"\/\/www.instagram.com\/embed.js\"><\/script><\/p>\n","protected":false},"excerpt":{"rendered":"Somevaikuttaja ja yritt\u00e4j\u00e4 Auri Kananen sai puolisonsa Sami Salmisen kanssa marraskuussa esikoisensa. Kananen julkaisi synnytysurakastaan kaksiosaisen videosarjan, jonka&hellip;\n","protected":false},"author":2,"featured_media":132942,"comment_status":"","ping_status":"","sticky":false,"template":"","format":"standard","meta":{"footnotes":""},"categories":[133],"tags":[137,33,31,30,32,206,156,109],"class_list":{"0":"post-132941","1":"post","2":"type-post","3":"status-publish","4":"format-standard","5":"has-post-thumbnail","7":"category-televisiot","8":"tag-entertainment","9":"tag-fi","10":"tag-finland","11":"tag-finnish","12":"tag-suomi","13":"tag-televisiot","14":"tag-tv","15":"tag-viihde"},"share_on_mastodon":{"url":"https:\/\/pubeurope.com\/@fi\/115834933943276377","error":""},"_links":{"self":[{"href":"https:\/\/www.europesays.com\/fi\/wp-json\/wp\/v2\/posts\/132941","targetHints":{"allow":["GET"]}}],"collection":[{"href":"https:\/\/www.europesays.com\/fi\/wp-json\/wp\/v2\/posts"}],"about":[{"href":"https:\/\/www.europesays.com\/fi\/wp-json\/wp\/v2\/types\/post"}],"author":[{"embeddable":true,"href":"https:\/\/www.europesays.com\/fi\/wp-json\/wp\/v2\/users\/2"}],"replies":[{"embeddable":true,"href":"https:\/\/www.europesays.com\/fi\/wp-json\/wp\/v2\/comments?post=132941"}],"version-history":[{"count":0,"href":"https:\/\/www.europesays.com\/fi\/wp-json\/wp\/v2\/posts\/132941\/revisions"}],"wp:featuredmedia":[{"embeddable":true,"href":"https:\/\/www.europesays.com\/fi\/wp-json\/wp\/v2\/media\/132942"}],"wp:attachment":[{"href":"https:\/\/www.europesays.com\/fi\/wp-json\/wp\/v2\/media?parent=132941"}],"wp:term":[{"taxonomy":"category","embeddable":true,"href":"https:\/\/www.europesays.com\/fi\/wp-json\/wp\/v2\/categories?post=132941"},{"taxonomy":"post_tag","embeddable":true,"href":"https:\/\/www.europesays.com\/fi\/wp-json\/wp\/v2\/tags?post=132941"}],"curies":[{"name":"wp","href":"https:\/\/api.w.org\/{rel}","templated":true}]}}