{"id":132951,"date":"2026-01-04T04:36:13","date_gmt":"2026-01-04T04:36:13","guid":{"rendered":"https:\/\/www.europesays.com\/fi\/132951\/"},"modified":"2026-01-04T04:36:13","modified_gmt":"2026-01-04T04:36:13","slug":"logistiikkatila-tullimiehentie-10-2372-m2","status":"publish","type":"post","link":"https:\/\/www.europesays.com\/fi\/132951\/","title":{"rendered":"Logistiikkatila: Tullimiehentie 10, 2372 m2\u202f"},"content":{"rendered":"<p><strong>Pinta-ala: <\/strong>2372 m2 <br \/><strong>Kerros: <\/strong>1 <\/p>\n<p><strong>Toimitilan ominaisuudet<\/strong> <br \/>Keitti\u00f6 <br \/>Tila: Monitila <br \/>Edustustilat <br \/>Huolto- ja korjaustilat trukeille ja muille koneille <br \/>\u00d6ljynerotuskaivot <br \/>Mahdollisuus toimistotiloihin samassa rakennuksessa <br \/>Saunatilat <br \/>N\u00e4kym\u00e4 kiitotielle tai lentoasemalle <br \/>Yhteys lentokent\u00e4n asematasolle <\/p>\n<p>Vuokrattavana logistiikka- tai varastotilaa Helsinki-Vantaan lentoasemakeskuksesta, Tullimiehentie 10:n ensimm\u00e4isest\u00e4 kerroksesta. Rakennuksessa on 2100 m2:n terminaaliosa lastausalueineen ja rekkapihoineen, jossa 8 rekkataskua ja 18 pakettiautojen lastauspaikkaa. Lis\u00e4ksi asematasoyhteys, joten rahtia voidaan lastata suoraan lentokoneesta terminaalitilaan. Sosiaalitilat sijaitsevat rakennuksen kellaritiloissa. Tiloista l\u00f6ytyy kaksi erillist\u00e4 pukuhuonetta suihkutiloineen. Tilat soveltuu loistavasti esimerkiksi logistiikkatoimijalle jakeluvarastoksi. <\/p>\n<p>Kiinteist\u00f6n pihassa on runsaasti pys\u00e4k\u00f6intipaikkoja. Samassa rakennuksessa vuokrattavana my\u00f6s toimistotilaa. Vuokralaisen k\u00e4yt\u00f6ss\u00e4 ovat my\u00f6s Finavian muiden Helsinki-Vantaan lentoasemakeskuksen kiinteist\u00f6jen sek\u00e4 lentoasematerminaalin palvelut.<\/p>\n","protected":false},"excerpt":{"rendered":"Pinta-ala: 2372 m2 Kerros: 1 Toimitilan ominaisuudet Keitti\u00f6 Tila: Monitila Edustustilat Huolto- ja korjaustilat trukeille ja muille koneille&hellip;\n","protected":false},"author":2,"featured_media":132952,"comment_status":"","ping_status":"","sticky":false,"template":"","format":"standard","meta":{"footnotes":""},"categories":[5],"tags":[22,23,26,27,33,31,30,17,24,25,28,29,15,18,21,32,19,20,16],"class_list":{"0":"post-132951","1":"post","2":"type-post","3":"status-publish","4":"format-standard","5":"has-post-thumbnail","7":"category-otsikot","8":"tag-breaking-news","9":"tag-breakingnews","10":"tag-featured-news","11":"tag-featurednews","12":"tag-fi","13":"tag-finland","14":"tag-finnish","15":"tag-headlines","16":"tag-latest-news","17":"tag-latestnews","18":"tag-main-news","19":"tag-mainnews","20":"tag-news","21":"tag-otsikot","22":"tag-paauutiset","23":"tag-suomi","24":"tag-top-stories","25":"tag-topstories","26":"tag-uutiset"},"share_on_mastodon":{"url":"https:\/\/pubeurope.com\/@fi\/115834977159475069","error":""},"_links":{"self":[{"href":"https:\/\/www.europesays.com\/fi\/wp-json\/wp\/v2\/posts\/132951","targetHints":{"allow":["GET"]}}],"collection":[{"href":"https:\/\/www.europesays.com\/fi\/wp-json\/wp\/v2\/posts"}],"about":[{"href":"https:\/\/www.europesays.com\/fi\/wp-json\/wp\/v2\/types\/post"}],"author":[{"embeddable":true,"href":"https:\/\/www.europesays.com\/fi\/wp-json\/wp\/v2\/users\/2"}],"replies":[{"embeddable":true,"href":"https:\/\/www.europesays.com\/fi\/wp-json\/wp\/v2\/comments?post=132951"}],"version-history":[{"count":0,"href":"https:\/\/www.europesays.com\/fi\/wp-json\/wp\/v2\/posts\/132951\/revisions"}],"wp:featuredmedia":[{"embeddable":true,"href":"https:\/\/www.europesays.com\/fi\/wp-json\/wp\/v2\/media\/132952"}],"wp:attachment":[{"href":"https:\/\/www.europesays.com\/fi\/wp-json\/wp\/v2\/media?parent=132951"}],"wp:term":[{"taxonomy":"category","embeddable":true,"href":"https:\/\/www.europesays.com\/fi\/wp-json\/wp\/v2\/categories?post=132951"},{"taxonomy":"post_tag","embeddable":true,"href":"https:\/\/www.europesays.com\/fi\/wp-json\/wp\/v2\/tags?post=132951"}],"curies":[{"name":"wp","href":"https:\/\/api.w.org\/{rel}","templated":true}]}}