{"id":132957,"date":"2026-01-04T04:56:11","date_gmt":"2026-01-04T04:56:11","guid":{"rendered":"https:\/\/www.europesays.com\/fi\/132957\/"},"modified":"2026-01-04T04:56:11","modified_gmt":"2026-01-04T04:56:11","slug":"satu-viitala-ei-eparoi-heittaytya-yksi-sahkoposti-ja-pian-han-oli-jo-ysarivaatteissa-leffakuvauksissa-uutissuomalainen","status":"publish","type":"post","link":"https:\/\/www.europesays.com\/fi\/132957\/","title":{"rendered":"Satu Viitala ei ep\u00e4r\u00f6i heitt\u00e4yty\u00e4 \u2013 yksi s\u00e4hk\u00f6posti, ja pian h\u00e4n oli jo ys\u00e4rivaatteissa leffakuvauksissa | Uutissuomalainen"},"content":{"rendered":"<p>Satu Viitala on avustajana uudessa Kaija Koo -elokuvassa. N\u00e4ytteleminen on ollut Viitalan mielest\u00e4 aikuisemmalla i\u00e4ll\u00e4 antoisampaa kuin nuorempana.<\/p>\n<p>Laukaalainen <strong>Satu Viitala<\/strong>, 42, on avustajana uudessa Kaija Koo -elokuvassa Kaunis rietas onnellinen. N\u00e4ytteleminen on ollut Viitalan mielest\u00e4 aikuisemmalla i\u00e4ll\u00e4 antoisampaa kuin nuorempana.<\/p>\n","protected":false},"excerpt":{"rendered":"Satu Viitala on avustajana uudessa Kaija Koo -elokuvassa. N\u00e4ytteleminen on ollut Viitalan mielest\u00e4 aikuisemmalla i\u00e4ll\u00e4 antoisampaa kuin nuorempana.&hellip;\n","protected":false},"author":2,"featured_media":132958,"comment_status":"","ping_status":"","sticky":false,"template":"","format":"standard","meta":{"footnotes":""},"categories":[130],"tags":[155,137,33,31,30,763,718,622,4069,32,397,140,109],"class_list":{"0":"post-132957","1":"post","2":"type-post","3":"status-publish","4":"format-standard","5":"has-post-thumbnail","7":"category-viihde","8":"tag-elokuvat","9":"tag-entertainment","10":"tag-fi","11":"tag-finland","12":"tag-finnish","13":"tag-kulttuuri-ja-viihde","14":"tag-nayttamotaide","15":"tag-nayttelijat","16":"tag-sunnuntaisuomalainen","17":"tag-suomi","18":"tag-taide","19":"tag-tv-ja-elokuvat","20":"tag-viihde"},"share_on_mastodon":{"url":"https:\/\/pubeurope.com\/@fi\/115835055808662327","error":""},"_links":{"self":[{"href":"https:\/\/www.europesays.com\/fi\/wp-json\/wp\/v2\/posts\/132957","targetHints":{"allow":["GET"]}}],"collection":[{"href":"https:\/\/www.europesays.com\/fi\/wp-json\/wp\/v2\/posts"}],"about":[{"href":"https:\/\/www.europesays.com\/fi\/wp-json\/wp\/v2\/types\/post"}],"author":[{"embeddable":true,"href":"https:\/\/www.europesays.com\/fi\/wp-json\/wp\/v2\/users\/2"}],"replies":[{"embeddable":true,"href":"https:\/\/www.europesays.com\/fi\/wp-json\/wp\/v2\/comments?post=132957"}],"version-history":[{"count":0,"href":"https:\/\/www.europesays.com\/fi\/wp-json\/wp\/v2\/posts\/132957\/revisions"}],"wp:featuredmedia":[{"embeddable":true,"href":"https:\/\/www.europesays.com\/fi\/wp-json\/wp\/v2\/media\/132958"}],"wp:attachment":[{"href":"https:\/\/www.europesays.com\/fi\/wp-json\/wp\/v2\/media?parent=132957"}],"wp:term":[{"taxonomy":"category","embeddable":true,"href":"https:\/\/www.europesays.com\/fi\/wp-json\/wp\/v2\/categories?post=132957"},{"taxonomy":"post_tag","embeddable":true,"href":"https:\/\/www.europesays.com\/fi\/wp-json\/wp\/v2\/tags?post=132957"}],"curies":[{"name":"wp","href":"https:\/\/api.w.org\/{rel}","templated":true}]}}