{"id":132961,"date":"2026-01-04T05:01:10","date_gmt":"2026-01-04T05:01:10","guid":{"rendered":"https:\/\/www.europesays.com\/fi\/132961\/"},"modified":"2026-01-04T05:01:10","modified_gmt":"2026-01-04T05:01:10","slug":"ala-temmeksen-raaka-kaksoismurha-jarkytti-koko-suomea-vuonna-1913-murhaajaa-etsi-kolmen-kunnan-vaki","status":"publish","type":"post","link":"https:\/\/www.europesays.com\/fi\/132961\/","title":{"rendered":"Ala-Temmeksen raaka kaksoismurha j\u00e4rkytti koko Suomea vuonna 1913 \u2013 murhaajaa etsi kolmen kunnan v\u00e4ki"},"content":{"rendered":"<p>\n      &#8221;Kauhea ry\u00f6st\u00f6murha Alatemmeksess\u00e4\u201d (Helsingin Sanomat 4.9.1913). \u201dPohjanmaa rosvojen vallassa \u2013 Alatemmeksen postiaseman hoitaja tytt\u00e4rineen murhattu\u201d (Turun Sanomat 4.9.1913). \u201dPostiasema ry\u00f6stetty Ala-Temmeksess\u00e4 \u2013 Postinhoitajatar ja h\u00e4nen tytt\u00e4rens\u00e4 surmattu\u201d (Aamulehti 4.9.1913).\n    <\/p>\n<p>\n      Sanomalehtien otsikot ymp\u00e4ri Suomea huusivat Ala-Temmeksen j\u00e4rkytt\u00e4vist\u00e4 tapahtumista syyskuussa 1913.\n    <\/p>\n<p class=\"article__paragraph\">\n      Veriteko tapahtui tiistai-iltana syyskuun 2. p\u00e4iv\u00e4 1913. Tapahtumapaikka oli Limingan osuuskaupan Ala-Temmeksen sivuliike, jonka yhteydess\u00e4 toimi my\u00f6s paikallinen postiasema.\n    <\/p>\n<p class=\"article__paragraph\">\n      Osuuskaupan hoitajatar Katri Pehkonen osallistui illalla kokoukseen Temmeksen nuorisoseuran talolla. Noin kello 23.30 h\u00e4n palasi seuralaisineen kotiinsa kaupalle, jossa kenties postinhoitaja Anna Siiri ja t\u00e4m\u00e4n 15-vuotias tyt\u00e4r Briita nukkuisivat jo omassa huoneessaan.\n    <\/p>\n<p class=\"article__paragraph\">\n      Sis\u00e4lle hiipiess\u00e4\u00e4n Pehkosen jalka osui pime\u00e4ss\u00e4 johonkin pehme\u00e4\u00e4n. Valoa saatuaan he n\u00e4kiv\u00e4t Annan makaavan kuolleena lattialla. Heti oli selv\u00e4\u00e4, ett\u00e4 h\u00e4n oli joutunut henkirikoksen uhriksi. Kauhistuneena he rynt\u00e4siv\u00e4t kertomaan asiasta naapureille. Oulun poliisilaitokselle tehtiin pikaisesti ilmoitus. L\u00e4hialueen v\u00e4ki suuntasi joukolla tapahtumapaikalle ja l\u00f6ysi my\u00f6s Briitan murhattuna.\n    <\/p>\n<p class=\"article__paragraph\">\n      Oulusta l\u00e4hti automobiililla kolme etsiv\u00e4\u00e4 ja kaksi poliisikoiraa kohti Ala-Temmest\u00e4. He saapuivat perille kello nelj\u00e4 aamulla ja k\u00e4ynnistiv\u00e4t v\u00e4litt\u00f6m\u00e4sti syyllisen etsinn\u00e4t. Koirat saivatkin vainun, mutta tovin juostuaan ne kadottivat j\u00e4ljen.\n    <\/p>\n<p class=\"article__paragraph\">\n      Limingan nimismies Sakari Lehtonen saapui paikalle kello seitsem\u00e4n aamulla. Tutkimusten j\u00e4lkeen tapahtumien kulku alkoi hahmottua.\n    <\/p>\n<p class=\"article__paragraph\">\n      Anna oli ilmeisesti kuullut koputusta ja mennyt avaamaan oven. Sen luona h\u00e4nt\u00e4 ammuttiin nelj\u00e4sti. Yksi laukaus osui ohimoon ja kolme rintaan tai kylkeen. Kuolema seurasi todenn\u00e4k\u00f6isesti v\u00e4litt\u00f6m\u00e4sti.\n    <\/p>\n<p class=\"article__paragraph\">\n      Laukaukset kuultuaan Briita on kenties yritt\u00e4nyt paeta, mutta murhaaja on saanut h\u00e4net kiinni. Briita l\u00f6ydettiin kuolleena kaapista tyhj\u00e4n kassalaatikon kanssa. H\u00e4nt\u00e4 oli ammuttu ohimoon ja rintaan. Pahantekij\u00e4 sai saaliiksi muutaman sadan markan saaliin.\n    <\/p>\n<p>    <img decoding=\"async\" class=\"responsive-image article__image-image lozad\"   src=\"https:\/\/www.europesays.com\/fi\/wp-content\/uploads\/2026\/01\/6mDyLOdmGfF5HLkpkFiYukbBfo0TCavkr2M1gXRZVGQN86XOhRiMderLyb3MIXzLV_qmd-EmU3Zoz90R2lRxM0j1Yy8SrBNtc6q0.jpeg\" alt=\"Kalevassa uutisoitiin Ala-Temmeksen kaksoismurhasta jo tapahtumaa seuranneena p\u00e4iv\u00e4n\u00e4 3.9.1913.\"\/><\/p>\n<p>\n                Kalevassa uutisoitiin Ala-Temmeksen kaksoismurhasta jo tapahtumaa seuranneena p\u00e4iv\u00e4n\u00e4 3.9.1913.\n              <\/p>\n<p>\n                Kuva: Kaleva 3.9.1913\n              <\/p>\n<p class=\"article__paragraph\">\n      Seuraavina p\u00e4ivin\u00e4 suoritettiin massiivinen etsint\u00e4operaatio, johon osallistui virkavallan lis\u00e4ksi kolmen kunnan kansalaisia. Nimismies m\u00e4\u00e4r\u00e4si, ett\u00e4 Tyrn\u00e4v\u00e4ll\u00e4, Temmeksess\u00e4 ja Limingassa on joka talosta osallistuttava murhaajan etsint\u00f6ihin.\n    <\/p>\n<p class=\"article__paragraph\">\n      Kalevassa 4.9.1913 kirjoitetaan, ett\u00e4 \u201dwahwasti aseistettuina kierteleekin nyt n\u00e4iss\u00e4 pit\u00e4jiss\u00e4 pitkin metsi\u00e4 satoja miehi\u00e4 ja on heid\u00e4n m\u00e4\u00e4r\u00e4tty pid\u00e4tt\u00e4m\u00e4\u00e4n kaikki ep\u00e4ilytt\u00e4w\u00e4t ja passittomat henkil\u00f6t\u201d. Paikalliset osallistuivat etsint\u00f6ihin mielell\u00e4\u00e4n, sill\u00e4 tapaus her\u00e4tti yleist\u00e4 kauhua ja suuttumusta.\n    <\/p>\n<p class=\"article__paragraph\">\n      Poliisi kuulusteli lukuisia henkil\u00f6it\u00e4, varsinkin ilman ty\u00f6paikkaa kulkevia joutomiehi\u00e4. Limingan osuuskauppa ja alatemmesl\u00e4iset lupasivat tuntuvan palkkion sille, jonka ansiosta syyllinen saadaan kiinni.\n    <\/p>\n<p class=\"article__paragraph\">\n      Tutkimuksia jatkettiin taukoamatta. Hiljalleen silmukka alkoi kiristy\u00e4 syyllisen ymp\u00e4rill\u00e4.\n    <\/p>\n<p>Tutkimuksia jatkettiin taukoamatta. Hiljalleen silmukka alkoi kiristy\u00e4 syyllisen ymp\u00e4rill\u00e4.<\/p>\n<p class=\"article__paragraph\">\n      Muutaman p\u00e4iv\u00e4n kuluttua saatiin lukea lehdist\u00e4, ett\u00e4 poliisi on vanginnut kaksi henkil\u00f6\u00e4. Pyh\u00e4joella pid\u00e4tettiin Putaan Sutkiksi kutsuttu ty\u00f6mies Otto Jauhiainen ja Haaparannalla vankikarkuri Antti Heikkinen, joka oli kotoisin Utaj\u00e4rvelt\u00e4.\n    <\/p>\n<p class=\"article__paragraph\">\n      Jauhiaisella oli pit\u00e4v\u00e4 alibi, mutta Heikkisen osalta ep\u00e4ilyt vahvistuivat.\n    <\/p>\n<p class=\"article__paragraph\">\n      Todiste toisensa j\u00e4lkeen alkoi viitata h\u00e4nen syyllisyytens\u00e4 suuntaan. Esimerkiksi Heikkisen pistoolilla tehtyjen koeammuntojen hylsyt t\u00e4sm\u00e4siv\u00e4t murhapaikan hylsyihin, joissa oli ollut tavallisuudesta poikkeavia j\u00e4lki\u00e4. Lopulta n\u00e4ytt\u00f6 oli niin vahvaa, ett\u00e4 tekij\u00e4st\u00e4 ei ollut ep\u00e4selvyytt\u00e4.\n    <\/p>\n<p class=\"article__paragraph\">\n      Annan ja Briitan hautajaisista tuli vaikuttava surujuhla. Paikalliset saapuivat sankoin joukoin Limingan hautausmaalle 12.9.1913 kunnioittamaan julman henkirikoksen uhreja.\n    <\/p>\n<p class=\"article__paragraph\">\n      Kalevassa kirjoitettiin, ett\u00e4 \u201dn\u00e4in suurenmoista kunnianosoitusta ei Limingan hautausmaalla ole wiel\u00e4 kenellek\u00e4\u00e4n muille tapahtunut\u201d.\n    <\/p>\n<p class=\"article__paragraph\">\n      Aikansa tavan mukaan n\u00e4in merkitt\u00e4v\u00e4st\u00e4 murhauutisesta tehtiin oma arkkiveisu. Ensimm\u00e4inen s\u00e4keist\u00f6 tuntemattomaksi j\u00e4\u00e4neen riimittelij\u00e4n tekstist\u00e4 kuuluu n\u00e4in:\n    <\/p>\n<p class=\"article__paragraph\">\n      Taas Pohjanmaalla tehty on\n    <\/p>\n<p class=\"article__paragraph\">\n      Kauhea verity\u00f6.\n    <\/p>\n<p class=\"article__paragraph\">\n      Kun kaksi naista kuolohon,\n    <\/p>\n<p class=\"article__paragraph\">\n      yks\u00b4 ihmispeto ly\u00f6.\n    <\/p>\n<p class=\"article__paragraph\">\n      Murhaajan ep\u00e4iltiin saavan jopa kuolemantuomion. Kihlakunnanoikeus piti syyllisyytt\u00e4 selv\u00e4n\u00e4, vaikka tunnustusta ei Heikkiselt\u00e4 herunut. Oikeudenjakajat p\u00e4\u00e4tyiv\u00e4t elinkautiseen kuritushuonetuomioon.\n    <\/p>\n<p class=\"article__paragraph\">\n      Heikkinen vapautui aikanaan vankilasta ja eli loppuel\u00e4m\u00e4ns\u00e4 kotikuntansa hoidokkina. Kerrotaan, ett\u00e4 h\u00e4n k\u00e4rsi lopun ik\u00e4\u00e4ns\u00e4 ankarista tunnontuskista, erityisesti nuoren Briitan surmaamisen vuoksi.\n    <\/p>\n<p>\n      L\u00e4hteet: Ker\u00e4nen, Pekka 2003: Tuulimaa \u2013 Limingan kotiseutukirja; Kansalliskirjaston digitaalisessa aineisto: Aamulehti 4.9.1913, Helsingin Sanomat 4.9.1913, Turun Sanomat 4.9.1913, Kalevat 3.9.1913, 4.9.1913, 5.9.1913, 6.9.1913, 9.9.1913, 13.3.1913.\n    <\/p>\n","protected":false},"excerpt":{"rendered":"&#8221;Kauhea ry\u00f6st\u00f6murha Alatemmeksess\u00e4\u201d (Helsingin Sanomat 4.9.1913). \u201dPohjanmaa rosvojen vallassa \u2013 Alatemmeksen postiaseman hoitaja tytt\u00e4rineen murhattu\u201d (Turun Sanomat 4.9.1913).&hellip;\n","protected":false},"author":2,"featured_media":132962,"comment_status":"","ping_status":"","sticky":false,"template":"","format":"standard","meta":{"footnotes":""},"categories":[12],"tags":[22,23,26,27,33,31,30,17,24,25,28,29,15,18,21,32,19,20,16],"class_list":{"0":"post-132961","1":"post","2":"type-post","3":"status-publish","4":"format-standard","5":"has-post-thumbnail","7":"category-suomi","8":"tag-breaking-news","9":"tag-breakingnews","10":"tag-featured-news","11":"tag-featurednews","12":"tag-fi","13":"tag-finland","14":"tag-finnish","15":"tag-headlines","16":"tag-latest-news","17":"tag-latestnews","18":"tag-main-news","19":"tag-mainnews","20":"tag-news","21":"tag-otsikot","22":"tag-paauutiset","23":"tag-suomi","24":"tag-top-stories","25":"tag-topstories","26":"tag-uutiset"},"share_on_mastodon":{"url":"https:\/\/pubeurope.com\/@fi\/115835075758389763","error":""},"_links":{"self":[{"href":"https:\/\/www.europesays.com\/fi\/wp-json\/wp\/v2\/posts\/132961","targetHints":{"allow":["GET"]}}],"collection":[{"href":"https:\/\/www.europesays.com\/fi\/wp-json\/wp\/v2\/posts"}],"about":[{"href":"https:\/\/www.europesays.com\/fi\/wp-json\/wp\/v2\/types\/post"}],"author":[{"embeddable":true,"href":"https:\/\/www.europesays.com\/fi\/wp-json\/wp\/v2\/users\/2"}],"replies":[{"embeddable":true,"href":"https:\/\/www.europesays.com\/fi\/wp-json\/wp\/v2\/comments?post=132961"}],"version-history":[{"count":0,"href":"https:\/\/www.europesays.com\/fi\/wp-json\/wp\/v2\/posts\/132961\/revisions"}],"wp:featuredmedia":[{"embeddable":true,"href":"https:\/\/www.europesays.com\/fi\/wp-json\/wp\/v2\/media\/132962"}],"wp:attachment":[{"href":"https:\/\/www.europesays.com\/fi\/wp-json\/wp\/v2\/media?parent=132961"}],"wp:term":[{"taxonomy":"category","embeddable":true,"href":"https:\/\/www.europesays.com\/fi\/wp-json\/wp\/v2\/categories?post=132961"},{"taxonomy":"post_tag","embeddable":true,"href":"https:\/\/www.europesays.com\/fi\/wp-json\/wp\/v2\/tags?post=132961"}],"curies":[{"name":"wp","href":"https:\/\/api.w.org\/{rel}","templated":true}]}}