{"id":132963,"date":"2026-01-04T05:02:12","date_gmt":"2026-01-04T05:02:12","guid":{"rendered":"https:\/\/www.europesays.com\/fi\/132963\/"},"modified":"2026-01-04T05:02:12","modified_gmt":"2026-01-04T05:02:12","slug":"riihimaelle-omat-kadut-helena-tynellille-ja-nanny-stillille","status":"publish","type":"post","link":"https:\/\/www.europesays.com\/fi\/132963\/","title":{"rendered":"Riihim\u00e4elle omat kadut Helena Tynellille ja Nanny Stillille"},"content":{"rendered":"<p>Riihim\u00e4en kaupunki nime\u00e4\u00e4 kaksi katua suomalaisten lasitaitelijoiden mukaan. Mattilantie ja osa Etel\u00e4n Viertotiest\u00e4 muutetaan Helena Tynellin kaduksi sek\u00e4 alkuosa Etel\u00e4isest\u00e4 Viertotiest\u00e4 muutetaan Nanny Stillin kaduksi. Merkitt\u00e4vien lasitaiteilijoin mukaan nimetyt kadut ovat osa Riihim\u00e4en kaupungin tavoitetta kasvattaa tunnettuutta lasikaupunkina.<\/p>\n<p>\u201dHelena Tynell ja Nanny Still kuuluivat Riihim\u00e4en lasin merkitt\u00e4vimpiin suunnittelijoihin. He ovat olleet luomassa Riihim\u00e4est\u00e4 lasikaupunkia. Lasin tarina on osa Riihim\u00e4en kaupungin identiteetti\u00e4 ja aitoa kulttuuriperint\u00f6\u00e4. Kaupungin lasihistoria ansaitsee lis\u00e4\u00e4 n\u00e4kyvyytt\u00e4 kaupungin arjessa ja katukuvassa\u201d, elinvoimajohtaja Anna-Riitta Kujala sanoo.<\/p>\n<p>Tynellin ja Stillin nime\u00e4 kantavat kadut ovat jatkumoa Riihim\u00e4en lasi Oy:n vanhan lasitehtaan ja Kumelan kaupunginosan lasiaiheisille kadun nimille. Vanhan lasitehtaan alueelta l\u00f6ytyy muun muassa Ilveskatu, Kolehmaisenkatu, Maikinpolku ja Aimo Okkolinin puisto. Kumelasta puolestaan l\u00f6ytyy Hyttitie, Hyttimestarinkatu, Upokkaantie, Pillikatu ja Puhaltajankatu.<\/p>\n<p>Lasikaupunki tarvitsee tekoja<\/p>\n<p>Kaupungin sis\u00e4\u00e4ntulov\u00e4ylien nimet muuttuvat, kun elinvoimajohtaja Kujalan perjantaina 2. tammikuuta 2026 tekem\u00e4 viranhaltijap\u00e4\u00e4t\u00f6s on tullut lainvoimaiseksi. Katujen nimien muutos koskee ensisijaisen osoitteen osalta viitt\u00e4 kiinteist\u00f6\u00e4.<\/p>\n<p>\u201dKaupungilla on k\u00e4siss\u00e4\u00e4n ainutlaatuinen\u00a0kulttuurihistoriallinen\u00a0valttikortti.\u00a0 Lasikaupunki ei synny pelk\u00e4st\u00e4 puheesta, vaan siihen tarvitaan my\u00f6s tekoja. Katujen nimien muuttaminen on yksi n\u00e4ist\u00e4 teoista\u201d, Kujala kertoo.<\/p>\n<p>Kaupunki juhlistaa uusia katuja avajaistilaisuudella. Tilaisuus j\u00e4rjestet\u00e4\u00e4n kev\u00e4\u00e4n 2026 aikana. Kaupunki tiedottaa tilaisuuden ajankohdasta ja sis\u00e4ll\u00f6st\u00e4 tarkemmin viranhaltijap\u00e4\u00e4t\u00f6ksen tultua lainvoimaiseksi.<\/p>\n<p>Muutoksesta kuulemiskierros<\/p>\n<p>Kaupunki kuuli kev\u00e4\u00e4ll\u00e4 2025 kiinteist\u00f6n omistajia katujen nimien muutoksesta. Kuulemisen seurauksena kaupunki sai aiheesta kaksitoista muistutusta. Lis\u00e4ksi kaupunkilaiset antoivat aiheesta palautetta kaupungin s\u00e4hk\u00f6isess\u00e4 palautepalvelussa ja keskustelivat aiheesta vilkkaasti sosiaalisessa mediassa. Nimist\u00f6muutokseen liittyv\u00e4t kannanotot jakautuivat tasaisesti puolesta ja vastaan.<\/p>\n<p>Kaupungin nimist\u00f6asioiden asiantuntijaelin eli nimist\u00f6toimikunta k\u00e4sitteli katujen nimien muutoksia kev\u00e4\u00e4ll\u00e4 2025. Toimikunta oli nimen muutosten kannalla. Koska aihe her\u00e4tti paljon julkista keskustelua, nimiasiaan pyydettiin ev\u00e4styst\u00e4 elinvoimalautakunnalta. Lautakunta ei kannattanut nimien muutosta.<\/p>\n<p>Kaupungit nime\u00e4v\u00e4t kadut l\u00e4ht\u00f6kohtaisesti asemakaavassa. Laki mahdollistaa kadun nimen muuttamiseen my\u00f6s erillisell\u00e4 p\u00e4\u00e4t\u00f6ksell\u00e4. Riihim\u00e4ell\u00e4 kadun nimien muutoksista p\u00e4\u00e4tt\u00e4\u00e4 kaavoitusp\u00e4\u00e4llikk\u00f6 tai saman toimivallan omaava elinvoimajohtaja.<\/p>\n<p>Riihim\u00e4ki hy\u00f6dynt\u00e4\u00e4 juuriaan lasikaupunkina<\/p>\n<p>Riihim\u00e4ki hy\u00f6dynt\u00e4\u00e4 tunnettuuden rakentamisessa vahvoja juuriaan lasikaupunkina. Riihim\u00e4en Lasi Oy (1910\u20131990) oli aikanaan Pohjoismaiden suurin lasitehdas. Lis\u00e4ksi seudulla on vuosikymmenten saatossa toiminut useita lasitehtaita.<\/p>\n<p>Oman katunsa saava lasitaiteilija Helena Tynell (1918\u20132016) teki ty\u00f6t\u00e4 etenkin lasin ja keramiikan parissa ja suunnitteli monipuolisesti suomalaisille, ruotsalaisille, saksalaisille ja amerikkalaisille yrityksille. Tynellille ominaista on graafinen ja veistoksellinen muotoilu. H\u00e4net tunnetaan etenkin Aurinkopullon suunnittelijana.<\/p>\n<p>Lasitaiteilija Nanny Still (1926\u20132009) tunnetaan etenkin Harlekiini-lasistosta, mutta my\u00f6s Flindari-pullot ovat muodostunet ker\u00e4ilyklassikoiksi.\u00a0 Still aloitti heti Taideteollisuuskeskuskoulusta vuonna 1949 valmistettuaan vakituisena suunnittelijana Riihim\u00e4en Lasi Oy:ss\u00e4. Still asui vuodesta 1959 eteenp\u00e4in Brysseliss\u00e4 ja suunnitteli lasia useisiin eri maihin.<\/p>\n<p>Suomen lasimuseo on Riihim\u00e4en suosituin vierailukohde<\/p>\n<p>Suomen lasimuseo avautui nykyisiin tiloihinsa vuonna 1981. Museon\u00e4yttelyt suunnitteli akateemikko Tapio Wirkkala. Museorakennus on rakennettu alun perin Paloheimo Oy:n turvejauhetehtaaksi vuonna 1914. Rakennuksessa on toiminut my\u00f6s muovitehdas ja silkkipaino, sek\u00e4 viimeksi Riihim\u00e4en lasin kristallihiomo.<\/p>\n<p>Suomen lasimuseo kuuluu maailman arvostetuimpiin lasimuseoihin New Yorkissa sijaitsevan Corning Museum of Glassin sek\u00e4 Lontoossa sijaitsevan Victoria and Albert Museumin lis\u00e4ksi.<\/p>\n<p>Osana lasikaupunkity\u00f6t\u00e4 Riihim\u00e4ki j\u00e4rjesti kes\u00e4kuussa 2025 kansainv\u00e4lisen lasibiennaalin, Finnish Glass Biennalen. Tapahtuma kutsui lasin yst\u00e4v\u00e4t kes\u00e4kuussa viikoksi Riihim\u00e4elle, Iittalaan ja Nuutaj\u00e4rvelle.<\/p>\n<p>Lis\u00e4tietoja<\/p>\n<p><a href=\"https:\/\/kunta2.riihimaki.fi\/ktwebscr\/vparhaku_tweb.htm\" rel=\"nofollow noopener\" target=\"_blank\">Tutustu Riihim\u00e4en kaupungin viranhaltijap\u00e4\u00e4t\u00f6ksiin.<\/a><\/p>\n<p><a href=\"https:\/\/www.riihimaki.fi\/koe-ja-nae\/lasikaupunki-riihimaki\/\" rel=\"nofollow noopener\" target=\"_blank\">Tutustu Riihim\u00e4ki lasikaupunki -sivuun.<\/a><\/p>\n<p><a href=\"https:\/\/www.riihimaki.fi\/tiedotteet\/helena-tynellin-ja-nanny-stillin-katujen-nimeaminen-elinvoimalautakuntaan\/\" rel=\"nofollow noopener\" target=\"_blank\">Lue aiempi uutinen (elokuu 2025): Helena Tynellin ja Nanny Stillin katujen nime\u00e4minen elinvoimalautakuntaan.<\/a><\/p>\n<p><a href=\"https:\/\/www.riihimaki.fi\/tiedotteet\/helena-tynell-ja-nanny-still-saavat-riihimaelta-omat-kadut\/\" rel=\"nofollow noopener\" target=\"_blank\">Lue aiempi uutinen (huhtikuu 2025): Helena Tynell ja Nanny Still saavat Riihim\u00e4elt\u00e4 omat kadut.<\/a><\/p>\n<p><a href=\"https:\/\/www.riihimaki.fi\/tiedotteet\/riihimaki-puhaltaa-henkiin-lasikaupungin-perinteen\/\" rel=\"nofollow noopener\" target=\"_blank\">Lue aiempi uutinen (joulukuu 2024): Riihim\u00e4ki puhaltaa henkiin lasikaupungin perinteen.<\/a><\/p>\n","protected":false},"excerpt":{"rendered":"Riihim\u00e4en kaupunki nime\u00e4\u00e4 kaksi katua suomalaisten lasitaitelijoiden mukaan. Mattilantie ja osa Etel\u00e4n Viertotiest\u00e4 muutetaan Helena Tynellin kaduksi sek\u00e4&hellip;\n","protected":false},"author":2,"featured_media":132964,"comment_status":"","ping_status":"","sticky":false,"template":"","format":"standard","meta":{"footnotes":""},"categories":[5],"tags":[22,23,26,27,33,31,30,17,24,25,28,29,15,18,21,32,19,20,16],"class_list":{"0":"post-132963","1":"post","2":"type-post","3":"status-publish","4":"format-standard","5":"has-post-thumbnail","7":"category-otsikot","8":"tag-breaking-news","9":"tag-breakingnews","10":"tag-featured-news","11":"tag-featurednews","12":"tag-fi","13":"tag-finland","14":"tag-finnish","15":"tag-headlines","16":"tag-latest-news","17":"tag-latestnews","18":"tag-main-news","19":"tag-mainnews","20":"tag-news","21":"tag-otsikot","22":"tag-paauutiset","23":"tag-suomi","24":"tag-top-stories","25":"tag-topstories","26":"tag-uutiset"},"share_on_mastodon":{"url":"https:\/\/pubeurope.com\/@fi\/115835079435479292","error":""},"_links":{"self":[{"href":"https:\/\/www.europesays.com\/fi\/wp-json\/wp\/v2\/posts\/132963","targetHints":{"allow":["GET"]}}],"collection":[{"href":"https:\/\/www.europesays.com\/fi\/wp-json\/wp\/v2\/posts"}],"about":[{"href":"https:\/\/www.europesays.com\/fi\/wp-json\/wp\/v2\/types\/post"}],"author":[{"embeddable":true,"href":"https:\/\/www.europesays.com\/fi\/wp-json\/wp\/v2\/users\/2"}],"replies":[{"embeddable":true,"href":"https:\/\/www.europesays.com\/fi\/wp-json\/wp\/v2\/comments?post=132963"}],"version-history":[{"count":0,"href":"https:\/\/www.europesays.com\/fi\/wp-json\/wp\/v2\/posts\/132963\/revisions"}],"wp:featuredmedia":[{"embeddable":true,"href":"https:\/\/www.europesays.com\/fi\/wp-json\/wp\/v2\/media\/132964"}],"wp:attachment":[{"href":"https:\/\/www.europesays.com\/fi\/wp-json\/wp\/v2\/media?parent=132963"}],"wp:term":[{"taxonomy":"category","embeddable":true,"href":"https:\/\/www.europesays.com\/fi\/wp-json\/wp\/v2\/categories?post=132963"},{"taxonomy":"post_tag","embeddable":true,"href":"https:\/\/www.europesays.com\/fi\/wp-json\/wp\/v2\/tags?post=132963"}],"curies":[{"name":"wp","href":"https:\/\/api.w.org\/{rel}","templated":true}]}}