{"id":132969,"date":"2026-01-04T05:21:10","date_gmt":"2026-01-04T05:21:10","guid":{"rendered":"https:\/\/www.europesays.com\/fi\/132969\/"},"modified":"2026-01-04T05:21:10","modified_gmt":"2026-01-04T05:21:10","slug":"vilma-nissinen-vaisuna-vantaa-kommenttiensa-aiheuttamasta-kohusta-elamassa-joskus-pahempiakin-asioita-urheilua-lyhyesti","status":"publish","type":"post","link":"https:\/\/www.europesays.com\/fi\/132969\/","title":{"rendered":"Vilma Nissinen vaisuna Vantaa-kommenttiensa aiheuttamasta kohusta: \u201dEl\u00e4m\u00e4ss\u00e4 joskus pahempiakin asioita\u201d | Urheilua lyhyesti"},"content":{"rendered":"<p class=\"aw-1gybjub aw-5vja16 kEtdKx kmuxyA yle__article__paragraph\">Vilma Nissinen selvisi kolmatta kertaa urallaan maailman\u00adcupin sprintti\u00adkarsinnasta jatkoon. <\/p>\n<p><img decoding=\"async\" alt=\"Vilma Nissinen sprintin karsinnassa 3.1.2026.\" src=\"https:\/\/www.europesays.com\/fi\/wp-content\/uploads\/2026\/01\/39-157685169592cae24773.jpeg\" class=\"aw-1l9m598 hKVVvP\"\/><\/p>\n<p>Avaa kuvien katselu<\/p>\n<p>Vilma Nissinen selvitti sprinttikarsinnan. Kuva: Action Press \/ Arnd Wiegmann \/ AOP<\/p>\n<p class=\"aw-1gybjub aw-1p7kakr kEtdKx cEmitX yle__article__paragraph\">Suomalaishiiht\u00e4j\u00e4 <strong class=\"aw-ak79eh KyCXm yle__article__strong\">Vilma Nissisell\u00e4<\/strong> on menossa uransa paras kausi.<\/p>\n<p class=\"aw-1gybjub aw-1p7kakr kEtdKx cEmitX yle__article__paragraph\">Tour de Skin viimeist\u00e4 edellisell\u00e4 etapilla lauantaina Nissinen oli sprinttikarsinnan 17:s (+10,57). Nissinen selvisi kolmatta kertaa urallaan sprintin er\u00e4vaiheisiin maailmancupissa.<\/p>\n<p class=\"aw-1gybjub aw-1p7kakr kEtdKx cEmitX yle__article__paragraph\">Er\u00e4vaiheessa Nissinen ei pystynyt en\u00e4\u00e4 vastaamaan, kun Sveitsin <strong class=\"aw-ak79eh KyCXm yle__article__strong\">Nadine F\u00e4hndrich<\/strong> piti kovaa vauhtia. Nissinen j\u00e4i er\u00e4ns\u00e4 viimeiseksi.<\/p>\n<p class=\"aw-1gybjub aw-1p7kakr kEtdKx cEmitX yle__article__paragraph\">Nissinen on ollut viime p\u00e4iv\u00e4t kohun keskell\u00e4, koska h\u00e4n vertasi torstaina takaa-ajokisan j\u00e4lkeen Vantaan Hakunilaa ja Somalian p\u00e4\u00e4kaupunkia Mogadishua.<\/p>\n<p class=\"aw-1gybjub aw-1p7kakr kEtdKx cEmitX yle__article__paragraph\">Suomen hiihtoliitto julkaisi perjantaina tiedotteen aiheesta ja kertoi tuomitsevansa Nissisen lausunnot. Hiihtoliiton mukaan Nissisen lausunto ei edusta Hiihtoliiton kantaa, arvoja tai toimintaperiaatteita.<\/p>\n<p class=\"aw-1gybjub aw-1p7kakr kEtdKx cEmitX yle__article__paragraph\">\u2013 Heti kilpailun j\u00e4lkeen antamani kommentti oli sopimaton ja asiaton. Pyyd\u00e4n sit\u00e4 vilpitt\u00f6m\u00e4sti anteeksi, Nissinen totesi tiedotteessa.<\/p>\n<p><img decoding=\"async\" alt=\"Vilma Nissinen Davosin maailmancupissa 12.12.2025.\" src=\"https:\/\/www.europesays.com\/fi\/wp-content\/uploads\/2026\/01\/1767504070_400_39-15766196957cb2260996.jpeg\" class=\"aw-1l9m598 hKVVvP\"\/><\/p>\n<p class=\"aw-1gybjub aw-1p7kakr kEtdKx cEmitX yle__article__paragraph\">Lauantaina sprintin karsinnan j\u00e4lkeen Nissinen otti linjan, jossa h\u00e4n vastasi kaikkiin kysymyksiin samalla tavalla.<\/p>\n<p class=\"aw-1gybjub aw-1p7kakr kEtdKx cEmitX yle__article__paragraph\">\u2013 No enp\u00e4 sano mitt\u00e4\u00e4n, Nissinen vastaili Ylen kuten my\u00f6s Viaplayn kysymyksiin karsinnan j\u00e4lkeen.<\/p>\n<p class=\"aw-1gybjub aw-1p7kakr kEtdKx cEmitX yle__article__paragraph\">Puhutko my\u00f6hemmin t\u00e4n\u00e4\u00e4n p\u00e4iv\u00e4ll\u00e4 jotain? tiedusteli karsinnan j\u00e4lkeen Ylen toimittaja <strong class=\"aw-ak79eh KyCXm yle__article__strong\">Laura Arffman<\/strong>.<\/p>\n<p class=\"aw-1gybjub aw-1p7kakr kEtdKx cEmitX yle__article__paragraph\">\u2013 Jaa-a, Nissinen sanoi, kohautti olkap\u00e4it\u00e4\u00e4n ja poistui.<\/p>\n<p>Vilma Nissinen lyhytsanaisena haastattelussa karsinnan j\u00e4lkeen.<\/p>\n<p class=\"aw-1gybjub aw-1p7kakr kEtdKx cEmitX yle__article__paragraph\">Er\u00e4vaiheen j\u00e4lkeen Nissinen oli hieman enemm\u00e4n juttelutuulella. Nissinen eteni siis kolmatta kertaa sprintin er\u00e4vaiheeseen ja toista kertaa juuri Val di Fiemmess\u00e4.<\/p>\n<p class=\"aw-1gybjub aw-1p7kakr kEtdKx cEmitX yle__article__paragraph\">\u2013 En min\u00e4 oikein tied\u00e4, onko t\u00e4m\u00e4 minulle sen merkityksellisempi paikka, mutta halusin l\u00e4hte\u00e4 taistelemaan kokonais-Touria. T\u00e4m\u00e4 oli sen kannalta t\u00e4rke\u00e4 p\u00e4iv\u00e4. En tied\u00e4, hy\u00f6dyink\u00f6 tuosta niin paljon, mutta tulipahan uusia kokemuksia.<\/p>\n<p class=\"aw-1gybjub aw-1p7kakr kEtdKx cEmitX yle__article__paragraph\">Nissinen, 28, on vahvasti kiinni olympiapaikassa.<\/p>\n<p class=\"aw-1gybjub aw-1p7kakr kEtdKx cEmitX yle__article__paragraph\"><strong class=\"aw-ak79eh KyCXm yle__article__strong\">Millaisia ajatuksia se her\u00e4tt\u00e4\u00e4 ennen Tourin p\u00e4\u00e4t\u00f6sp\u00e4iv\u00e4\u00e4?<\/strong><\/p>\n<p class=\"aw-1gybjub aw-1p7kakr kEtdKx cEmitX yle__article__paragraph\">\u2013 T\u00e4m\u00e4 on ollut minun urani paras kausi ja toivotaan, ett\u00e4 jatkuu sellaisena. Kiva oli p\u00e4\u00e4st\u00e4 hiiht\u00e4m\u00e4\u00e4n t\u00e4n\u00e4\u00e4n ja antamaan varmasti jonkinlaisia n\u00e4ytt\u00f6j\u00e4. Huomista kohti.<\/p>\n<p class=\"aw-1gybjub aw-1p7kakr kEtdKx cEmitX yle__article__paragraph\"><strong class=\"aw-ak79eh KyCXm yle__article__strong\">Hieno suoritus kovista p\u00e4ivist\u00e4 huolimatta. Kuinka kovia p\u00e4iv\u00e4t ovat olleet?<\/strong><\/p>\n<p class=\"aw-1gybjub aw-1p7kakr kEtdKx cEmitX yle__article__paragraph\">\u2013 No en siit\u00e4 halua sanoa mit\u00e4\u00e4n.<\/p>\n<p class=\"aw-1gybjub aw-1p7kakr kEtdKx cEmitX yle__article__paragraph\"><strong class=\"aw-ak79eh KyCXm yle__article__strong\">Mutta jaksatko ihan hyvin?<\/strong><\/p>\n<p class=\"aw-1gybjub aw-1p7kakr kEtdKx cEmitX yle__article__paragraph\">\u2013 No on minulla el\u00e4m\u00e4ss\u00e4 joskus pahempiakin asioita sattunut.<\/p>\n","protected":false},"excerpt":{"rendered":"Vilma Nissinen selvisi kolmatta kertaa urallaan maailman\u00adcupin sprintti\u00adkarsinnasta jatkoon. Avaa kuvien katselu Vilma Nissinen selvitti sprinttikarsinnan. Kuva: Action&hellip;\n","protected":false},"author":2,"featured_media":132970,"comment_status":"","ping_status":"","sticky":false,"template":"","format":"standard","meta":{"footnotes":""},"categories":[158],"tags":[33,31,30,2095,2096,18916,2668,159,32,22116,160,23282],"class_list":{"0":"post-132969","1":"post","2":"type-post","3":"status-publish","4":"format-standard","5":"has-post-thumbnail","7":"category-urheilu","8":"tag-fi","9":"tag-finland","10":"tag-finnish","11":"tag-hiihto","12":"tag-hiihtolajit","13":"tag-maastohiihdon-maailmancup","14":"tag-pohjoismaiset-hiihtolajit","15":"tag-sports","16":"tag-suomi","17":"tag-tour-de-ski","18":"tag-urheilu","19":"tag-vilma-nissinen"},"share_on_mastodon":{"url":"https:\/\/pubeurope.com\/@fi\/115835154134438936","error":""},"_links":{"self":[{"href":"https:\/\/www.europesays.com\/fi\/wp-json\/wp\/v2\/posts\/132969","targetHints":{"allow":["GET"]}}],"collection":[{"href":"https:\/\/www.europesays.com\/fi\/wp-json\/wp\/v2\/posts"}],"about":[{"href":"https:\/\/www.europesays.com\/fi\/wp-json\/wp\/v2\/types\/post"}],"author":[{"embeddable":true,"href":"https:\/\/www.europesays.com\/fi\/wp-json\/wp\/v2\/users\/2"}],"replies":[{"embeddable":true,"href":"https:\/\/www.europesays.com\/fi\/wp-json\/wp\/v2\/comments?post=132969"}],"version-history":[{"count":0,"href":"https:\/\/www.europesays.com\/fi\/wp-json\/wp\/v2\/posts\/132969\/revisions"}],"wp:featuredmedia":[{"embeddable":true,"href":"https:\/\/www.europesays.com\/fi\/wp-json\/wp\/v2\/media\/132970"}],"wp:attachment":[{"href":"https:\/\/www.europesays.com\/fi\/wp-json\/wp\/v2\/media?parent=132969"}],"wp:term":[{"taxonomy":"category","embeddable":true,"href":"https:\/\/www.europesays.com\/fi\/wp-json\/wp\/v2\/categories?post=132969"},{"taxonomy":"post_tag","embeddable":true,"href":"https:\/\/www.europesays.com\/fi\/wp-json\/wp\/v2\/tags?post=132969"}],"curies":[{"name":"wp","href":"https:\/\/api.w.org\/{rel}","templated":true}]}}