{"id":13297,"date":"2025-08-22T16:28:10","date_gmt":"2025-08-22T16:28:10","guid":{"rendered":"https:\/\/www.europesays.com\/fi\/13297\/"},"modified":"2025-08-22T16:28:10","modified_gmt":"2025-08-22T16:28:10","slug":"asikkalan-viitailassa-susihavainto-koululaiset-saivat-varoittavan-wilma-viestin-paijat-hame","status":"publish","type":"post","link":"https:\/\/www.europesays.com\/fi\/13297\/","title":{"rendered":"Asikkalan Viitailassa susihavainto \u2013 koululaiset saivat varoittavan Wilma-viestin | P\u00e4ij\u00e4t-H\u00e4me"},"content":{"rendered":"<p>Paikallinen mets\u00e4st\u00e4j\u00e4 havaitsi torstaina suden. Mets\u00e4st\u00e4j\u00e4n koira menehtyi kohtaamisessa. Tapaukseen liittyvist\u00e4 susista ei kuitenkaan ole erityist\u00e4 vaaraa ihmisille.<\/p>\n<p>Asikkalan Viitailassa on havaittu susi tai susia. Havainnoista ilmoitettiin Wilma-viestill\u00e4 sek\u00e4 Aurinkovuoren koulun ett\u00e4 V\u00e4\u00e4ksyn yhteiskoulun oppilaiden vanhemmille.<\/p>\n","protected":false},"excerpt":{"rendered":"Paikallinen mets\u00e4st\u00e4j\u00e4 havaitsi torstaina suden. Mets\u00e4st\u00e4j\u00e4n koira menehtyi kohtaamisessa. Tapaukseen liittyvist\u00e4 susista ei kuitenkaan ole erityist\u00e4 vaaraa ihmisille.&hellip;\n","protected":false},"author":2,"featured_media":13298,"comment_status":"","ping_status":"","sticky":false,"template":"","format":"standard","meta":{"footnotes":""},"categories":[112],"tags":[3322,404,33,31,30,757,683,930,785,118,591,32,119],"class_list":{"0":"post-13297","1":"post","2":"type-post","3":"status-publish","4":"format-standard","5":"has-post-thumbnail","7":"category-tiede","8":"tag-asikkala","9":"tag-elaimet","10":"tag-fi","11":"tag-finland","12":"tag-finnish","13":"tag-koulutus-ja-kasvatus","14":"tag-kuolema","15":"tag-metsastys-ja-kalastus","16":"tag-nisakkaat","17":"tag-science","18":"tag-selkarankaiset","19":"tag-suomi","20":"tag-tiede"},"share_on_mastodon":{"url":"","error":""},"_links":{"self":[{"href":"https:\/\/www.europesays.com\/fi\/wp-json\/wp\/v2\/posts\/13297","targetHints":{"allow":["GET"]}}],"collection":[{"href":"https:\/\/www.europesays.com\/fi\/wp-json\/wp\/v2\/posts"}],"about":[{"href":"https:\/\/www.europesays.com\/fi\/wp-json\/wp\/v2\/types\/post"}],"author":[{"embeddable":true,"href":"https:\/\/www.europesays.com\/fi\/wp-json\/wp\/v2\/users\/2"}],"replies":[{"embeddable":true,"href":"https:\/\/www.europesays.com\/fi\/wp-json\/wp\/v2\/comments?post=13297"}],"version-history":[{"count":0,"href":"https:\/\/www.europesays.com\/fi\/wp-json\/wp\/v2\/posts\/13297\/revisions"}],"wp:featuredmedia":[{"embeddable":true,"href":"https:\/\/www.europesays.com\/fi\/wp-json\/wp\/v2\/media\/13298"}],"wp:attachment":[{"href":"https:\/\/www.europesays.com\/fi\/wp-json\/wp\/v2\/media?parent=13297"}],"wp:term":[{"taxonomy":"category","embeddable":true,"href":"https:\/\/www.europesays.com\/fi\/wp-json\/wp\/v2\/categories?post=13297"},{"taxonomy":"post_tag","embeddable":true,"href":"https:\/\/www.europesays.com\/fi\/wp-json\/wp\/v2\/tags?post=13297"}],"curies":[{"name":"wp","href":"https:\/\/api.w.org\/{rel}","templated":true}]}}