{"id":132975,"date":"2026-01-04T05:27:07","date_gmt":"2026-01-04T05:27:07","guid":{"rendered":"https:\/\/www.europesays.com\/fi\/132975\/"},"modified":"2026-01-04T05:27:07","modified_gmt":"2026-01-04T05:27:07","slug":"uudessa-lihavuustutkijat-podcastissa-keskustellaan-paljon-muustakin-kuin-painosta","status":"publish","type":"post","link":"https:\/\/www.europesays.com\/fi\/132975\/","title":{"rendered":"Uudessa Lihavuustutkijat-podcastissa keskustellaan paljon muustakin kuin painosta"},"content":{"rendered":"<p><strong><\/p>\n<p>Lihavuus, sen hoitomuodot ja aiheeseen liittyv\u00e4 keskustelukulttuuri ovat olleet viime vuosina vahvasti esill\u00e4 julkisuudessa. Vaikka kiinnostus on suurta, keskustelu voi helposti painottua kielteisiin n\u00e4k\u00f6kulmiin ja v\u00e4\u00e4rink\u00e4sityksiin. T\u00e4t\u00e4 haluavat muuttaa tutkijatohtorit Juulia Lautaoja-Kivipelto (Oulun yliopisto) ja Johanna Matilainen (Helsingin yliopisto), jotka lanseeraavat uuden Lihavuustutkijat-podcastin.<\/p>\n<p><\/strong><\/p>\n<p>Podcastin tavoitteena on tarjota helposti l\u00e4hestytt\u00e4v\u00e4, tutkimustietoon perustuva ja kaikkia kunnioittavaan puheeseen kannustava alusta lihavuuteen liittyv\u00e4lle keskustelulle. Tekij\u00e4t haluavat v\u00e4hent\u00e4\u00e4 aiheeseen liitetty\u00e4 stigmaa ja tuoda esiin sek\u00e4 tutkimusta tekevien ett\u00e4 lihavuuden kanssa el\u00e4vien \u00e4\u00e4ni\u00e4.<\/p>\n<p>\u201cHaluamme luoda tilan avoimelle ja rakentavalle keskustelulle. Lihavuudesta puhutaan paljon, mutta harvemmin ainakaan somessa faktoihin perustuen tai menem\u00e4tt\u00e4 henkil\u00f6kohtaisuuksiin. T\u00e4t\u00e4 keskustelukulttuuria me toivomme pystyv\u00e4mme muuttamaan. Tervetuloa siis mukaan ja osallistumaan asialliseen ja inhimillisemp\u00e4\u00e4n keskusteluun lihavuudesta!\u201d, Matilainen ja Lautaoja-Kivipelto toivottavat.<\/p>\n<p>Podcastin kohdeyleis\u00f6 on laaja: mukaan ovat l\u00e4mpim\u00e4sti tervetulleita kaikki, joita kiinnostaa lihavuus ilmi\u00f6n\u00e4, terveyden n\u00e4k\u00f6kulmasta tai omakohtaisten kokemusten kautta.<\/p>\n<p>Monipuolinen sis\u00e4lt\u00f6 ja asiantuntijavieraita<\/p>\n<p>Lihavuustutkijat-podcastissa kuullaan eri alojen tutkijoita, terveydenhuollon ammattilaisia ja muita asiantuntijoita. Jaksoissa avataan tieteellisi\u00e4 k\u00e4sitteit\u00e4 selkokielisesti ja nostetaan esiin my\u00f6s potilaiden, perheiden ja nuorten kokemuksia lihavuudesta ja siihen liittyvist\u00e4 aiheista.<\/p>\n<p>Ensimm\u00e4isell\u00e4 kaudella k\u00e4sitell\u00e4\u00e4n muun muassa:<\/p>\n<ul type=\"disc\">\n<li>lihavuuteen liittyv\u00e4\u00e4 h\u00e4pe\u00e4leimaa eli stigmaa<\/li>\n<li>lihavuuden l\u00e4\u00e4ke- ja leikkaushoitoja<\/li>\n<li>sy\u00f6miseen liittyvi\u00e4 tekij\u00f6it\u00e4<\/li>\n<li>lasten ja nuorten terveytt\u00e4<\/li>\n<li>yhteiskunnallisia teemoja, kuten hoitoon p\u00e4\u00e4sy\u00e4, verotusta ja palveluiden kehitt\u00e4mist\u00e4.<\/li>\n<\/ul>\n<p>Lihavuustutkijat-podcastin <a href=\"https:\/\/open.spotify.com\/show\/5Lzbt5Yw25AQscREYJ8dLc\" rel=\"nofollow noopener\" target=\"_blank\">ensimm\u00e4inen jakso on jo julkaistu Spotifyssa<\/a>.<strong> <\/strong>Uusia jaksoja ilmestyy kahden viikon v\u00e4lein keskiviikkoisin.<\/p>\n","protected":false},"excerpt":{"rendered":"Lihavuus, sen hoitomuodot ja aiheeseen liittyv\u00e4 keskustelukulttuuri ovat olleet viime vuosina vahvasti esill\u00e4 julkisuudessa. Vaikka kiinnostus on suurta,&hellip;\n","protected":false},"author":2,"featured_media":132976,"comment_status":"","ping_status":"","sticky":false,"template":"","format":"standard","meta":{"footnotes":""},"categories":[12],"tags":[22,23,26,27,33,31,30,17,24,25,28,29,15,18,21,32,19,20,16],"class_list":{"0":"post-132975","1":"post","2":"type-post","3":"status-publish","4":"format-standard","5":"has-post-thumbnail","7":"category-suomi","8":"tag-breaking-news","9":"tag-breakingnews","10":"tag-featured-news","11":"tag-featurednews","12":"tag-fi","13":"tag-finland","14":"tag-finnish","15":"tag-headlines","16":"tag-latest-news","17":"tag-latestnews","18":"tag-main-news","19":"tag-mainnews","20":"tag-news","21":"tag-otsikot","22":"tag-paauutiset","23":"tag-suomi","24":"tag-top-stories","25":"tag-topstories","26":"tag-uutiset"},"share_on_mastodon":{"url":"https:\/\/pubeurope.com\/@fi\/115835177634800274","error":""},"_links":{"self":[{"href":"https:\/\/www.europesays.com\/fi\/wp-json\/wp\/v2\/posts\/132975","targetHints":{"allow":["GET"]}}],"collection":[{"href":"https:\/\/www.europesays.com\/fi\/wp-json\/wp\/v2\/posts"}],"about":[{"href":"https:\/\/www.europesays.com\/fi\/wp-json\/wp\/v2\/types\/post"}],"author":[{"embeddable":true,"href":"https:\/\/www.europesays.com\/fi\/wp-json\/wp\/v2\/users\/2"}],"replies":[{"embeddable":true,"href":"https:\/\/www.europesays.com\/fi\/wp-json\/wp\/v2\/comments?post=132975"}],"version-history":[{"count":0,"href":"https:\/\/www.europesays.com\/fi\/wp-json\/wp\/v2\/posts\/132975\/revisions"}],"wp:featuredmedia":[{"embeddable":true,"href":"https:\/\/www.europesays.com\/fi\/wp-json\/wp\/v2\/media\/132976"}],"wp:attachment":[{"href":"https:\/\/www.europesays.com\/fi\/wp-json\/wp\/v2\/media?parent=132975"}],"wp:term":[{"taxonomy":"category","embeddable":true,"href":"https:\/\/www.europesays.com\/fi\/wp-json\/wp\/v2\/categories?post=132975"},{"taxonomy":"post_tag","embeddable":true,"href":"https:\/\/www.europesays.com\/fi\/wp-json\/wp\/v2\/tags?post=132975"}],"curies":[{"name":"wp","href":"https:\/\/api.w.org\/{rel}","templated":true}]}}