{"id":132987,"date":"2026-01-04T05:52:08","date_gmt":"2026-01-04T05:52:08","guid":{"rendered":"https:\/\/www.europesays.com\/fi\/132987\/"},"modified":"2026-01-04T05:52:08","modified_gmt":"2026-01-04T05:52:08","slug":"ranska-ja-britannia-pommittivat-vuoristoa-syyriassa","status":"publish","type":"post","link":"https:\/\/www.europesays.com\/fi\/132987\/","title":{"rendered":"Ranska ja Britannia pommittivat vuoristoa Syyriassa"},"content":{"rendered":"<p>Aseet|Maiden mukaan ne tuhosivat terrorij\u00e4rjest\u00f6 Isisille kuuluneen asevaraston.<\/p>\n<p>Lue tiivistelm\u00e4<\/p>\n<p class=\"article-body mb-nof-24 px-nof-16 sndp-summary-bullet-point-font\">Ranska ja Britannia pommittivat lauantai-iltana Syyrian keskiosassa vuoristossa sijaitsevaa kohdetta, joka oli terrorij\u00e4rjest\u00f6 Isisin entinen asevarasto.<\/p>\n<p class=\"article-body mb-nof-24 px-nof-16 sndp-summary-bullet-point-font\">Britannian puolustusministeri\u00f6n mukaan Palmyran rauniokaupungin pohjoispuolella sijaitsevan maanalaisen laitoksen tuhoamiseen k\u00e4ytettiin Paveway-pommeja.<\/p>\n<p class=\"article-body mb-nof-24 px-nof-16 sndp-summary-bullet-point-font\">Terrorij\u00e4rjest\u00f6 Isis hallitsi Syyriaa vuoteen 2019 asti, ja l\u00e4nsimaiden ilmavoimat ovat siit\u00e4 l\u00e4htien partioineet alueella.<\/p>\n<p class=\"article-body mb-nof-24 px-nof-16\">Ranska ja Britannia ovat iskeneet yhdess\u00e4 Syyriaan, kertoo uutistoimisto Reuters.<\/p>\n<p class=\"article-body mb-nof-24 px-nof-16\">Maiden ilmavoimat pommittivat lauantai-iltana Syyrian keskiosassa vuoristossa sijaitsevaa kohdetta, josta ne sanovat paikantaneensa asek\u00e4tk\u00f6n. Britannian puolustusministeri\u00f6n mukaan k\u00e4tk\u00f6n aseet olivat aiemmin Isisin k\u00e4yt\u00f6ss\u00e4.<\/p>\n<p class=\"article-body mb-nof-24 px-nof-16\">Terrorij\u00e4rjest\u00f6 Isis hallitsi Syyriaa vuoteen 2019 asti. L\u00e4nsimaiden, kuten Ranskan ja Britannian, ilmavoimat ovat siit\u00e4 asti partioineet Syyriassa.<\/p>\n<p class=\"article-body mb-nof-24 px-nof-16\">Maiden tiedustelutietojen mukaan Palmyran rauniokaupungin pohjoispuolella sijaitsevilta vuorilta paikannettiin maanalainen laitos, jonka uskotaan olleen ase- ja r\u00e4j\u00e4hdevarasto.<\/p>\n<p class=\"article-body mb-nof-24 px-nof-16\">\u201dLentokoneemme k\u00e4yttiv\u00e4t Paveway IV -pommeja useiden laitokseen johtavien tunneleiden pommittamiseen. Tarkka arviointi on viel\u00e4 kesken, mutta alustavien tietojen mukaan kohde tuhottiin onnistuneesti\u201d, Britannian puolustusministeri\u00f6 ilmoitti lausunnossaan.<\/p>\n<p class=\"article-body mb-nof-24 px-nof-16\">Britannian mukaan alueella ei ollut siviilej\u00e4 ennen iskua.<\/p>\n","protected":false},"excerpt":{"rendered":"Aseet|Maiden mukaan ne tuhosivat terrorij\u00e4rjest\u00f6 Isisille kuuluneen asevaraston. Lue tiivistelm\u00e4 Ranska ja Britannia pommittivat lauantai-iltana Syyrian keskiosassa vuoristossa&hellip;\n","protected":false},"author":2,"featured_media":96697,"comment_status":"","ping_status":"","sticky":false,"template":"","format":"standard","meta":{"footnotes":""},"categories":[14],"tags":[22,23,26,27,33,31,30,17,46,24,25,28,29,15,18,21,32,19,20,56,16,59,60,61],"class_list":{"0":"post-132987","1":"post","2":"type-post","3":"status-publish","4":"format-standard","5":"has-post-thumbnail","7":"category-ulkomaat","8":"tag-breaking-news","9":"tag-breakingnews","10":"tag-featured-news","11":"tag-featurednews","12":"tag-fi","13":"tag-finland","14":"tag-finnish","15":"tag-headlines","16":"tag-helsingin-sanomat","17":"tag-latest-news","18":"tag-latestnews","19":"tag-main-news","20":"tag-mainnews","21":"tag-news","22":"tag-otsikot","23":"tag-paauutiset","24":"tag-suomi","25":"tag-top-stories","26":"tag-topstories","27":"tag-ulkomaat","28":"tag-uutiset","29":"tag-world","30":"tag-world-news","31":"tag-worldnews"},"share_on_mastodon":{"url":"https:\/\/pubeurope.com\/@fi\/115835276057879632","error":""},"_links":{"self":[{"href":"https:\/\/www.europesays.com\/fi\/wp-json\/wp\/v2\/posts\/132987","targetHints":{"allow":["GET"]}}],"collection":[{"href":"https:\/\/www.europesays.com\/fi\/wp-json\/wp\/v2\/posts"}],"about":[{"href":"https:\/\/www.europesays.com\/fi\/wp-json\/wp\/v2\/types\/post"}],"author":[{"embeddable":true,"href":"https:\/\/www.europesays.com\/fi\/wp-json\/wp\/v2\/users\/2"}],"replies":[{"embeddable":true,"href":"https:\/\/www.europesays.com\/fi\/wp-json\/wp\/v2\/comments?post=132987"}],"version-history":[{"count":0,"href":"https:\/\/www.europesays.com\/fi\/wp-json\/wp\/v2\/posts\/132987\/revisions"}],"wp:featuredmedia":[{"embeddable":true,"href":"https:\/\/www.europesays.com\/fi\/wp-json\/wp\/v2\/media\/96697"}],"wp:attachment":[{"href":"https:\/\/www.europesays.com\/fi\/wp-json\/wp\/v2\/media?parent=132987"}],"wp:term":[{"taxonomy":"category","embeddable":true,"href":"https:\/\/www.europesays.com\/fi\/wp-json\/wp\/v2\/categories?post=132987"},{"taxonomy":"post_tag","embeddable":true,"href":"https:\/\/www.europesays.com\/fi\/wp-json\/wp\/v2\/tags?post=132987"}],"curies":[{"name":"wp","href":"https:\/\/api.w.org\/{rel}","templated":true}]}}