{"id":132988,"date":"2026-01-04T05:53:08","date_gmt":"2026-01-04T05:53:08","guid":{"rendered":"https:\/\/www.europesays.com\/fi\/132988\/"},"modified":"2026-01-04T05:53:08","modified_gmt":"2026-01-04T05:53:08","slug":"omakotitalon-hormissa-syttyi-tulipalo-haukiputaalla-pelastuslaitos-hormipalon-tunnistaa-kovasta-huminasta-ja-piipusta-puskevista-liekeista","status":"publish","type":"post","link":"https:\/\/www.europesays.com\/fi\/132988\/","title":{"rendered":"Omakotitalon hormissa syttyi tulipalo Haukiputaalla \u2013 Pelastuslaitos: Hormipalon tunnistaa kovasta huminasta ja piipusta puskevista liekeist\u00e4"},"content":{"rendered":"<p class=\"article__paragraph\">\n      Omakotitalon hormissa syttyi nokipalo Haukiputaan Rannantiell\u00e4 lauantai-iltana.\n    <\/p>\n<p class=\"article__paragraph\">\n      \u2013\u202fTakkaa oli l\u00e4mmitetty pitkin p\u00e4iv\u00e4\u00e4, kertoo p\u00e4ivyst\u00e4v\u00e4 palomestari Tapani Lehtel\u00e4 Pohjois-Pohjanmaan pelastuslaitokselta.\n    <\/p>\n<p class=\"article__paragraph\">\n      Paikalle tulleet pelastuslaitoksen yksik\u00f6t varmistivat, ett\u00e4 tuli ei ollut levinnyt talon rakenteisiin eik\u00e4 hormiin ollut tullut palossa halkeamia.\n    <\/p>\n<p class=\"article__paragraph\">\n      Lis\u00e4ksi pelastuslaitos tyhjensi tulisijasta loput hiillokset, jotta hormissa olevaa paloa voitiin hillit\u00e4 savupellin avulla.\n    <\/p>\n<p class=\"article__paragraph\">\n      Asukkaat olivat kotona, kun hormipalo syttyi. Lehtel\u00e4 kertoo, ett\u00e4 hormipalon yhteydess\u00e4 hormista rupeaa kuulumaan hyvin voimakasta humina ja piipusta tulee ulos liekkej\u00e4 tai voimakasta kipin\u00f6inti\u00e4.\n    <\/p>\n<p class=\"article__paragraph\">\n      Nokipalosta tuli hieman savua taloon sis\u00e4lle. Asukkaat pystyv\u00e4t kuitenkin j\u00e4\u00e4m\u00e4\u00e4n taloon asumaan. Nuohooja k\u00e4vi lis\u00e4ksi varmistamassa tulisijan kunnon.\n    <\/p>\n<p class=\"article__paragraph\">\n      Talon hormia oli nuohottu vuosittain.\n    <\/p>\n<p>      Nokipaloa ei saa sammuttaa vedell\u00e4<\/p>\n<p class=\"article__paragraph\">\n      Nokipalolle altistavat ep\u00e4t\u00e4ydellinen palaminen, jolloin hormin sis\u00e4pintaan kertyy hiilt\u00e4 ja pike\u00e4. Ne voivat sytty\u00e4 palamaan, kun tulisijassa pidet\u00e4\u00e4n tulta. My\u00f6s nuohouksen laiminly\u00f6nti on usein nokipalon taustalla.\n    <\/p>\n<p class=\"article__paragraph\">\n      Ep\u00e4t\u00e4ydellinen palaminen voi johtua esimerkiksi kosteista puista tai liian v\u00e4h\u00e4isest\u00e4 palamisilmasta.\n    <\/p>\n<p class=\"article__paragraph\">\n      Hormipalon syttyess\u00e4 hormiin ei saa laittaa vett\u00e4. Veden h\u00f6yrystyminen piipussa voi halkaista hormin, jolloin palo p\u00e4\u00e4see levi\u00e4m\u00e4\u00e4n rakenteisiin.\n    <\/p>\n<p class=\"article__paragraph\">\n      Palossa hormin l\u00e4mp\u00f6tila voi nousta yli tuhanteen asteeseen, pelastuslaitoksen tiedotteessa kerrotaan.\n    <\/p>\n<p class=\"article__paragraph\">\n      Nokipalon yhteydess\u00e4 paikalle pit\u00e4\u00e4 aina soittaa pelastuslaitos, joka tarkastaa hormin kunnon.\n    <\/p>\n<p class=\"article__paragraph\">\n      Pohjois-Pohjanmaan pelastuslaitokselta kerrotaan, ett\u00e4 hormipalot ovat v\u00e4hentyneet viime vuosina. Syit\u00e4 ovat s\u00e4\u00e4nn\u00f6llisempi nuohous sek\u00e4 tulisijojen v\u00e4h\u00e4isempi k\u00e4ytt\u00f6.\n    <\/p>\n<p class=\"article__note\">\n      Juttua p\u00e4ivitetty kello 21.28.\n    <\/p>\n<p class=\"article__note\">\n      Lis\u00e4tty tietoa hormipaloista kello 22.08.\n    <\/p>\n","protected":false},"excerpt":{"rendered":"Omakotitalon hormissa syttyi nokipalo Haukiputaan Rannantiell\u00e4 lauantai-iltana. \u2013\u202fTakkaa oli l\u00e4mmitetty pitkin p\u00e4iv\u00e4\u00e4, kertoo p\u00e4ivyst\u00e4v\u00e4 palomestari Tapani Lehtel\u00e4 Pohjois-Pohjanmaan&hellip;\n","protected":false},"author":2,"featured_media":132989,"comment_status":"","ping_status":"","sticky":false,"template":"","format":"standard","meta":{"footnotes":""},"categories":[12],"tags":[22,23,26,27,33,31,30,17,24,25,28,29,15,18,21,32,19,20,16],"class_list":{"0":"post-132988","1":"post","2":"type-post","3":"status-publish","4":"format-standard","5":"has-post-thumbnail","7":"category-suomi","8":"tag-breaking-news","9":"tag-breakingnews","10":"tag-featured-news","11":"tag-featurednews","12":"tag-fi","13":"tag-finland","14":"tag-finnish","15":"tag-headlines","16":"tag-latest-news","17":"tag-latestnews","18":"tag-main-news","19":"tag-mainnews","20":"tag-news","21":"tag-otsikot","22":"tag-paauutiset","23":"tag-suomi","24":"tag-top-stories","25":"tag-topstories","26":"tag-uutiset"},"share_on_mastodon":{"url":"https:\/\/pubeurope.com\/@fi\/115835279980923002","error":""},"_links":{"self":[{"href":"https:\/\/www.europesays.com\/fi\/wp-json\/wp\/v2\/posts\/132988","targetHints":{"allow":["GET"]}}],"collection":[{"href":"https:\/\/www.europesays.com\/fi\/wp-json\/wp\/v2\/posts"}],"about":[{"href":"https:\/\/www.europesays.com\/fi\/wp-json\/wp\/v2\/types\/post"}],"author":[{"embeddable":true,"href":"https:\/\/www.europesays.com\/fi\/wp-json\/wp\/v2\/users\/2"}],"replies":[{"embeddable":true,"href":"https:\/\/www.europesays.com\/fi\/wp-json\/wp\/v2\/comments?post=132988"}],"version-history":[{"count":0,"href":"https:\/\/www.europesays.com\/fi\/wp-json\/wp\/v2\/posts\/132988\/revisions"}],"wp:featuredmedia":[{"embeddable":true,"href":"https:\/\/www.europesays.com\/fi\/wp-json\/wp\/v2\/media\/132989"}],"wp:attachment":[{"href":"https:\/\/www.europesays.com\/fi\/wp-json\/wp\/v2\/media?parent=132988"}],"wp:term":[{"taxonomy":"category","embeddable":true,"href":"https:\/\/www.europesays.com\/fi\/wp-json\/wp\/v2\/categories?post=132988"},{"taxonomy":"post_tag","embeddable":true,"href":"https:\/\/www.europesays.com\/fi\/wp-json\/wp\/v2\/tags?post=132988"}],"curies":[{"name":"wp","href":"https:\/\/api.w.org\/{rel}","templated":true}]}}