{"id":132994,"date":"2026-01-04T06:09:07","date_gmt":"2026-01-04T06:09:07","guid":{"rendered":"https:\/\/www.europesays.com\/fi\/132994\/"},"modified":"2026-01-04T06:09:07","modified_gmt":"2026-01-04T06:09:07","slug":"tanaan-tvssa-jim-carreyn-komedia-saa-vatsalihakset-kramppiin-hulvaton-leffa-vuodelta-1994","status":"publish","type":"post","link":"https:\/\/www.europesays.com\/fi\/132994\/","title":{"rendered":"T\u00e4n\u00e4\u00e4n tv:ss\u00e4: &#8221;Jim Carreyn komedia saa vatsalihakset kramppiin&#8221; \u2013\u00a0Hulvaton leffa vuodelta 1994"},"content":{"rendered":"<p><strong>Jim Carrey<\/strong> ja <strong>Jeff Daniels <\/strong>ovat Lloyd ja Harry, hyv\u00e4syd\u00e4miset mutta sanoinkuvaamattoman tyhm\u00e4t k\u00e4mpp\u00e4kaverukset. Lloyd kuljettaa limusiinilla lentokent\u00e4lle kauniin Maryn (<strong>Lauren Holly<\/strong>) ja ihastuu t\u00e4h\u00e4n. H\u00e4n saa h\u00f6lm\u00f6ytt\u00e4\u00e4n haltuunsa t\u00e4m\u00e4n matkalaukun, jonka sis\u00e4lt\u00e4 l\u00f6ytyy suuri rahasumma.<\/p>\n<p>Kaksikko aloittaa hauskan matkan halki Amerikan p\u00e4\u00e4m\u00e4\u00e4r\u00e4n\u00e4\u00e4n Aspenin hiihtokeskus, jonne he haluavat palauttaa rahat Marylle ja samalla parantaa Lloydin mahdollisuuksia t\u00e4m\u00e4n silmiss\u00e4. <strong>Farrellyn<\/strong> veljesten ohjaamassa kreisikomediassa ei alatyylin vitsej\u00e4 s\u00e4\u00e4stell\u00e4. Hauskaa riitt\u00e4\u00e4 loppuun saakka.<\/p>\n<p>Nuija ja tosinuija oli suuri menestys heti avausviikonloppunaan ja oli yksi joulusesongin katsotuimmista elokuvista vuonna 1994.<\/p>\n<p>Rotten Tomatoes -sivustolla elokuvan tuoreusprosentti on 68. The New York Timesin Stephen Holden vertasi Carreya Jerry Lewisiin, ja San Francisco Chroniclen Peter Stack ylisti elokuvaa kutsuen sit\u00e4 \u201driemukkaaksi komediaksi, joka saa vatsalihakset kramppiin\u201d.<\/p>\n<p>Lue my\u00f6s: <a href=\"https:\/\/www.episodi.fi\/uutiset\/jim-carrey-sai-joulukomediansa-kuvauksissa-paniikkikohtauksia-apuun-tarvittiin-kidutuskoulutusta-saanut-cian-asiantuntija\/\" title=\"Jim Carrey sai joulukomediansa kuvauksissa paniikkikohtauksia \u2013 apuun tarvittiin CIA:ta konsultoiva SEAL-veteraani\" class=\"underline-custom !font-montserrat !font-bold !underline-offset-4 !decoration-4 !decoration-episodi-blue !text-md\" rel=\"nofollow noopener\" target=\"_blank\">Jim Carrey sai joulukomediansa kuvauksissa paniikkikohtauksia \u2013 apuun tarvittiin CIA:ta konsultoiva SEAL-veteraani<\/a><\/p>\n<p>Vaikka Nuija ja tosinuija ei ymm\u00e4rrett\u00e4v\u00e4sti voittanut merkitt\u00e4vi\u00e4 elokuvapalkintoja, se menestyi vuoden 1995 MTV Movie Awardseissa. Jim Carrey voitti parhaan koomisen esiintymisen palkinnon, ja Carrey ja Lauren Holly voittivat parhaan suudelman palkinnon. Carrey ja Jeff Daniels olivat my\u00f6s ehdolla parhaan elokuvaparin kategoriassa.<\/p>\n<p>Vuonna 2000 Total Film -lehden lukijat \u00e4\u00e4nestiv\u00e4t elokuvan viidenneksi parhaaksi komediaksi kautta aikojen, ja vuonna 2008 Empire-lehden listalla se sijoittui 445. sijalle kaikkien aikojen 500 parhaan elokuvan joukossa.<\/p>\n<p>Vaikka Jim Carrey sai Razzie-ehdokkuuden \u201dhuonoimpana uutena t\u00e4hten\u00e4\u201d, elokuvan kulttimaine ja n\u00e4yttelij\u00f6iden ikimuistoiset roolisuoritukset ovat pit\u00e4neet sen suosittuna vuosikymmenten ajan.<\/p>\n<p>Pitk\u00e4n odotuksen j\u00e4lkeen komedialle tehtiin jatko-osa vuonna 2015. Ep\u00e4virallisesti sarjaan kuuluu my\u00f6s heikosti menestynyt esiosa vuodelta 2003, jossa ei ollut alkuper\u00e4isi\u00e4 tekij\u00f6it\u00e4 eik\u00e4 p\u00e4\u00e4n\u00e4yttelij\u00f6it\u00e4.<\/p>\n<p>Se aito ja alkuper\u00e4inen Nuija ja tosinuija esitet\u00e4\u00e4n nyt televisiossa kolme kertaa:<\/p>\n<ul class=\"wp-block-list\">\n<li>Su 4.1.2026 klo 20.00 \u00b7 TV5<\/li>\n<li>Ke 7.1.2026 klo 23.30 \u00b7 Kutonen<\/li>\n<li>La 10.1.2026 klo 14.15 \u00b7 TV5<\/li>\n<\/ul>\n<p>Katso alta maistiaisiksi klassinen vessakohtaus, joka on ehk\u00e4 parasta toilettihuumoria mit\u00e4 on ikin\u00e4 tehty.<\/p>\n<p><img loading=\"lazy\" decoding=\"async\" alt=\"YouTube video\" width=\"480\" height=\"360\" data-pin-nopin=\"true\" nopin=\"nopin\" class=\"perfmatters-lazy\" src=\"https:\/\/www.europesays.com\/fi\/wp-content\/uploads\/2026\/01\/1767506947_782_hqdefault.jpg\"\/><\/p>\n<p>Lue my\u00f6s: <a href=\"https:\/\/www.episodi.fi\/uutiskirje\/?uutiskirjemainos=tekstilinkkimainos\" title=\"Tilaa Episodin uutiskirje ja voit voittaa leffalippuja! Nappaa tv-vinkit suoraan s\u00e4hk\u00f6postiin t\u00e4st\u00e4.\" class=\"underline-custom !font-montserrat !font-bold !underline-offset-4 !decoration-4 !decoration-episodi-blue !text-md\" rel=\"nofollow noopener\" target=\"_blank\">Tilaa Episodin uutiskirje ja voit voittaa leffalippuja! Nappaa katseluvinkit suoraan s\u00e4hk\u00f6postiin t\u00e4st\u00e4.<\/a><\/p>\n","protected":false},"excerpt":{"rendered":"Jim Carrey ja Jeff Daniels ovat Lloyd ja Harry, hyv\u00e4syd\u00e4miset mutta sanoinkuvaamattoman tyhm\u00e4t k\u00e4mpp\u00e4kaverukset. Lloyd kuljettaa limusiinilla lentokent\u00e4lle&hellip;\n","protected":false},"author":2,"featured_media":132995,"comment_status":"","ping_status":"","sticky":false,"template":"","format":"standard","meta":{"footnotes":""},"categories":[133],"tags":[137,33,31,30,32,206,139,156,109],"class_list":{"0":"post-132994","1":"post","2":"type-post","3":"status-publish","4":"format-standard","5":"has-post-thumbnail","7":"category-televisiot","8":"tag-entertainment","9":"tag-fi","10":"tag-finland","11":"tag-finnish","12":"tag-suomi","13":"tag-televisiot","14":"tag-tv-ohjelmat","15":"tag-tv","16":"tag-viihde"},"share_on_mastodon":{"url":"https:\/\/pubeurope.com\/@fi\/115835342916883554","error":""},"_links":{"self":[{"href":"https:\/\/www.europesays.com\/fi\/wp-json\/wp\/v2\/posts\/132994","targetHints":{"allow":["GET"]}}],"collection":[{"href":"https:\/\/www.europesays.com\/fi\/wp-json\/wp\/v2\/posts"}],"about":[{"href":"https:\/\/www.europesays.com\/fi\/wp-json\/wp\/v2\/types\/post"}],"author":[{"embeddable":true,"href":"https:\/\/www.europesays.com\/fi\/wp-json\/wp\/v2\/users\/2"}],"replies":[{"embeddable":true,"href":"https:\/\/www.europesays.com\/fi\/wp-json\/wp\/v2\/comments?post=132994"}],"version-history":[{"count":0,"href":"https:\/\/www.europesays.com\/fi\/wp-json\/wp\/v2\/posts\/132994\/revisions"}],"wp:featuredmedia":[{"embeddable":true,"href":"https:\/\/www.europesays.com\/fi\/wp-json\/wp\/v2\/media\/132995"}],"wp:attachment":[{"href":"https:\/\/www.europesays.com\/fi\/wp-json\/wp\/v2\/media?parent=132994"}],"wp:term":[{"taxonomy":"category","embeddable":true,"href":"https:\/\/www.europesays.com\/fi\/wp-json\/wp\/v2\/categories?post=132994"},{"taxonomy":"post_tag","embeddable":true,"href":"https:\/\/www.europesays.com\/fi\/wp-json\/wp\/v2\/tags?post=132994"}],"curies":[{"name":"wp","href":"https:\/\/api.w.org\/{rel}","templated":true}]}}