{"id":133000,"date":"2026-01-04T06:14:08","date_gmt":"2026-01-04T06:14:08","guid":{"rendered":"https:\/\/www.europesays.com\/fi\/133000\/"},"modified":"2026-01-04T06:14:08","modified_gmt":"2026-01-04T06:14:08","slug":"miesten-paratiisi-bent-75-elaa-25-vuotta-nuoremman-naisen-kanssa-thaimaassa","status":"publish","type":"post","link":"https:\/\/www.europesays.com\/fi\/133000\/","title":{"rendered":"Miesten paratiisi: Bent, 75, el\u00e4\u00e4 25 vuotta nuoremman naisen kanssa Thaimaassa"},"content":{"rendered":"<p>Miesten paratiisi -sarjan toisella kaudella tavataan Bent, joka muutti el\u00e4kel\u00e4isen\u00e4 toiselle puolelle maailmaa. Nyt h\u00e4n on \u201dylionnellinen\u201d.<\/p>\n<p class=\"article-body mb-nof-24 px-nof-16\">Thaimaassa asuvia tanskalaismiehi\u00e4 seuraava Miesten paratiisi -sarja jatkuu kakkoskaudella, jossa n\u00e4hd\u00e4\u00e4n uutena kasvona entinen hammasl\u00e4\u00e4k\u00e4ri<a class=\"font-bold underline-offset-[0.12em] [text-decoration:var(--person-link-text-decoration)] ![text-decoration-color:var(--person-link-text-decoration-color)]\" href=\"https:\/\/www.is.fi\/haku\/?query=%20Bent,\" rel=\"nofollow noopener\" target=\"_blank\"> Bent,<\/a> 75. H\u00e4n kertoo tavanneensa netiss\u00e4 muutamaa vuotta aiemmin thaimaalaisen <a class=\"font-bold underline-offset-[0.12em] [text-decoration:var(--person-link-text-decoration)] ![text-decoration-color:var(--person-link-text-decoration-color)]\" href=\"https:\/\/www.is.fi\/haku\/?query=Lallanan\" rel=\"nofollow noopener\" target=\"_blank\">Lallanan<\/a>, 50.<\/p>\n<p class=\"article-body mb-nof-24 px-nof-16\">\u2013\u2009H\u00e4n taisi olla kolmas, jonka kanssa juttelin. Ajattelin heti, ett\u00e4 wau, t\u00e4ss\u00e4 on jotakin erilaista. Keskustelimme netiss\u00e4 puolisen vuotta, ennen kuin l\u00e4hdin tapaamaan h\u00e4nt\u00e4 t\u00e4nne.<\/p>\n<p class=\"article-body mb-nof-24 px-nof-16\">Sittemmin Bent muutti Thaimaahan ja kaksikko meni naimisiin.<\/p>\n<p><img decoding=\"async\" src=\"https:\/\/www.europesays.com\/fi\/wp-content\/uploads\/2026\/01\/1767507248_904_468.jpg\" alt=\"Pariskunta asuu hulppeassa talossa.\" class=\"_Img_1rerz_1\" style=\"aspect-ratio:1.7777777777777777\" loading=\"eager\"\/><\/p>\n<p class=\"article-picture-caption\">Pariskunta asuu hulppeassa talossa. Kuva:\u00a0Yle<\/p>\n<p class=\"article-body mb-nof-24 px-nof-16\">Pariskunta asuu nyt Koillis-Thaimaassa hienossa omakotitalossa, jonka ikkunat ovat suuret ja pinnat kiilt\u00e4v\u00e4t. Heill\u00e4 on kattoterassi, ja pihalla komeilee uima-allas. Talo eroaa sarjan muiden tanskalaismiesten asunnoista.<\/p>\n<p class=\"article-body mb-nof-24 px-nof-16\">\u2013\u2009Minulla on talous kunnossa vuosien hammasl\u00e4\u00e4k\u00e4riurani j\u00e4lkeen. Lopetin ty\u00f6t vasta 72-vuotiaana, Bent kertoo rahatilanteestaan.<\/p>\n<p class=\"article-body mb-nof-24 px-nof-16\">Bentin mukaan h\u00e4nell\u00e4 pyyhki mukavasti my\u00f6s kotimaassaan, mutta h\u00e4n ei halunnut el\u00e4\u00e4 tyypillist\u00e4 vanhuutta Tanskassa. El\u00e4k\u00f6itynyt hammasl\u00e4\u00e4k\u00e4ri kaipasi seikkailua ja rakkautta.<\/p>\n<p class=\"article-body mb-nof-24 px-nof-16\">\u2013\u2009Pid\u00e4n siit\u00e4, ett\u00e4 rinnallani on kaunis nainen, h\u00e4n toteaa.<\/p>\n<p class=\"article-body mb-nof-24 px-nof-16\">Bent puhuu sarjassa avoimesti ik\u00e4\u00e4ntymisest\u00e4 ja siihen liittyvist\u00e4 asioista. H\u00e4n ottaa puheeksi mieskunnon.<\/p>\n<p class=\"article-body mb-nof-24 px-nof-16\">\u2013 70-vuotiaista miehist\u00e4 monilla on potenssiongelmia. Olen 75-vuotias. T\u00e4ss\u00e4 i\u00e4ss\u00e4 tarvitaan hyv\u00e4\u00e4 verenkiertoa, joka vaikuttaa mieskuntoon. Verenkierto paranee, kun syd\u00e4n hakkaa urheillessa. Silloin kaikki toimii paremmin, juoksemista harrastava Bent sanoo.<\/p>\n<p><img decoding=\"async\" src=\"https:\/\/www.europesays.com\/fi\/wp-content\/uploads\/2026\/01\/1767507248_555_468.jpg\" alt=\"Bent ja Lallana viett\u00e4v\u00e4t mahdollisimman paljon aikaa talonsa pihamaalla.\" class=\"_Img_1rerz_1\" style=\"aspect-ratio:1.7777777777777777\" loading=\"eager\"\/><\/p>\n<p class=\"article-picture-caption\">Bent ja Lallana viett\u00e4v\u00e4t mahdollisimman paljon aikaa talonsa pihamaalla. Kuva:\u00a0Yle<\/p>\n<p><img decoding=\"async\" src=\"https:\/\/www.europesays.com\/fi\/wp-content\/uploads\/2026\/01\/1767507248_300_468.jpg\" alt=\"Bent on asunut muutaman vuoden Thaimaassa. Kuvassa my\u00f6s Tanskasta kotoisin oleva Kenn.\" class=\"_Img_1rerz_1\" style=\"aspect-ratio:1.7777777777777777\" loading=\"eager\"\/><\/p>\n<p class=\"article-picture-caption\">Bent on asunut muutaman vuoden Thaimaassa. Kuvassa my\u00f6s Tanskasta kotoisin oleva Kenn.<\/p>\n<p class=\"article-body mb-nof-24 px-nof-16\">Bent ei pelk\u00e4\u00e4 puhua varallisuudestaan, mutta h\u00e4n korostaa, ett\u00e4 ty\u00f6el\u00e4m\u00e4ss\u00e4 oleva Lallana osallistuu my\u00f6s kuukausittaisiin kuluihin.<\/p>\n<p class=\"article-body mb-nof-24 px-nof-16\">\u2013\u2009H\u00e4nell\u00e4 on ihan hyv\u00e4t tulot. Se oli minulle alusta asti t\u00e4rke\u00e4\u00e4, ett\u00e4 naisella on my\u00f6s oma el\u00e4m\u00e4ns\u00e4. H\u00e4n sen sijaan toivoi rehellist\u00e4 ja luotettavaa miest\u00e4. Uskon olevani sellainen, Bent sanoo.<\/p>\n<p class=\"article-body mb-nof-24 px-nof-16\">Bent esittelee heid\u00e4n terassiaan ja olohuonettaan.<\/p>\n<p class=\"article-body mb-nof-24 px-nof-16\">\u2013\u2009Istumme ulkona mahdollisimman paljon. Olohuone on l\u00e4hinn\u00e4 vieraita varten. T\u00e4ss\u00e4 on t\u00e4llainen tiski, johon pystyy nojaamaan, kun juttelee vieraiden kanssa.<\/p>\n<p class=\"article-body mb-nof-24 px-nof-16\">Bent tosin toteaa, ett\u00e4 heill\u00e4 k\u00e4y l\u00e4hinn\u00e4 h\u00e4nen vaimonsa paikallisia yst\u00e4vi\u00e4, jotka eiv\u00e4t puhu englantia.<\/p>\n<p class=\"article-body mb-nof-24 px-nof-16\">\u2013\u2009K\u00e4yt\u00e4n k\u00e4\u00e4nt\u00e4j\u00e4sovellusta, jos minulla on jotakin kysytt\u00e4v\u00e4\u00e4 heilt\u00e4. Lallanalla on oma sosiaalinen el\u00e4m\u00e4ns\u00e4 t\u00e4\u00e4ll\u00e4. Tunnen itseni kyll\u00e4 hieman ulkopuoliseksi t\u00e4\u00e4ll\u00e4.<\/p>\n<p class=\"article-body mb-nof-24 px-nof-16\">Muutoin Bent vaikuttaa viihtyv\u00e4n varsin hyvin Thaimaassa. Bent ja vaimo n\u00e4hd\u00e4\u00e4n nauttimassa hedelmist\u00e4 ja samppanjasta.<\/p>\n<p class=\"article-body mb-nof-24 px-nof-16\">\u2013\u2009Olen ylionnellinen. En voinut kuvitellakaan, ett\u00e4 el\u00e4m\u00e4 voisi olla n\u00e4in upeaa.<\/p>\n<p class=\"article-body mb-nof-24 px-nof-16\">Bent sanoo, ett\u00e4 h\u00e4nen aikuiset lapsensa aiemmasta liitosta suhtautuvat varsin positiivisesti is\u00e4ns\u00e4 suureen el\u00e4m\u00e4nmuutokseen.<\/p>\n<p class=\"article-body mb-nof-24 px-nof-16\">\u2013 Heist\u00e4 t\u00e4m\u00e4 on siisti\u00e4.<\/p>\n<p class=\"article-body nof-ui-body-medium mb-nof-24 px-nof-16\">Miesten paratiisi maanantaisin klo 22.46 Teema &amp; Fem &amp; Yle Areena.<\/p>\n","protected":false},"excerpt":{"rendered":"Miesten paratiisi -sarjan toisella kaudella tavataan Bent, joka muutti el\u00e4kel\u00e4isen\u00e4 toiselle puolelle maailmaa. Nyt h\u00e4n on \u201dylionnellinen\u201d. Thaimaassa&hellip;\n","protected":false},"author":2,"featured_media":133001,"comment_status":"","ping_status":"","sticky":false,"template":"","format":"standard","meta":{"footnotes":""},"categories":[130],"tags":[137,33,31,30,34,32,109],"class_list":{"0":"post-133000","1":"post","2":"type-post","3":"status-publish","4":"format-standard","5":"has-post-thumbnail","7":"category-viihde","8":"tag-entertainment","9":"tag-fi","10":"tag-finland","11":"tag-finnish","12":"tag-ilta-sanomat","13":"tag-suomi","14":"tag-viihde"},"share_on_mastodon":{"url":"https:\/\/pubeurope.com\/@fi\/115835362576612213","error":""},"_links":{"self":[{"href":"https:\/\/www.europesays.com\/fi\/wp-json\/wp\/v2\/posts\/133000","targetHints":{"allow":["GET"]}}],"collection":[{"href":"https:\/\/www.europesays.com\/fi\/wp-json\/wp\/v2\/posts"}],"about":[{"href":"https:\/\/www.europesays.com\/fi\/wp-json\/wp\/v2\/types\/post"}],"author":[{"embeddable":true,"href":"https:\/\/www.europesays.com\/fi\/wp-json\/wp\/v2\/users\/2"}],"replies":[{"embeddable":true,"href":"https:\/\/www.europesays.com\/fi\/wp-json\/wp\/v2\/comments?post=133000"}],"version-history":[{"count":0,"href":"https:\/\/www.europesays.com\/fi\/wp-json\/wp\/v2\/posts\/133000\/revisions"}],"wp:featuredmedia":[{"embeddable":true,"href":"https:\/\/www.europesays.com\/fi\/wp-json\/wp\/v2\/media\/133001"}],"wp:attachment":[{"href":"https:\/\/www.europesays.com\/fi\/wp-json\/wp\/v2\/media?parent=133000"}],"wp:term":[{"taxonomy":"category","embeddable":true,"href":"https:\/\/www.europesays.com\/fi\/wp-json\/wp\/v2\/categories?post=133000"},{"taxonomy":"post_tag","embeddable":true,"href":"https:\/\/www.europesays.com\/fi\/wp-json\/wp\/v2\/tags?post=133000"}],"curies":[{"name":"wp","href":"https:\/\/api.w.org\/{rel}","templated":true}]}}