{"id":133006,"date":"2026-01-04T06:19:07","date_gmt":"2026-01-04T06:19:07","guid":{"rendered":"https:\/\/www.europesays.com\/fi\/133006\/"},"modified":"2026-01-04T06:19:07","modified_gmt":"2026-01-04T06:19:07","slug":"talla-tontilla-eekoo-tahtoo-takaisin-torille-jolta-vei-aiemmin-seka-alkon-etta-asiakkaat-mukanaan-leiriin-paikalliset","status":"publish","type":"post","link":"https:\/\/www.europesays.com\/fi\/133006\/","title":{"rendered":"T\u00e4ll\u00e4 tontilla | Eekoo tahtoo takaisin torille, jolta vei aiemmin sek\u00e4 Alkon ett\u00e4 asiakkaat mukanaan Leiriin | Paikalliset"},"content":{"rendered":"<p>Osuuskauppa operoi kauppatorilla jo 1970\u20131980-luvulla, muttei p\u00e4rj\u00e4nnyt Keskolle tuolloin. Eekoon uusi marketti vaihtaisi torikaupan tulokulman toiseen asentoon. Juttusarja katselee ajankohtaisia alueita Lappeenrannassa toimeliaisuuden n\u00e4k\u00f6kulmasta.<\/p>\n<p>Lappeenranta suunnittelee asemakaavamuutosta kauppatorin alueelle. Kaavaselostuksen mukaan torista on tarkoitus ty\u00f6st\u00e4\u00e4 nykyaikainen alue, jota voi helpommin kehitt\u00e4\u00e4 sek\u00e4 p\u00e4ivitt\u00e4istavarakaupan ett\u00e4 ymp\u00e4rivuotisen toiminnan tarpeisiin.<\/p>\n<p>Kauppatorin uudistaminen on ollut ty\u00f6n alla jo vuosikymmeni\u00e4, mutta j\u00e4\u00e4nyt kaupungin muiden kehitystarpeiden jalkoihin ennen kuin Etel\u00e4-Karjalan osuuskauppa (Eekoo) ilmaisi halunsa osallistua alueen kehitt\u00e4miseen.<\/p>\n<p>Osuuskauppa ei ole tulossa ensi kertaa kauppatorille ja saa uudessa kaavaluonnoksessa torille j\u00e4lleen oman markettinsa, joka suunnitelman mukaan hotkaisee vetykioskit ja k\u00e4\u00e4nt\u00e4\u00e4 torikaupan sel\u00e4n kilpailevan keskusliikkeen myym\u00e4l\u00e4lle.<\/p>\n<p>Kauppatori on ollut nykyisell\u00e4 paikallaan syksyst\u00e4 1956. Tori on sen j\u00e4lkeen ollut ymp\u00e4rivuotinen kauppapaikka, ja sit\u00e4 ymp\u00e4r\u00f6iv\u00e4ll\u00e4 alueella on ollut runsaasti sek\u00e4 p\u00e4ivitt\u00e4is- ett\u00e4 muunkin tavaran kauppaa. T\u00e4m\u00e4 juttu k\u00e4y lyhyesti l\u00e4pi kauppahallin ja -torin etel\u00e4isen p\u00e4\u00e4n vaiheita sek\u00e4 n\u00e4ytt\u00e4\u00e4 pienen kuvakavalkadin toria reunustavilta kaduilta.<\/p>\n","protected":false},"excerpt":{"rendered":"Osuuskauppa operoi kauppatorilla jo 1970\u20131980-luvulla, muttei p\u00e4rj\u00e4nnyt Keskolle tuolloin. Eekoon uusi marketti vaihtaisi torikaupan tulokulman toiseen asentoon. Juttusarja&hellip;\n","protected":false},"author":2,"featured_media":133007,"comment_status":"","ping_status":"","sticky":false,"template":"","format":"standard","meta":{"footnotes":""},"categories":[12],"tags":[22,23,6034,4509,26,27,33,31,30,17,3777,108,4508,1446,24,25,28,29,15,18,21,6304,32,19,20,16],"class_list":{"0":"post-133006","1":"post","2":"type-post","3":"status-publish","4":"format-standard","5":"has-post-thumbnail","7":"category-suomi","8":"tag-breaking-news","9":"tag-breakingnews","10":"tag-es-lappeenranta","11":"tag-etela-karjalan-maakunta","12":"tag-featured-news","13":"tag-featurednews","14":"tag-fi","15":"tag-finland","16":"tag-finnish","17":"tag-headlines","18":"tag-kesko","19":"tag-kulttuuri","20":"tag-lappeenrannan-seutukunta","21":"tag-lappeenranta","22":"tag-latest-news","23":"tag-latestnews","24":"tag-main-news","25":"tag-mainnews","26":"tag-news","27":"tag-otsikot","28":"tag-paauutiset","29":"tag-s-ryhma","30":"tag-suomi","31":"tag-top-stories","32":"tag-topstories","33":"tag-uutiset"},"share_on_mastodon":{"url":"https:\/\/pubeurope.com\/@fi\/115835382201465977","error":""},"_links":{"self":[{"href":"https:\/\/www.europesays.com\/fi\/wp-json\/wp\/v2\/posts\/133006","targetHints":{"allow":["GET"]}}],"collection":[{"href":"https:\/\/www.europesays.com\/fi\/wp-json\/wp\/v2\/posts"}],"about":[{"href":"https:\/\/www.europesays.com\/fi\/wp-json\/wp\/v2\/types\/post"}],"author":[{"embeddable":true,"href":"https:\/\/www.europesays.com\/fi\/wp-json\/wp\/v2\/users\/2"}],"replies":[{"embeddable":true,"href":"https:\/\/www.europesays.com\/fi\/wp-json\/wp\/v2\/comments?post=133006"}],"version-history":[{"count":0,"href":"https:\/\/www.europesays.com\/fi\/wp-json\/wp\/v2\/posts\/133006\/revisions"}],"wp:featuredmedia":[{"embeddable":true,"href":"https:\/\/www.europesays.com\/fi\/wp-json\/wp\/v2\/media\/133007"}],"wp:attachment":[{"href":"https:\/\/www.europesays.com\/fi\/wp-json\/wp\/v2\/media?parent=133006"}],"wp:term":[{"taxonomy":"category","embeddable":true,"href":"https:\/\/www.europesays.com\/fi\/wp-json\/wp\/v2\/categories?post=133006"},{"taxonomy":"post_tag","embeddable":true,"href":"https:\/\/www.europesays.com\/fi\/wp-json\/wp\/v2\/tags?post=133006"}],"curies":[{"name":"wp","href":"https:\/\/api.w.org\/{rel}","templated":true}]}}