{"id":133011,"date":"2026-01-04T06:39:07","date_gmt":"2026-01-04T06:39:07","guid":{"rendered":"https:\/\/www.europesays.com\/fi\/133011\/"},"modified":"2026-01-04T06:39:07","modified_gmt":"2026-01-04T06:39:07","slug":"lauri-markkanen-nakutti-35-pistetta-mutta-jazz-karsi-tappion-urheilu","status":"publish","type":"post","link":"https:\/\/www.europesays.com\/fi\/133011\/","title":{"rendered":"Lauri Markkanen nakutti 35 pistett\u00e4, mutta Jazz k\u00e4rsi tappion | Urheilu"},"content":{"rendered":"<p>Lauri Markkanen palasi Utahin kokoonpanoon ja nakutti 35 pistett\u00e4, mutta Jazz k\u00e4rsi 114\u2013123-tappion Golden State Warriorsille.<\/p>\n<p>Markkasen kakkoset upposivat tarkkuudella 13\/19 ja kolmoset 2\/8. Levypalloja suomalaisen k\u00e4siin tarttui kuusi.<\/p>\n<p>Warriorsin Stephen Curry palasi nilkkavamman j\u00e4ljilt\u00e4 parketille ja takoi 31 pistett\u00e4 kolmostarkkuudella 6\/12.<\/p>\n<p>Markkanen ei pelannut polviruhjeen takia edellisess\u00e4 ottelussa, kun Jazz h\u00e4visi Los Angeles Clippersin vieraana. <\/p>\n<p>Markkanen pelasi kauden 22 ensimm\u00e4ist\u00e4 ottelua, mutta on sen j\u00e4lkeen joutunut huilaamaan varsin paljon. Jazzin 11:st\u00e4 viime pelist\u00e4 Markkanen on ollut sivussa viisi.<\/p>\n<p>Utah on h\u00e4vinnyt kolme viime peli\u00e4\u00e4n ja seitsem\u00e4n yhdeks\u00e4st\u00e4 viime ottelustaan. Joukkue on NBA:n l\u00e4nsilohkossa 15 seuran joukossa sijalla 13.<\/p>\n","protected":false},"excerpt":{"rendered":"Lauri Markkanen palasi Utahin kokoonpanoon ja nakutti 35 pistett\u00e4, mutta Jazz k\u00e4rsi 114\u2013123-tappion Golden State Warriorsille. Markkasen kakkoset&hellip;\n","protected":false},"author":2,"featured_media":133012,"comment_status":"","ping_status":"","sticky":false,"template":"","format":"standard","meta":{"footnotes":""},"categories":[158],"tags":[3289,33,31,30,1905,41,4343,1703,5037,7348,159,32,160],"class_list":{"0":"post-133011","1":"post","2":"type-post","3":"status-publish","4":"format-standard","5":"has-post-thumbnail","7":"category-urheilu","8":"tag-ammattilaiskoripallo","9":"tag-fi","10":"tag-finland","11":"tag-finnish","12":"tag-lauri-markkanen","13":"tag-liikunta-ja-urheilu","14":"tag-los-angeles","15":"tag-miesten-koripallo","16":"tag-national-basketball-association-nba","17":"tag-nba-itainen-lohko","18":"tag-sports","19":"tag-suomi","20":"tag-urheilu"},"share_on_mastodon":{"url":"https:\/\/pubeurope.com\/@fi\/115835460985622258","error":""},"_links":{"self":[{"href":"https:\/\/www.europesays.com\/fi\/wp-json\/wp\/v2\/posts\/133011","targetHints":{"allow":["GET"]}}],"collection":[{"href":"https:\/\/www.europesays.com\/fi\/wp-json\/wp\/v2\/posts"}],"about":[{"href":"https:\/\/www.europesays.com\/fi\/wp-json\/wp\/v2\/types\/post"}],"author":[{"embeddable":true,"href":"https:\/\/www.europesays.com\/fi\/wp-json\/wp\/v2\/users\/2"}],"replies":[{"embeddable":true,"href":"https:\/\/www.europesays.com\/fi\/wp-json\/wp\/v2\/comments?post=133011"}],"version-history":[{"count":0,"href":"https:\/\/www.europesays.com\/fi\/wp-json\/wp\/v2\/posts\/133011\/revisions"}],"wp:featuredmedia":[{"embeddable":true,"href":"https:\/\/www.europesays.com\/fi\/wp-json\/wp\/v2\/media\/133012"}],"wp:attachment":[{"href":"https:\/\/www.europesays.com\/fi\/wp-json\/wp\/v2\/media?parent=133011"}],"wp:term":[{"taxonomy":"category","embeddable":true,"href":"https:\/\/www.europesays.com\/fi\/wp-json\/wp\/v2\/categories?post=133011"},{"taxonomy":"post_tag","embeddable":true,"href":"https:\/\/www.europesays.com\/fi\/wp-json\/wp\/v2\/tags?post=133011"}],"curies":[{"name":"wp","href":"https:\/\/api.w.org\/{rel}","templated":true}]}}