{"id":133021,"date":"2026-01-04T06:58:08","date_gmt":"2026-01-04T06:58:08","guid":{"rendered":"https:\/\/www.europesays.com\/fi\/133021\/"},"modified":"2026-01-04T06:58:08","modified_gmt":"2026-01-04T06:58:08","slug":"muslimit-homot-ja-naiset-brigitte-bardot-ei-saastanyt-ketaan","status":"publish","type":"post","link":"https:\/\/www.europesays.com\/fi\/133021\/","title":{"rendered":"Muslimit, homot ja naiset \u2013 Brigitte Bardot ei s\u00e4\u00e4st\u00e4nyt ket\u00e4\u00e4n"},"content":{"rendered":"<p>N\u00e4yttelij\u00e4legenda aiheutti kohun jos toisenkin el\u00e4m\u00e4ns\u00e4 aikana.<\/p>\n<p class=\"paragraph\">Edesmennyt n\u00e4yttelij\u00e4 <a href=\"https:\/\/www.iltalehti.fi\/henkilot\/Brigitte Bardot\" class=\"article-link-person-page\" rel=\"nofollow noopener\" target=\"_blank\">Brigitte Bardot<\/a> muistetaan mittavasta urastaan. N\u00e4ytt\u00e4v\u00e4ll\u00e4 ulkon\u00e4\u00f6ll\u00e4 varustettu t\u00e4hti oli 50- ja 60-lukujen seksisymboli, jota monet ihailivat.<\/p>\n<p class=\"paragraph\">Viimeinen elokuva, jossa filmit\u00e4hti n\u00e4ytteli, oli vuonna 1973 ilmestynyt The Edifying and Joyous Story of Colinot. T\u00e4m\u00e4n j\u00e4lkeen Bardot p\u00e4\u00e4tti j\u00e4tt\u00e4\u00e4 n\u00e4yttelij\u00e4nuran.<\/p>\n<p class=\"paragraph\">Julkisuudesta Bardot ei kuitenkaan kadonnut. T\u00e4hden ulostulot ja poliittiset mielipiteet her\u00e4ttiv\u00e4t kritiikki\u00e4 ja varjostivat h\u00e4nen el\u00e4m\u00e4\u00e4ns\u00e4 loppuun asti.<\/p>\n<p>Tuomio napsahti<\/p>\n<p class=\"paragraph\">Bardot oli isosti esill\u00e4 otsikoissa 1990-luvulla, tosin t\u00e4ll\u00e4 kertaa ihaileva s\u00e4vy oli toisenlainen. N\u00e4yttelij\u00e4 valitti <a href=\"https:\/\/www.latimes.com\/archives\/la-xpm-1997-oct-10-mn-41277-story.html\" rel=\"noopener nofollow\" target=\"_blank\">Le Figaro<\/a>ssa julkaistussa kirjoituksessaan  \u201dulkomaalaisv\u00e4est\u00f6n liikakasvusta\u201d Ranskassa ja kritisoi muslimien tapaa teurastaa karitsoja Id al-Adha -juhlan kunniaksi. Bardot oli kiivas el\u00e4inoikeuksien kannattaja.<\/p>\n<p class=\"paragraph\">Oikeus tuomitsi t\u00e4hden lopulta sakkoihin rotuvihan lietsomisesta.<\/p>\n<p class=\"paragraph\">Bardot ei kuitenkaan t\u00e4st\u00e4 v\u00e4litt\u00e4nyt.<\/p>\n<p class=\"paragraph\">Vuonna 1999 Bardot\u2019lta ilmestyi kirja Le Carre de Pluton. Kirjan sivuilla n\u00e4yttelij\u00e4 otti j\u00e4lleen muslimit hampaihinsa.<\/p>\n<p class=\"paragraph\">\u2013 Maani on j\u00e4lleen vallannut ulkomaalaisten, erityisesti muslimien, ylivoimainen v\u00e4est\u00f6nkasvu.<\/p>\n<p class=\"paragraph\">J\u00e4lleen kerran oikeus tuomitsi t\u00e4hden sakkoihin.<\/p>\n<p><img decoding=\"async\" class=\"image image-show image-preview\" src=\"https:\/\/www.europesays.com\/fi\/wp-content\/uploads\/2026\/01\/6b3b242dbf473fce6a1cf66dd4d2a93f5425b96a151175193677162085c09dc1.jpg\" alt=\"\"\/><img decoding=\"async\" class=\"image image-show\" src=\"https:\/\/www.europesays.com\/fi\/wp-content\/uploads\/2026\/01\/1767509888_755_6b3b242dbf473fce6a1cf66dd4d2a93f5425b96a151175193677162085c09dc1.jpg\" alt=\"\"\/><\/p>\n<p>Brigitte Bardot oli valkokankaan seksisymboli. AOP<\/p>\n<p class=\"paragraph\">Seuraava kirja A Cry in the Silence n\u00e4ki p\u00e4iv\u00e4nvalon vuonna 2003. T\u00e4st\u00e4k\u00e4\u00e4n ei selvitty ilman kohuja. Bardot oli huolissaan \u201drotujen sekoittumisesta\u201d. Samalla h\u00e4n ylisti aikaisempia sukupolvia, jotka olivat antaneet henkens\u00e4 ty\u00f6nt\u00e4\u00e4kseen \u201dtunkeutujat pois maasta\u201d.<\/p>\n<p class=\"paragraph\">N\u00e4yttelij\u00e4 yritti puolustautua sanomalla, ettei h\u00e4n halunnut loukata ket\u00e4\u00e4n, mutta oikeus ei t\u00e4t\u00e4 selityst\u00e4 kuitenkaan hyv\u00e4ksynyt. N\u00e4yttelij\u00e4lle rapsahti sakkotuomio.<\/p>\n<p class=\"paragraph\">\u2013 Rouva Bardot esitt\u00e4\u00e4 muslimit barbaarisina ja julmina valloittajina, jotka ovat vastuussa terroriteoista ja haluavat hallita ranskalaisia niin pitk\u00e4lle, ett\u00e4 haluavat h\u00e4vitt\u00e4\u00e4 heid\u00e4t, oikeus totesi.<\/p>\n<p class=\"paragraph\">El\u00e4m\u00e4ns\u00e4 aikana Bardot tuomittiin kuusi kertaa sakkoihin. Usein syyn\u00e4 oli muslimeihin kohdistuneet kommentit.<\/p>\n<p>Brigitte Bardot kohautti kirjoituksillaan. AOP<\/p>\n<p>Homoja yst\u00e4vin\u00e4<\/p>\n<p class=\"paragraph\">Islam ja muslimit eiv\u00e4t olleet ainoita asioita, joita Bardot kritisoi julkisesti. Osansa saivat my\u00f6s homoseksuaalit. A Cry in the Silence -kohuteoksessaan h\u00e4n kutsui homoja \u201dsirkusfriikeiksi\u201d. T\u00e4hden mielest\u00e4 homojen pit\u00e4isi salata el\u00e4m\u00e4ntyylins\u00e4 kuten ennen vanhaan oli tapana.<\/p>\n<p class=\"paragraph\">Bardot\u2019ta h\u00e4iritsi, kuinka nykyiset homomiehet \u201dheiluttavat takapuoliaan, nostavat pikkusormensa ilmaan ja valittavat pienill\u00e4 kastraattimaisilla \u00e4\u00e4nill\u00e4\u00e4n siit\u00e4, mit\u00e4 kauheat heterot ovat heille tehneet.&#8221;<\/p>\n<p class=\"paragraph\">Arvatenkin t\u00e4hti yritti j\u00e4lkik\u00e4teen selitell\u00e4 kirjoituksiaan sanomalla, ett\u00e4 h\u00e4nell\u00e4 on homomiehi\u00e4 yst\u00e4vin\u00e4.<\/p>\n<p>Bardot\u2019n rakkausel\u00e4m\u00e4 oli my\u00f6s usein otsikoissa. AOP<\/p>\n<p>Me too -liike<\/p>\n<p class=\"paragraph\">Vuonna 2018 kohistiin j\u00e4lleen. T\u00e4ll\u00e4 kertaa Bardot puhui kovin sanoin Me too -liikkeest\u00e4, joka toi seksuaalisen h\u00e4irinn\u00e4n laajasti esiin. Monet naiset kertoivat sosiaalisessa mediassa julkisesti kohtaamastaan h\u00e4irinn\u00e4st\u00e4.<\/p>\n<p class=\"paragraph\">Paris Match -lehden haastattelussa n\u00e4yttelij\u00e4legenda kutsui liikett\u00e4 \u201dteeskentelev\u00e4ksi, naurettavaksi ja tyls\u00e4ksi\u201d.<\/p>\n<p class=\"paragraph\">\u2013 Monet n\u00e4yttelij\u00e4t flirttailevat tuottajien kanssa saadakseen roolin. Sitten, kun he kertovat tarinan j\u00e4lkik\u00e4teen, he sanovat tulleensa ahdistelluksi.<\/p>\n<p class=\"paragraph\">Entinen seksisymboli ei ollut itse kokenut h\u00e4irint\u00e4\u00e4 urallaan. P\u00e4invastoin, h\u00e4n piti miesten huomiosta.<\/p>\n<p class=\"paragraph\">\u2013 Minusta oli mukavaa, kun minulle sanottiin, ett\u00e4 olen kaunis tai ett\u00e4 minulla on siev\u00e4 pieni takapuoli. T\u00e4llaiset kohteliaisuudet ovat mukavia.<\/p>\n<p class=\"paragraph\">Bardot <a href=\"https:\/\/www.iltalehti.fi\/viihdeuutiset\/237bd140-527f-4d7d-bba5-25e8aad2189c\" rel=\"nofollow noopener\" target=\"_blank\">kuoli<\/a> 91-vuotiaana 28. joulukuuta.<\/p>\n<p class=\"paragraph\">L\u00e4hteet: <a href=\"https:\/\/www.theguardian.com\/film\/2000\/jun\/20\/1\" rel=\"noopener nofollow\" target=\"_blank\">The Guardian<\/a>, <a href=\"https:\/\/www.out.com\/celebs\/chappell-roan-brigitte-bardot#rebelltitem2\" target=\"_blank\" rel=\"noopener nofollow\">Out<\/a>, <a href=\"https:\/\/www.aljazeera.com\/news\/2004\/6\/10\/bardot-fined-for-anti-muslim-remarks\" target=\"_blank\" rel=\"noopener nofollow\">Al-Jazeera<\/a> ja <a href=\"https:\/\/people.com\/brigitte-bardot-biggest-scandals-legacy-controversy-11876902\" target=\"_blank\" rel=\"noopener nofollow\">People<\/a><\/p>\n","protected":false},"excerpt":{"rendered":"N\u00e4yttelij\u00e4legenda aiheutti kohun jos toisenkin el\u00e4m\u00e4ns\u00e4 aikana. Edesmennyt n\u00e4yttelij\u00e4 Brigitte Bardot muistetaan mittavasta urastaan. N\u00e4ytt\u00e4v\u00e4ll\u00e4 ulkon\u00e4\u00f6ll\u00e4 varustettu t\u00e4hti&hellip;\n","protected":false},"author":2,"featured_media":133022,"comment_status":"","ping_status":"","sticky":false,"template":"","format":"standard","meta":{"footnotes":""},"categories":[136],"tags":[35,153,407,152,155,137,33,31,30,408,154,32,485,140,156,109],"class_list":{"0":"post-133021","1":"post","2":"type-post","3":"status-publish","4":"format-standard","5":"has-post-thumbnail","7":"category-julkkikset","8":"tag-24h","9":"tag-audiovisuaalinen-media","10":"tag-celebrities","11":"tag-elokuva-ja-tv-nayttelijat","12":"tag-elokuvat","13":"tag-entertainment","14":"tag-fi","15":"tag-finland","16":"tag-finnish","17":"tag-julkkikset","18":"tag-nayttelijat-teatteri","19":"tag-suomi","20":"tag-taide-yleista","21":"tag-tv-ja-elokuvat","22":"tag-tv","23":"tag-viihde"},"share_on_mastodon":{"url":"https:\/\/pubeurope.com\/@fi\/115835535533546877","error":""},"_links":{"self":[{"href":"https:\/\/www.europesays.com\/fi\/wp-json\/wp\/v2\/posts\/133021","targetHints":{"allow":["GET"]}}],"collection":[{"href":"https:\/\/www.europesays.com\/fi\/wp-json\/wp\/v2\/posts"}],"about":[{"href":"https:\/\/www.europesays.com\/fi\/wp-json\/wp\/v2\/types\/post"}],"author":[{"embeddable":true,"href":"https:\/\/www.europesays.com\/fi\/wp-json\/wp\/v2\/users\/2"}],"replies":[{"embeddable":true,"href":"https:\/\/www.europesays.com\/fi\/wp-json\/wp\/v2\/comments?post=133021"}],"version-history":[{"count":0,"href":"https:\/\/www.europesays.com\/fi\/wp-json\/wp\/v2\/posts\/133021\/revisions"}],"wp:featuredmedia":[{"embeddable":true,"href":"https:\/\/www.europesays.com\/fi\/wp-json\/wp\/v2\/media\/133022"}],"wp:attachment":[{"href":"https:\/\/www.europesays.com\/fi\/wp-json\/wp\/v2\/media?parent=133021"}],"wp:term":[{"taxonomy":"category","embeddable":true,"href":"https:\/\/www.europesays.com\/fi\/wp-json\/wp\/v2\/categories?post=133021"},{"taxonomy":"post_tag","embeddable":true,"href":"https:\/\/www.europesays.com\/fi\/wp-json\/wp\/v2\/tags?post=133021"}],"curies":[{"name":"wp","href":"https:\/\/api.w.org\/{rel}","templated":true}]}}