{"id":133027,"date":"2026-01-04T07:06:08","date_gmt":"2026-01-04T07:06:08","guid":{"rendered":"https:\/\/www.europesays.com\/fi\/133027\/"},"modified":"2026-01-04T07:06:08","modified_gmt":"2026-01-04T07:06:08","slug":"paivalla-tvssa-hyvantuulinen-klassikko-mutta-yksi-asia-voi-hiertaa-jotkut-vaittavat-siina-olevan-elokuvahistorian-suurin-pahis","status":"publish","type":"post","link":"https:\/\/www.europesays.com\/fi\/133027\/","title":{"rendered":"P\u00e4iv\u00e4ll\u00e4 tv:ss\u00e4: Hyv\u00e4ntuulinen klassikko mutta yksi asia voi hiert\u00e4\u00e4 &#8211; jotkut v\u00e4itt\u00e4v\u00e4t siin\u00e4 olevan elokuvahistorian suurin pahis"},"content":{"rendered":"<p>Televisiotarjonnasta l\u00f6ytyy t\u00e4n\u00e4\u00e4n elokuva Forrest Gump (1994), yksi 1990-luvun tunnetuimmista ja pidetyimmist\u00e4 Hollywood-klassikoista. <strong>Tom Hanksin<\/strong> elokuva yhdist\u00e4\u00e4 draamaa, huumoria ja romantiikkaa tavalla, joka kuljettaa katsojan l\u00e4pi modernin Yhdysvaltain historian. Elokuva on my\u00f6s suoratoistopalveluissa Netflix, SkyShowtime, Viaplay ja MTV Katsomo Plus.<\/p>\n<p>Forrest Gump on vilpit\u00f6n ja hyv\u00e4ntahtoinen mies, joka l\u00e4hestyy el\u00e4m\u00e4\u00e4 omista l\u00e4ht\u00f6kohdistaan. Vaikka h\u00e4n ei sovi kaikkiin yhteiskunnan muotteihin, h\u00e4nen sitkeytens\u00e4 ja suoraviivainen el\u00e4m\u00e4nasenteensa viev\u00e4t h\u00e4net poikkeuksellisiin tilanteisiin. Forrest ajautuu historian k\u00e4\u00e4nnekohtiin, kohtaa aikansa merkkihenkil\u00f6it\u00e4 ja vaikuttaa ymp\u00e4rist\u00f6\u00f6ns\u00e4 usein huomaamattaan.<\/p>\n<p>Tarinaa rytmitt\u00e4\u00e4 Forrestin suhde lapsuudenyst\u00e4v\u00e4\u00e4ns\u00e4 Jennyyn, joka palaa h\u00e4nen el\u00e4m\u00e4\u00e4ns\u00e4 eri vaiheissa. Forrest tuntee Jenny\u00e4 kohtaan syv\u00e4\u00e4 kiintymyst\u00e4, mutta hahmo jakaa katsojien mielipiteit\u00e4. Mielenkiintoisena yksityiskohtana Jenny\u00e4 on internetin meemeiss\u00e4 kutsuttu jopa elokuvahistorian suurimmaksi pahikseksi. Tulkinta kertoo ennen kaikkea siit\u00e4, kuinka monella tavalla elokuvan henkil\u00f6hahmoja voi katsoa.<\/p>\n<p><img loading=\"lazy\" height=\"618\" width=\"912\" class=\"wp-image-177486 sp-no-webp perfmatters-lazy\" alt=\"\" decoding=\"async\" src=\"https:\/\/www.europesays.com\/fi\/wp-content\/uploads\/2026\/01\/140702155001-05-forrest-gump-restricted1.jpg\"  data-\/> Jenny\u00e4 n\u00e4ytteli Robin Wright.<\/p>\n<p>Lue my\u00f6s: <a href=\"https:\/\/www.episodi.fi\/uutiset\/muistatko-gary-sinisen-forrest-gump-ja-csiny-tahti-kaansi-selkansa-hollywoodille\/\" title=\"Muistatko Gary Sinisen? Forrest Gump- ja CSI:NY-t\u00e4hti k\u00e4\u00e4nsi selk\u00e4ns\u00e4 Hollywoodille\" class=\"underline-custom !font-montserrat !font-bold !underline-offset-4 !decoration-4 !decoration-episodi-blue !text-md\" rel=\"nofollow noopener\" target=\"_blank\">Muistatko Gary Sinisen? Forrest Gump- ja CSI:NY-t\u00e4hti k\u00e4\u00e4nsi selk\u00e4ns\u00e4 Hollywoodille<\/a><\/p>\n<p>Ohjaajana toimii <strong>Robert Zemeckis<\/strong>, joka muistetaan my\u00f6s Paluu tulevaisuuteen -elokuvien tekij\u00e4n\u00e4. Elokuva sai 13 Oscar-ehdokkuutta, ja se voitti kuusi Oscaria\u00a0 (mm. paras elokuva, paras ohjaus, paras k\u00e4sikirjoitus). Se oli my\u00f6s kaupallinen menestys, josta Hanks tienasi paljon rahaa. Tienestins\u00e4 h\u00e4n varmisti sopimuspyk\u00e4l\u00e4ll\u00e4, joka takasi h\u00e4nelle prosenttiosuuden tuotoista. Hanks tienasi 40 miljoonaa dollaria.<\/p>\n<p>Elokuvan tuottajiin kuuluva <strong>Wendy Finerman<\/strong> uskoo, ettei t\u00e4llaista elokuvaa voisi en\u00e4\u00e4 nykyp\u00e4iv\u00e4n\u00e4 tehd\u00e4. H\u00e4n ei usko, ett\u00e4 sellaiselle l\u00f6ytyisi budjettia.<\/p>\n<p>\u2013 Forrest Gumpin tekeminen t\u00e4n\u00e4 p\u00e4iv\u00e4n\u00e4 olisi todella vaikeaa. Se kun oli vaikeaa jo monta vuotta sitten, Finerman kertoi.<\/p>\n<p>Alla traileri.<\/p>\n<p>Tulevat l\u00e4hetykset:<\/p>\n<ul class=\"wp-block-list\">\n<li>Su 4.1.2026 klo 14.05, Nelonen<\/li>\n<li>Pe 9.1.2026 klo 23.30 \u00b7 Nelonen<\/li>\n<\/ul>\n<p>Lue my\u00f6s: <a href=\"https:\/\/www.episodi.fi\/uutiset\/nyt-suoratoistossa-ehka-kaikkien-aikojen-paras-sotaelokuva-julma-yksityiskohta-meni-katsojilta-ohi\/\" title=\"Nyt suoratoistossa: Ehk\u00e4 kaikkien aikojen paras sotaelokuva \u2013 julma yksityiskohta meni katsojilta ohi\" class=\"underline-custom !font-montserrat !font-bold !underline-offset-4 !decoration-4 !decoration-episodi-blue !text-md\" rel=\"nofollow noopener\" target=\"_blank\">Nyt suoratoistossa: Ehk\u00e4 kaikkien aikojen paras sotaelokuva \u2013 julma yksityiskohta meni katsojilta ohi<\/a><\/p>\n<p>Lue my\u00f6s: <a href=\"https:\/\/www.episodi.fi\/uutiset\/wes-andersonin-uusin-leffa-tuli-suoratoistoon-tempaa-katsojan-varikkaiden-hahmojen-maailmaan\/\" title=\"Wes Andersonin uusin leffa tuli suoratoistoon \u2013 del Toro teki p\u00e4\u00e4t\u00f6ksen luettuaan ensimm\u00e4isen kohtauksen\" class=\"underline-custom !font-montserrat !font-bold !underline-offset-4 !decoration-4 !decoration-episodi-blue !text-md\" rel=\"nofollow noopener\" target=\"_blank\">Wes Andersonin uusin leffa tuli suoratoistoon \u2013 del Toro teki p\u00e4\u00e4t\u00f6ksen luettuaan ensimm\u00e4isen kohtauksen<\/a><\/p>\n<p>Lue my\u00f6s: <a href=\"https:\/\/www.episodi.fi\/uutiset\/nyt-netflixissa-taydellinen-viihdeplajays-ohjaaja-tosin-pohti-tom-hanksin-sopivuutta-rooliin\/\" title=\"Nyt Netflixiss\u00e4: T\u00e4ydellinen viihdepl\u00e4j\u00e4ys \u2013 ohjaaja tosin pohti Tom Hanksin sopivuutta rooliin\" class=\"underline-custom !font-montserrat !font-bold !underline-offset-4 !decoration-4 !decoration-episodi-blue !text-md\" rel=\"nofollow noopener\" target=\"_blank\">Nyt Netflixiss\u00e4: T\u00e4ydellinen viihdepl\u00e4j\u00e4ys \u2013 ohjaaja tosin pohti Tom Hanksin sopivuutta rooliin<\/a><\/p>\n<p><img loading=\"lazy\" decoding=\"async\" alt=\"YouTube video\" width=\"480\" height=\"360\" data-pin-nopin=\"true\" nopin=\"nopin\" class=\"perfmatters-lazy\" src=\"https:\/\/www.europesays.com\/fi\/wp-content\/uploads\/2026\/01\/1767510368_463_hqdefault.jpg\"\/><\/p>\n<p>L\u00e4hde: <a href=\"https:\/\/metro.co.uk\/2019\/06\/24\/forrest-gump-wouldnt-get-made-2019-according-producer-10053652\/\" target=\"_blank\" rel=\"noreferrer noopener nofollow\">Metro<\/a><\/p>\n<p>Lue my\u00f6s: <a href=\"https:\/\/www.episodi.fi\/uutiskirje\/?uutiskirjemainos=tekstilinkkimainos\" title=\"Tilaa Episodin uutiskirje ja voit voittaa leffalippuja! Nappaa tv-vinkit suoraan s\u00e4hk\u00f6postiin t\u00e4st\u00e4.\" class=\"underline-custom !font-montserrat !font-bold !underline-offset-4 !decoration-4 !decoration-episodi-blue !text-md\" rel=\"nofollow noopener\" target=\"_blank\">Tilaa Episodin uutiskirje ja voit voittaa leffalippuja! Nappaa katseluvinkit suoraan s\u00e4hk\u00f6postiin t\u00e4st\u00e4.<\/a><\/p>\n","protected":false},"excerpt":{"rendered":"Televisiotarjonnasta l\u00f6ytyy t\u00e4n\u00e4\u00e4n elokuva Forrest Gump (1994), yksi 1990-luvun tunnetuimmista ja pidetyimmist\u00e4 Hollywood-klassikoista. Tom Hanksin elokuva yhdist\u00e4\u00e4 draamaa,&hellip;\n","protected":false},"author":2,"featured_media":133028,"comment_status":"","ping_status":"","sticky":false,"template":"","format":"standard","meta":{"footnotes":""},"categories":[130],"tags":[137,33,31,30,32,139,109],"class_list":{"0":"post-133027","1":"post","2":"type-post","3":"status-publish","4":"format-standard","5":"has-post-thumbnail","7":"category-viihde","8":"tag-entertainment","9":"tag-fi","10":"tag-finland","11":"tag-finnish","12":"tag-suomi","13":"tag-tv-ohjelmat","14":"tag-viihde"},"share_on_mastodon":{"url":"https:\/\/pubeurope.com\/@fi\/115835566908523461","error":""},"_links":{"self":[{"href":"https:\/\/www.europesays.com\/fi\/wp-json\/wp\/v2\/posts\/133027","targetHints":{"allow":["GET"]}}],"collection":[{"href":"https:\/\/www.europesays.com\/fi\/wp-json\/wp\/v2\/posts"}],"about":[{"href":"https:\/\/www.europesays.com\/fi\/wp-json\/wp\/v2\/types\/post"}],"author":[{"embeddable":true,"href":"https:\/\/www.europesays.com\/fi\/wp-json\/wp\/v2\/users\/2"}],"replies":[{"embeddable":true,"href":"https:\/\/www.europesays.com\/fi\/wp-json\/wp\/v2\/comments?post=133027"}],"version-history":[{"count":0,"href":"https:\/\/www.europesays.com\/fi\/wp-json\/wp\/v2\/posts\/133027\/revisions"}],"wp:featuredmedia":[{"embeddable":true,"href":"https:\/\/www.europesays.com\/fi\/wp-json\/wp\/v2\/media\/133028"}],"wp:attachment":[{"href":"https:\/\/www.europesays.com\/fi\/wp-json\/wp\/v2\/media?parent=133027"}],"wp:term":[{"taxonomy":"category","embeddable":true,"href":"https:\/\/www.europesays.com\/fi\/wp-json\/wp\/v2\/categories?post=133027"},{"taxonomy":"post_tag","embeddable":true,"href":"https:\/\/www.europesays.com\/fi\/wp-json\/wp\/v2\/tags?post=133027"}],"curies":[{"name":"wp","href":"https:\/\/api.w.org\/{rel}","templated":true}]}}