{"id":13303,"date":"2025-08-22T16:31:07","date_gmt":"2025-08-22T16:31:07","guid":{"rendered":"https:\/\/www.europesays.com\/fi\/13303\/"},"modified":"2025-08-22T16:31:07","modified_gmt":"2025-08-22T16:31:07","slug":"lukashenka-vaittaa-putinin-estaneen-merkittavan-iskun-kiovaan-uutissuomalainen","status":"publish","type":"post","link":"https:\/\/www.europesays.com\/fi\/13303\/","title":{"rendered":"Lukashenka v\u00e4itt\u00e4\u00e4 Putinin est\u00e4neen merkitt\u00e4v\u00e4n iskun Kiovaan | Uutissuomalainen"},"content":{"rendered":"<p>Valko-Ven\u00e4j\u00e4n presidentti <strong>Aljaksandr Lukashenka<\/strong> v\u00e4itt\u00e4\u00e4 Ven\u00e4j\u00e4n presidentin <strong>Vladimir Putinin<\/strong> est\u00e4neen monik\u00e4rkiohjus Oreshnikilla Kiovaan suunnitellun iskun, Valko-Ven\u00e4j\u00e4n valtiollinen uutistoimisto <a href=\"https:\/\/belta.by\/president\/view\/lukashenko-rasskazal-o-mirnom-plane-po-ukraine-o-kotorom-govoril-v-razgovore-s-trampom-733326-2025\/\" rel=\"nofollow noopener\" target=\"_blank\">Belta<\/a> kertoo.<\/p>\n<p>Asiantuntijoiden mukaan Oreshnik-ohjus on kehitetty Ven\u00e4j\u00e4n aiemman RS-26 Rubezh -ohjuksen pohjilta. Ven\u00e4j\u00e4 ja Valko-Ven\u00e4j\u00e4 ovat hehkuttaneet sen kyvykkyyksi\u00e4 ja uhkailleet niin Ukrainaa kuin l\u00e4ntt\u00e4.<\/p>\n<p>Toimittajille perjantaina puhunut Lukashenka v\u00e4itt\u00e4\u00e4 Ven\u00e4j\u00e4n olleen valmis eskaloimaan Ukrainassa k\u00e4ym\u00e4\u00e4ns\u00e4 sotaa iskem\u00e4ll\u00e4 uudella aseellaan &#8221;Kiovan hallinnolle herkkiin kohteisiin&#8221;.<\/p>\n<p>\u2013 Kerron teille sis\u00e4piiritietoa. Joillakuilla Ven\u00e4j\u00e4ll\u00e4 oli sellaisia suunnitelmia. Putin sanoi, ettei se k\u00e4y. Jos he olisivat ampuneet Oreshnikill\u00e4 p\u00e4\u00e4t\u00f6ksentekokeskuksiin, mit\u00e4\u00e4n ei olisi j\u00e4\u00e4nyt j\u00e4ljelle, Lukashenka v\u00e4itt\u00e4\u00e4.<\/p>\n<p>Itsevaltaisesti maataan hallitseva Lukashenka tunnetaan suurista lausunnoista.<\/p>\n","protected":false},"excerpt":{"rendered":"Valko-Ven\u00e4j\u00e4n presidentti Aljaksandr Lukashenka v\u00e4itt\u00e4\u00e4 Ven\u00e4j\u00e4n presidentin Vladimir Putinin est\u00e4neen monik\u00e4rkiohjus Oreshnikilla Kiovaan suunnitellun iskun, Valko-Ven\u00e4j\u00e4n valtiollinen uutistoimisto&hellip;\n","protected":false},"author":2,"featured_media":13304,"comment_status":"","ping_status":"","sticky":false,"template":"","format":"standard","meta":{"footnotes":""},"categories":[14],"tags":[22,23,26,27,33,31,30,17,3488,24,25,28,29,15,18,21,142,637,32,19,20,549,56,16,1262,1665,2257,59,60,61],"class_list":{"0":"post-13303","1":"post","2":"type-post","3":"status-publish","4":"format-standard","5":"has-post-thumbnail","7":"category-ulkomaat","8":"tag-breaking-news","9":"tag-breakingnews","10":"tag-featured-news","11":"tag-featurednews","12":"tag-fi","13":"tag-finland","14":"tag-finnish","15":"tag-headlines","16":"tag-kiova","17":"tag-latest-news","18":"tag-latestnews","19":"tag-main-news","20":"tag-mainnews","21":"tag-news","22":"tag-otsikot","23":"tag-paauutiset","24":"tag-poliitikot","25":"tag-politiikka","26":"tag-suomi","27":"tag-top-stories","28":"tag-topstories","29":"tag-ukrainan-sota","30":"tag-ulkomaat","31":"tag-uutiset","32":"tag-venajan-politiikka","33":"tag-venalaiset-poliitikot","34":"tag-vladimir-putin","35":"tag-world","36":"tag-world-news","37":"tag-worldnews"},"share_on_mastodon":{"url":"","error":""},"_links":{"self":[{"href":"https:\/\/www.europesays.com\/fi\/wp-json\/wp\/v2\/posts\/13303","targetHints":{"allow":["GET"]}}],"collection":[{"href":"https:\/\/www.europesays.com\/fi\/wp-json\/wp\/v2\/posts"}],"about":[{"href":"https:\/\/www.europesays.com\/fi\/wp-json\/wp\/v2\/types\/post"}],"author":[{"embeddable":true,"href":"https:\/\/www.europesays.com\/fi\/wp-json\/wp\/v2\/users\/2"}],"replies":[{"embeddable":true,"href":"https:\/\/www.europesays.com\/fi\/wp-json\/wp\/v2\/comments?post=13303"}],"version-history":[{"count":0,"href":"https:\/\/www.europesays.com\/fi\/wp-json\/wp\/v2\/posts\/13303\/revisions"}],"wp:featuredmedia":[{"embeddable":true,"href":"https:\/\/www.europesays.com\/fi\/wp-json\/wp\/v2\/media\/13304"}],"wp:attachment":[{"href":"https:\/\/www.europesays.com\/fi\/wp-json\/wp\/v2\/media?parent=13303"}],"wp:term":[{"taxonomy":"category","embeddable":true,"href":"https:\/\/www.europesays.com\/fi\/wp-json\/wp\/v2\/categories?post=13303"},{"taxonomy":"post_tag","embeddable":true,"href":"https:\/\/www.europesays.com\/fi\/wp-json\/wp\/v2\/tags?post=13303"}],"curies":[{"name":"wp","href":"https:\/\/api.w.org\/{rel}","templated":true}]}}