{"id":133031,"date":"2026-01-04T07:10:11","date_gmt":"2026-01-04T07:10:11","guid":{"rendered":"https:\/\/www.europesays.com\/fi\/133031\/"},"modified":"2026-01-04T07:10:11","modified_gmt":"2026-01-04T07:10:11","slug":"analyysi-trumpin-suunnitelma-venezuelan-tulevaisuudelle-on-selvan-imperialistinen-jos-hanen-omia-puheitaan-on-uskominen-ulkomaat","status":"publish","type":"post","link":"https:\/\/www.europesays.com\/fi\/133031\/","title":{"rendered":"Analyysi: Trumpin suunnitelma Venezuelan tulevaisuudelle on selv\u00e4n imperialistinen, jos h\u00e4nen omia puheitaan on uskominen | Ulkomaat"},"content":{"rendered":"<p class=\"aw-1gybjub aw-1p7kakr kEtdKx cEmitX yle__article__paragraph\"><strong class=\"aw-ak79eh KyCXm yle__article__strong\">WASHINGTON<\/strong> Yhdysvaltojen asevoimien kyvykkyys jaksaa \u00e4llistytt\u00e4\u00e4, eik\u00e4 v\u00e4hiten oman maan presidentti\u00e4 <strong class=\"aw-ak79eh KyCXm yle__article__strong\">Donald Trumpia<\/strong>.<\/p>\n<p class=\"aw-1gybjub aw-1p7kakr kEtdKx cEmitX yle__article__paragraph\">Useiden viikkojen ajan Venezuelan julman diktaattorin <strong class=\"aw-ak79eh KyCXm yle__article__strong\">Nicol\u00e1s Maduron<\/strong> kujanjuoksun ennustettiin olevan p\u00e4\u00e4ttym\u00e4isill\u00e4\u00e4n.<\/p>\n<p class=\"aw-1gybjub aw-1p7kakr kEtdKx cEmitX yle__article__paragraph\">Silti juuri kukaan ei osannut odottaa, ett\u00e4 Yhdysvallat pystyisi ilman miestappioita kaappaamaan Maduron bunkkeristaan el\u00e4v\u00e4n\u00e4 ja kuljettamaan h\u00e4net viel\u00e4 samana p\u00e4iv\u00e4n\u00e4 pid\u00e4tettyn\u00e4 New Yorkiin.<\/p>\n<p class=\"aw-1gybjub aw-1p7kakr kEtdKx cEmitX yle__article__paragraph\">Trump sanoi, ett\u00e4 operaation seuraaminen suorana oli kuin uskomatonta televisiota. Tiedustelulta ja armeijalta se olikin viel\u00e4 vaikuttavampi voimann\u00e4ytt\u00f6 kuin Yhdysvaltojen isku Iranin ydinohjelmaan viime kes\u00e4n\u00e4.<\/p>\n<p><img decoding=\"async\" alt=\"Kuvassa Nicolas Maduro.\" src=\"https:\/\/www.europesays.com\/fi\/wp-content\/uploads\/2026\/01\/1767510610_738_39-1576870695947366a25a.jpeg\" loading=\"lazy\" class=\"aw-1l9m598 hKVVvP\"\/><\/p>\n<p>Avaa kuvien katselu<\/p>\n<p>Donald Trump julkaisi viestipalvelussaan kuvan kiinni otetusta Nicol\u00e1s Madurosta USS Iwo Jima -maihinnousualuksella. Kuva: truthsocial.com<\/p>\n<p class=\"aw-1gybjub aw-1p7kakr kEtdKx cEmitX yle__article__paragraph\">Vuorokausi iskun j\u00e4lkeen n\u00e4ytt\u00e4\u00e4, ett\u00e4 Maduron kaappaaminen oli virheet\u00f6n sotilasoperaatio, jonka takana on imperialistinen ja improvisoitu suunnitelma Venezuelan tulevaisuudelle.<\/p>\n<p class=\"aw-1gybjub aw-1p7kakr kEtdKx cEmitX yle__article__paragraph\">V\u00e4litt\u00f6m\u00e4sti ensiuutisten j\u00e4lkeen operaatio n\u00e4ytti Trumpilta jo tavaramerkiksi muodostuneelta yksitt\u00e4iselt\u00e4 iskulta, jolla pyrittiin v\u00e4ltt\u00e4m\u00e4\u00e4n Yhdysvaltojen joukkojen l\u00e4hett\u00e4minen Venezuelan maaper\u00e4lle pitk\u00e4ksi aikaa.<\/p>\n<p class=\"aw-1gybjub aw-1p7kakr kEtdKx cEmitX yle__article__paragraph\">Sitten Trump asteli Floridassa tiedotustilaisuuteen, jossa h\u00e4n sanoi Yhdysvaltojen aikovan johtaa Venezuelaa jonkin aikaa, ehk\u00e4 noin seuraavan vuoden ajan, kunnes maassa saadaan hoidettua hallittu vallanvaihto.<\/p>\n<p class=\"aw-1gybjub aw-1p7kakr kEtdKx cEmitX yle__article__paragraph\">Lausunto oli kummallinen, koska Maduron nappaamisen j\u00e4lkeen h\u00e4nen hallintonsa pilarit eiv\u00e4t v\u00e4litt\u00f6m\u00e4sti kaatuneet. Varapresidentti <strong class=\"aw-ak79eh KyCXm yle__article__strong\">Delcy Rodr\u00edguez<\/strong> otti vastaan toimen virkaatekev\u00e4n\u00e4 presidenttin\u00e4 ja alkoi vaatia Maduron vapauttamista.<\/p>\n<p>Donald Trump sanoi, ett\u00e4 Yhdysvallat aikoo hallita Venezuelaa.<\/p>\n<p class=\"aw-1gybjub aw-1p7kakr kEtdKx cEmitX yle__article__paragraph\">Trump hyv\u00e4ksyi jokseenkin suoraan, ett\u00e4 Rodr\u00edguez johtaa t\u00e4ll\u00e4 hetkell\u00e4 Venezuelaa. Toisaalta h\u00e4n varoitti, ett\u00e4 kaikkien Maduron kannattajien p\u00e4iv\u00e4t ovat luetut.<\/p>\n<p class=\"aw-1gybjub aw-1p7kakr kEtdKx cEmitX yle__article__paragraph\">Venezuelan operaation ilmeisen selv\u00e4n\u00e4 johtohahmona toimiva ulkoministeri <strong class=\"aw-ak79eh KyCXm yle__article__strong\">Marco Rubio<\/strong> sanoi puhuneensa jo Rodr\u00edguezin kanssa puhelimessa.<\/p>\n<p class=\"aw-1gybjub aw-1p7kakr kEtdKx cEmitX yle__article__paragraph\">Trump sanoi, ett\u00e4 Rodr\u00edguez vaikuttaa olevan \u201dvalmis toimimaan v\u00e4ltt\u00e4m\u00e4tt\u00f6m\u00e4ll\u00e4 tavalla, jotta Venezuelasta saadaan tehty\u00e4 j\u00e4lleen suuri\u201d.<\/p>\n<p class=\"aw-1gybjub aw-1p7kakr kEtdKx cEmitX yle__article__paragraph\">Trumpin sanat kuulostivat silt\u00e4, ett\u00e4 Rodr\u00edguezin tulee k\u00e4\u00e4nty\u00e4 Trumpin liittolaiseksi ja ker\u00e4t\u00e4 asevoimien tuki taakseen, jos h\u00e4n haluaa pysy\u00e4 itse vallassa.<\/p>\n<p class=\"aw-1gybjub aw-1p7kakr kEtdKx cEmitX yle__article__paragraph\">Trump lis\u00e4si uhkaukseksi, ett\u00e4 h\u00e4n on yh\u00e4 valmis l\u00e4hett\u00e4m\u00e4\u00e4n Venezuelaan maajoukkoja, jos tarve vaatii.<\/p>\n<p class=\"aw-1gybjub aw-1p7kakr kEtdKx cEmitX yle__article__paragraph\">T\u00e4ll\u00e4 hetkell\u00e4 Trump n\u00e4ytt\u00e4\u00e4 kuitenkin tekev\u00e4n Rodr\u00edguezin kanssa alustavaa yhteisty\u00f6t\u00e4, koska Trump purki Karibialle m\u00e4\u00e4r\u00e4\u00e4m\u00e4ns\u00e4 ilmatilan sulun sunnuntaina keskiy\u00f6ll\u00e4.<\/p>\n<p class=\"aw-1gybjub aw-1p7kakr kEtdKx cEmitX yle__article__paragraph\">Maduron hallinnon vastustuksen kasvoiksi nousseen Nobel-voittaja <strong class=\"aw-ak79eh KyCXm yle__article__strong\">Mar\u00eda Corina Machadon<\/strong> Trump sen sijaan hylk\u00e4si t\u00e4ysin. Trump sanoi ilman perusteluja, ett\u00e4 Machadolla ei ole ei ole arvostusta ja kannatusta kotimaassaan.<\/p>\n<p class=\"aw-1gybjub aw-1p7kakr kEtdKx cEmitX yle__article__paragraph\">Aiemmin p\u00e4iv\u00e4ll\u00e4 Machado kehotti venezuelalaisia kaduille hylk\u00e4\u00e4m\u00e4\u00e4n Maduron hallinnon rippeet, mutta toistaiseksi suuremmista protesteista ei ole tietoa.<\/p>\n<p>Trump haluaa \u00f6ljyvarannoille<\/p>\n<p class=\"aw-1gybjub aw-1p7kakr kEtdKx cEmitX yle__article__paragraph\">Trumpin puheiden perusteella h\u00e4nell\u00e4 ei ole mit\u00e4\u00e4n kiirett\u00e4 j\u00e4rjest\u00e4\u00e4 Venezuelaan demokraattisia vaaleja, jos maassa saadaan pidetty\u00e4 pystyss\u00e4 h\u00e4nelle my\u00f6nteinen hallinto, joka takaa Yhdysvalloille p\u00e4\u00e4syn Venezuelan \u00f6ljyvarannoille.<\/p>\n<p class=\"aw-1gybjub aw-1p7kakr kEtdKx cEmitX yle__article__paragraph\">\u2013 Aikomuksemme on saada \u00f6ljy virtaamaan niin kuin sen kuuluukin, Trump sanoi.<\/p>\n<p class=\"aw-1gybjub aw-1p7kakr kEtdKx cEmitX yle__article__paragraph\">Puheet vieraan valtion v\u00e4liaikaisesta johtamisesta ja hallitusta vallanvaihdosta joskus hamassa tulevaisuudessa kuulostivat tulleen kuin <strong class=\"aw-ak79eh KyCXm yle__article__strong\">George W. Bushin<\/strong> suusta Afganistanin ja Irakin sotien alkuaikoina.<\/p>\n<p class=\"aw-1gybjub aw-1p7kakr kEtdKx cEmitX yle__article__paragraph\">Trump on kritisoinut aina, ett\u00e4 Yhdysvaltojen olisi pit\u00e4nyt ottaa Irakista mukaansa enemm\u00e4n \u00f6ljy\u00e4, koska sota oli maalle niin kallis.<\/p>\n<p class=\"aw-1gybjub aw-1p7kakr kEtdKx cEmitX yle__article__paragraph\">Nyt Trump kuulosti ajattelevan, ett\u00e4 pitk\u00e4aikaisempi sekaantuminen Venezuelaan on rahan ja vaivan arvoista, jos vain p\u00e4\u00e4sy \u00f6ljykentille varmistuu.<\/p>\n<p><img decoding=\"async\" alt=\"Venezuelan varapresidentti Delcy Rodriguez puhumassa.\" src=\"https:\/\/www.europesays.com\/fi\/wp-content\/uploads\/2026\/01\/39-1576848695923bc042e0.jpeg\" loading=\"lazy\" class=\"aw-1l9m598 hKVVvP\"\/><\/p>\n<p>Avaa kuvien katselu<\/p>\n<p>Venezuelan varapresidentti Delcy Rodr\u00edguez kuvattuna Caracasissa joulukuussa. H\u00e4n johtaa t\u00e4ll\u00e4 hetkell\u00e4 Venezuelaa virkaatekev\u00e4n\u00e4 presidenttin\u00e4. Kuva: Pedro Mattey \/ AFP \/ Lehtikuva<\/p>\n<p class=\"aw-1gybjub aw-1p7kakr kEtdKx cEmitX yle__article__paragraph\">Trumpin ulkopolitiikka on nojannut vuosien ajan lupaukseen ikuisten sotien v\u00e4ltt\u00e4misest\u00e4, mutta Amerikan mantereen kohdalla h\u00e4n on ulkoministeri Rubion kannustuksella ilmeisen halukas tekem\u00e4\u00e4n lupauksessa poikkeuksen.<\/p>\n<p class=\"aw-1gybjub aw-1p7kakr kEtdKx cEmitX yle__article__paragraph\">Trump sanoi pit\u00e4v\u00e4ns\u00e4 kovin sanaleikist\u00e4 Donroen oppi, jossa h\u00e4n saa oman nimens\u00e4 mukaan Monroen oppiin. Opin mukaan Amerikan mantere on Yhdysvaltojen takapihaa.<\/p>\n<p class=\"aw-1gybjub aw-1p7kakr kEtdKx cEmitX yle__article__paragraph\">\u2013 Yhdysvaltojen valta-asemaa l\u00e4ntisell\u00e4 pallonpuoliskolla ei en\u00e4\u00e4 koskaan kyseenalaisteta, Trump sanoi.<\/p>\n<p class=\"aw-1gybjub aw-1p7kakr kEtdKx cEmitX yle__article__paragraph\">Pian tiedotustilaisuuden j\u00e4lkeen Trumpin l\u00e4heisen avustajan <strong class=\"aw-ak79eh KyCXm yle__article__strong\">Stephen Millerin<\/strong> vaimo <strong class=\"aw-ak79eh KyCXm yle__article__strong\">Katie<\/strong> julkaisi sosiaalisessa mediassa kuvan Gr\u00f6nlannista Yhdysvaltojen v\u00e4reiss\u00e4.<\/p>\n<p class=\"aw-1gybjub aw-1p7kakr kEtdKx cEmitX yle__article__paragraph\">\u2013 PIAN, Miller kirjoitti.<\/p>\n<p class=\"aw-1gybjub aw-1p7kakr kEtdKx cEmitX yle__article__paragraph\">Tanskan onni on, ett\u00e4 toistaiseksi ulkoministeri Rubio ei ole ollut lainkaan yht\u00e4 kiinnostunut Gr\u00f6nlannista kuin Latinalaisen Amerikan maista.<\/p>\n","protected":false},"excerpt":{"rendered":"WASHINGTON Yhdysvaltojen asevoimien kyvykkyys jaksaa \u00e4llistytt\u00e4\u00e4, eik\u00e4 v\u00e4hiten oman maan presidentti\u00e4 Donald Trumpia. Useiden viikkojen ajan Venezuelan julman&hellip;\n","protected":false},"author":2,"featured_media":133032,"comment_status":"","ping_status":"","sticky":false,"template":"","format":"standard","meta":{"footnotes":""},"categories":[14],"tags":[22,23,585,26,27,33,31,30,17,24,25,28,29,15,7595,18,21,32,19,20,56,16,7605,59,60,61,619],"class_list":{"0":"post-133031","1":"post","2":"type-post","3":"status-publish","4":"format-standard","5":"has-post-thumbnail","7":"category-ulkomaat","8":"tag-breaking-news","9":"tag-breakingnews","10":"tag-donald-trump","11":"tag-featured-news","12":"tag-featurednews","13":"tag-fi","14":"tag-finland","15":"tag-finnish","16":"tag-headlines","17":"tag-latest-news","18":"tag-latestnews","19":"tag-main-news","20":"tag-mainnews","21":"tag-news","22":"tag-nicolas-maduro","23":"tag-otsikot","24":"tag-paauutiset","25":"tag-suomi","26":"tag-top-stories","27":"tag-topstories","28":"tag-ulkomaat","29":"tag-uutiset","30":"tag-venezuela","31":"tag-world","32":"tag-world-news","33":"tag-worldnews","34":"tag-yhdysvallat"},"share_on_mastodon":{"url":"https:\/\/pubeurope.com\/@fi\/115835582767343122","error":""},"_links":{"self":[{"href":"https:\/\/www.europesays.com\/fi\/wp-json\/wp\/v2\/posts\/133031","targetHints":{"allow":["GET"]}}],"collection":[{"href":"https:\/\/www.europesays.com\/fi\/wp-json\/wp\/v2\/posts"}],"about":[{"href":"https:\/\/www.europesays.com\/fi\/wp-json\/wp\/v2\/types\/post"}],"author":[{"embeddable":true,"href":"https:\/\/www.europesays.com\/fi\/wp-json\/wp\/v2\/users\/2"}],"replies":[{"embeddable":true,"href":"https:\/\/www.europesays.com\/fi\/wp-json\/wp\/v2\/comments?post=133031"}],"version-history":[{"count":0,"href":"https:\/\/www.europesays.com\/fi\/wp-json\/wp\/v2\/posts\/133031\/revisions"}],"wp:featuredmedia":[{"embeddable":true,"href":"https:\/\/www.europesays.com\/fi\/wp-json\/wp\/v2\/media\/133032"}],"wp:attachment":[{"href":"https:\/\/www.europesays.com\/fi\/wp-json\/wp\/v2\/media?parent=133031"}],"wp:term":[{"taxonomy":"category","embeddable":true,"href":"https:\/\/www.europesays.com\/fi\/wp-json\/wp\/v2\/categories?post=133031"},{"taxonomy":"post_tag","embeddable":true,"href":"https:\/\/www.europesays.com\/fi\/wp-json\/wp\/v2\/tags?post=133031"}],"curies":[{"name":"wp","href":"https:\/\/api.w.org\/{rel}","templated":true}]}}