{"id":133043,"date":"2026-01-04T07:32:18","date_gmt":"2026-01-04T07:32:18","guid":{"rendered":"https:\/\/www.europesays.com\/fi\/133043\/"},"modified":"2026-01-04T07:32:18","modified_gmt":"2026-01-04T07:32:18","slug":"katri-helenan-ja-tommi-liimataisen-yllattava-kohtaaminen-roxetten-per-gesslen-kanssa","status":"publish","type":"post","link":"https:\/\/www.europesays.com\/fi\/133043\/","title":{"rendered":"Katri Helenan ja Tommi Liimataisen yll\u00e4tt\u00e4v\u00e4 kohtaaminen Roxetten Per Gesslen kanssa"},"content":{"rendered":"<p>            Petri Voutilainen\n        <\/p>\n<p class=\"subtitle \">Katri poseerasi rakkaansa kanssa yll\u00e4tt\u00e4v\u00e4ss\u00e4 seurassa.<\/p>\n<p class=\"article-content article-content-width !bg-background\">Vastik\u00e4\u00e4n uransa p\u00e4\u00e4tt\u00e4nyt iskelm\u00e4legenda , 80, ja h\u00e4nen rakkaansa , 48, yll\u00e4ttiv\u00e4t poseeraamalla samassa kuvassa yhdess\u00e4 ruotsalaisyhtye Roxetten solistin,  kanssa.<\/p>\n<p class=\"article-content article-content-width !bg-background\">Tommi kertasi 31. joulukuuta julkaisemassaan <a href=\"https:\/\/www.facebook.com\/tommi.liimatainen\" target=\"_blank\" rel=\"nofollow noopener\">Facebook-julkaisussa <\/a>kulunutta vuottaan, joka oli pit\u00e4nyt sis\u00e4ll\u00e4\u00e4n kaikessa hiljaisuudessa my\u00f6s kohtaamisen ikonisen ruotsalaismuusikon kanssa.<\/p>\n<p>Ikimuistoinen tilanne<\/p>\n<p class=\"article-content article-content-width !bg-background\">Tommi kertoo julkaisussaan vuodesta 2025 j\u00e4\u00e4neen mieleen monia hyvi\u00e4 ja vaikeitakin muistoja. Kohtaaminen Roxetten laulajan kanssa oli h\u00e4nelle kuitenkin yksi erityisesti mieleenpainunut tapahtuma viime vuodelta.<\/p>\n<p class=\"article-content article-content-width !bg-background\"> \u2013 Toi Roxeten keikka oli muuten upea kaikin puolin ja itselle ikimuistoinen tilanne p\u00e4\u00e4st\u00e4 tapaamaan yhtyeen j\u00e4senet.Kiitos siit\u00e4 Katrille ja Villelle, joka tilanteen taltioi sek\u00e4 henkil\u00f6ille jotka mahdollistivat tapaamisen, Tommi kirjoittaa.<\/p>\n<p class=\"article-content article-content-width !bg-background\">Kuvassa Tommi k\u00e4ttelee solisti-Peri\u00e4, Helenan katsoessa tilannetta vierest\u00e4 hymysuin.<\/p>\n<p>        <a itemprop=\"url\" href=\"https:\/\/www.seiska.fi\/vain-seiskassa\/yllattava-tieto-tommi-liimataisesta-ja-katri-helenasta\/1998608\" rel=\"nofollow noopener\" target=\"_blank\"><\/p>\n<p>\nTommi Liimatainen ja Katri Helena\n<\/p>\n<p class=\"section-date\">\n        <strong class=\"article-section\" data-section=\"vain seiskassa\"><br \/>\n            vain seiskassa<br \/>\n        <\/strong><br \/>\n        30.11.2025 07:00\n    <\/p>\n<p>Yll\u00e4tt\u00e4v\u00e4 tieto Tommi Liimataisesta ja Katri Helenasta!\n    <\/p>\n<p itemprop=\"description\" class=\"subtitle \">\n    Seiska selvitti h\u00e4\u00e4huhuissa vellovien Katri Helenan ja Tommin raha-asiat.\n<\/p>\n<p>        <\/a><\/p>\n<p class=\"article-content article-content-width !bg-background\">Roxette esiintyi Suomessa vuonna 2025 osana Roxette In Concert -kiertuetta ensin kes\u00e4ll\u00e4 Porin Jazzeilla, ja my\u00f6hemmin marraskuussa Helsingin Veikkaus areenalla, jolloin mit\u00e4 ilmeisimmin my\u00f6s Katrin ja Tommin tapaaminen ruotsalaist\u00e4hden kanssa k\u00e4ytiin.<\/p>\n<p>Vaikeuksia ja voittoja<\/p>\n<p class=\"article-content article-content-width !bg-background\">Tommi kuvailee vuotensa olleen vaiherikas.<\/p>\n<p class=\"article-content article-content-width !bg-background\"> \u2013 T\u00e4m\u00e4 vuosi on pian k\u00e4telty!!! Oli todella paljon hyv\u00e4\u00e4 ja matkaan mahtui my\u00f6s vaikeuksia. En valita mutta ensi vuonna v\u00e4lit\u00e4n viel\u00e4kin enemm\u00e4n, h\u00e4n tunnustaa.<\/p>\n<p>        <a itemprop=\"url\" href=\"https:\/\/www.seiska.fi\/kotimaa\/seiska-poyhi-katri-helenan-raha-asiat-firman-tililta-paljastuu-totuus-tilanteesta\/1548584\" rel=\"nofollow noopener\" target=\"_blank\"><\/p>\n<p class=\"section-date\">\n        <strong class=\"article-section\" data-section=\"kotimaa\"><br \/>\n            kotimaa<br \/>\n        <\/strong><br \/>\n        12.12.2024 05:00\n    <\/p>\n<p>Seiska p\u00f6yhi Katri Helenan raha-asiat: firman tililt\u00e4 paljastuu totuus tilanteesta\n    <\/p>\n<p itemprop=\"description\" class=\"subtitle \">\n    Iskelm\u00e4legenda laittaa pisteen uralleen, joten Seiska selvitti, miten h\u00e4n p\u00e4rj\u00e4\u00e4 taloudellisesti el\u00e4kkeell\u00e4.\n<\/p>\n<p>        <\/a><\/p>\n<p class=\"article-content article-content-width !bg-background\">Tommin ja Katrin vuoteen on mahtunut Roxetten tapaamisen lis\u00e4ksi muun muassa Katrin artistiuran p\u00e4\u00e4tt\u00e4nyt,\u00a0Viimeinen ilta -nime\u00e4 kantanut j\u00e4\u00e4hyv\u00e4iskonsertti Helsingin Olympiastadionilla 16. elokuuta.\u00a0Suurkonserttia seuraavana p\u00e4iv\u00e4n\u00e4 80 vuotta t\u00e4ytt\u00e4neen Katri Helenan musiikkiura kesti kaiken kaikkiaan yli 60 vuotta.<\/p>\n<p>                <img decoding=\"async\" src=\"https:\/\/www.europesays.com\/fi\/wp-content\/uploads\/2026\/01\/2036908.webp.jpeg\" width=\"576\" height=\"720\" alt=\"Katri ja Tommi astelivat Itsen\u00e4isyysp\u00e4iv\u00e4n juhlavastaanotolle Presidentinlinnaan illan ensimm\u00e4isin\u00e4 vieraina 6. joulukuuta.\" loading=\"lazy\" \/>            <\/p>\n<p>\n            Katri ja Tommi astelivat Itsen\u00e4isyysp\u00e4iv\u00e4n juhlavastaanotolle Presidentinlinnaan illan ensimm\u00e4isin\u00e4 vieraina 6. joulukuuta.<br \/>\n            Timo Korhonen\n        <\/p>\n<p class=\"article-content article-content-width !bg-background\">Itsen\u00e4isyysp\u00e4iv\u00e4n\u00e4 juhlavastaanoton k\u00e4ttelyjonon avannut Katri ja Tommi paljastivat samaisena iltana<a href=\"https:\/\/www.seiska.fi\/kotimaa\/nain-katri-helena-80-reagoi-tommi-puolisonsa-vauvahaaveisiin-intiimi-paljastus\/2014008\" target=\"_blank\" rel=\"nofollow noopener\"> Seiskalle<\/a> heid\u00e4n t\u00e4m\u00e4nhetkisen arkensa koostuvan muun muassa iltaisista uintireissuista, joissa Tommi ui ja Katri laskee h\u00e4nelle aikaa laiturilla.<\/p>\n","protected":false},"excerpt":{"rendered":"Petri Voutilainen Katri poseerasi rakkaansa kanssa yll\u00e4tt\u00e4v\u00e4ss\u00e4 seurassa. Vastik\u00e4\u00e4n uransa p\u00e4\u00e4tt\u00e4nyt iskelm\u00e4legenda , 80, ja h\u00e4nen rakkaansa ,&hellip;\n","protected":false},"author":2,"featured_media":133044,"comment_status":"","ping_status":"","sticky":false,"template":"","format":"standard","meta":{"footnotes":""},"categories":[130],"tags":[137,33,31,30,17016,1005,212,23438,23439,32,3837,109],"class_list":{"0":"post-133043","1":"post","2":"type-post","3":"status-publish","4":"format-standard","5":"has-post-thumbnail","7":"category-viihde","8":"tag-entertainment","9":"tag-fi","10":"tag-finland","11":"tag-finnish","12":"tag-jaahyvaiskonsertti","13":"tag-katri-helena","14":"tag-lifestyle","15":"tag-per-gessle","16":"tag-roxette","17":"tag-suomi","18":"tag-tommi-liimatainen","19":"tag-viihde"},"share_on_mastodon":{"url":"https:\/\/pubeurope.com\/@fi\/115835669258041327","error":""},"_links":{"self":[{"href":"https:\/\/www.europesays.com\/fi\/wp-json\/wp\/v2\/posts\/133043","targetHints":{"allow":["GET"]}}],"collection":[{"href":"https:\/\/www.europesays.com\/fi\/wp-json\/wp\/v2\/posts"}],"about":[{"href":"https:\/\/www.europesays.com\/fi\/wp-json\/wp\/v2\/types\/post"}],"author":[{"embeddable":true,"href":"https:\/\/www.europesays.com\/fi\/wp-json\/wp\/v2\/users\/2"}],"replies":[{"embeddable":true,"href":"https:\/\/www.europesays.com\/fi\/wp-json\/wp\/v2\/comments?post=133043"}],"version-history":[{"count":0,"href":"https:\/\/www.europesays.com\/fi\/wp-json\/wp\/v2\/posts\/133043\/revisions"}],"wp:featuredmedia":[{"embeddable":true,"href":"https:\/\/www.europesays.com\/fi\/wp-json\/wp\/v2\/media\/133044"}],"wp:attachment":[{"href":"https:\/\/www.europesays.com\/fi\/wp-json\/wp\/v2\/media?parent=133043"}],"wp:term":[{"taxonomy":"category","embeddable":true,"href":"https:\/\/www.europesays.com\/fi\/wp-json\/wp\/v2\/categories?post=133043"},{"taxonomy":"post_tag","embeddable":true,"href":"https:\/\/www.europesays.com\/fi\/wp-json\/wp\/v2\/tags?post=133043"}],"curies":[{"name":"wp","href":"https:\/\/api.w.org\/{rel}","templated":true}]}}