{"id":133051,"date":"2026-01-04T07:38:05","date_gmt":"2026-01-04T07:38:05","guid":{"rendered":"https:\/\/www.europesays.com\/fi\/133051\/"},"modified":"2026-01-04T07:38:05","modified_gmt":"2026-01-04T07:38:05","slug":"petter-northug-ilmestyi-yllattaen-vantaalle-kertoo-uudesta-roolistaan-kauden-sensaatiohiihtajan-tukena-urheilu","status":"publish","type":"post","link":"https:\/\/www.europesays.com\/fi\/133051\/","title":{"rendered":"Petter Northug ilmestyi yll\u00e4tt\u00e4en Vantaalle \u2013 kertoo uudesta roolistaan kauden sensaatio\u00adhiiht\u00e4j\u00e4n tukena | Urheilu"},"content":{"rendered":"<p class=\"aw-1gybjub aw-5vja16 kEtdKx kmuxyA yle__article__paragraph\">Hiiht\u00e4j\u00e4legenda on ollut t\u00e4rke\u00e4 palanen, kun Einar Hedegart on noussut tuntematto\u00admuudesta olympia\u00adsuosikiksi. Northug hiihti Hakunilan radan ilman pitovoiteita.<\/p>\n<p><img decoding=\"async\" alt=\"Hiiht\u00e4j\u00e4 Petter Northug.\" src=\"https:\/\/www.europesays.com\/fi\/wp-content\/uploads\/2026\/01\/39-15768536959309e9eca5.jpeg\" class=\"aw-1l9m598 hKVVvP\"\/><\/p>\n<p>Avaa kuvien katselu<\/p>\n<p>Petter Northug saapui yll\u00e4tt\u00e4en Vantaan Skandinavia-cupiin paikkaamaan pitk\u00e4n sairastelun aheuttamaa harjoitusvajetta. Hakunilan  radan kiert\u00e4minen ilman pitovoiteita on kovaa leikki\u00e4. Kuva: All Over Press<\/p>\n<p class=\"aw-1gybjub aw-1p7kakr kEtdKx cEmitX yle__article__paragraph\">Skandinavia-cupin miesten 20 kilometrin (p) hiihto s\u00e4hk\u00f6istyi lauantaina Vantaan Hakunilassa, kun l\u00e4ht\u00f6viivalle t\u00e4ysin yll\u00e4tt\u00e4en ilmoittautui kaikkien aikojen legendoihin kuuluva <strong class=\"aw-ak79eh KyCXm yle__article__strong\">Petter Northug<\/strong>.<\/p>\n<p class=\"aw-1gybjub aw-1p7kakr kEtdKx cEmitX yle__article__paragraph\">Loppiaisena 40 vuotta t\u00e4ytt\u00e4v\u00e4 Northug ei itsek\u00e4\u00e4n kovin pitk\u00e4\u00e4n suunnitellut kilpailevansa Suomen p\u00e4\u00e4kaupungin kupeessa, mist\u00e4 kertoo seuraava esimerkki.<\/p>\n<p class=\"aw-1gybjub aw-1p7kakr kEtdKx cEmitX yle__article__paragraph\">\u2013 T\u00e4m\u00e4 oli ensimm\u00e4inen kerta, kun olen hiiht\u00e4nyt t\u00e4rke\u00e4n kilpailun istuttuani ensin samana p\u00e4iv\u00e4n\u00e4 lentokoneessa, Oslosta Suomeen vasta lauantaina saapunut norjalainen kertoi.<\/p>\n<p class=\"aw-1gybjub aw-1p7kakr kEtdKx cEmitX yle__article__paragraph\">\u201dT\u00e4rke\u00e4\u201d tarkoittaa Northugille nyky\u00e4\u00e4n eri asiaa kuin aikanaan 15 arvokisavoittoa 2007\u201315 tuoneella fantastisella uralla.<\/p>\n<p class=\"aw-1gybjub aw-1p7kakr kEtdKx cEmitX yle__article__paragraph\">Ski Classics -sarjan osakilpailuista Marcialongaan ja Vasaloppetiin t\u00e4ht\u00e4\u00e4v\u00e4 Northug sairasteli loppuvuodesta paljon ja oli pitk\u00e4\u00e4n k\u00e4yt\u00e4nn\u00f6ss\u00e4 tauolla harjoittelusta. My\u00f6s kilpailut ovat <a class=\"aw-iao6s4 iHOxEa yle__article__link\" href=\"https:\/\/www.fis-ski.com\/DB\/general\/athlete-biography.html?sectorcode=CC&amp;competitorid=89637&amp;type=result\" role=\"link\" rel=\"nofollow noopener\" target=\"_blank\">j\u00e4\u00e4neet v\u00e4hiin<\/a>.<\/p>\n<p class=\"aw-1gybjub aw-1p7kakr kEtdKx cEmitX yle__article__paragraph\">\u2013 Tarvitsin kilpailuja, ja t\u00e4m\u00e4 oli hyv\u00e4 kilpailu oikeaan ajankohtaan.<\/p>\n<p>Pelkk\u00e4\u00e4 tasaty\u00f6nt\u00f6\u00e4<\/p>\n<p class=\"aw-1gybjub aw-1p7kakr kEtdKx cEmitX yle__article__paragraph\">Koska Northugin p\u00e4\u00e4tavoitteet ovat Ski Classicsin tasaty\u00f6nt\u00f6kilpailuissa, pitovoiteita ei suksenpohjiin lauantainakaan levitetty. Hakunilan p\u00e4\u00e4nousu kuudesti on pukkaamalla kovaa leikki\u00e4. Pakolliset vuorohiihtoalueet Northug sel\u00e4tti haarak\u00e4ynnill\u00e4.<\/p>\n<p class=\"aw-1gybjub aw-1p7kakr kEtdKx cEmitX yle__article__paragraph\">\u2013 P\u00e4\u00e4nousu tuntui joka kierroksella alusta loppuun kamalalta, mutta se oli juuri sit\u00e4, mit\u00e4 tarvitsin nostaakseni suorituskyky\u00e4ni. T\u00e4m\u00e4 rata oli t\u00e4h\u00e4n kohtaan juuri sit\u00e4, mit\u00e4 tarvitsin.<\/p>\n<p><img decoding=\"async\" alt=\"Einar Hedegart istuu maalialueella.\" src=\"https:\/\/www.europesays.com\/fi\/wp-content\/uploads\/2026\/01\/39-1573365694905c5b0d43.jpeg\" loading=\"lazy\" class=\"aw-1l9m598 hKVVvP\"\/><\/p>\n<p>Avaa kuvien katselu<\/p>\n<p>Einar Hedegart on saanut Petter Northugista t\u00e4rke\u00e4n sponsorin, mentorin ja sparraajan. Nuorukainen on kuumin suosikki voittamaan 10 kilometrin (v) olympiakultaa helmikuussa. Kuva: EPA<\/p>\n<p class=\"aw-1gybjub aw-1p7kakr kEtdKx cEmitX yle__article__paragraph\">Oman hiiihto- ja bisnesuransa ohessa Northug on ottanut kiinnostavan roolin t\u00e4m\u00e4n kauden todellisen hiihtosensaation <strong class=\"aw-ak79eh KyCXm yle__article__strong\">Einar Hedegartin<\/strong> lasisponsorina, mentorina ja sparraajana.<\/p>\n<p class=\"aw-1gybjub aw-1p7kakr kEtdKx cEmitX yle__article__paragraph\">Northugin kotipaikka Mosvik on lyhyen vesist\u00f6ylityksen p\u00e4\u00e4ss\u00e4 Hedegartin kotipaikasta Inder\u00f6yst\u00e4, ja ensimm\u00e4inen kontakti syntyi, kun j\u00e4lkimm\u00e4inen oli varhaisteini.<\/p>\n<p class=\"aw-1gybjub aw-1p7kakr kEtdKx cEmitX yle__article__paragraph\">\u2013 Einar pyysi minulta silloin suksia lainaksi. Ymm\u00e4rsin, ett\u00e4 h\u00e4n on erikoistapaus.<\/p>\n<p class=\"aw-1gybjub aw-1p7kakr kEtdKx cEmitX yle__article__paragraph\">Ampumahiihtouransa ainakin tauolle laittanut Hedegart on voittanut t\u00e4ll\u00e4 kaudella kaikki v\u00e4liaikal\u00e4ht\u00f6iset vapaan hiihtotavan 10 kilometrin kilpailut maailmancupissa. Huomionarvoista on se, ett\u00e4 kyse on l\u00e4hestyvien Milanon olympiahiihtojen ainoasta v\u00e4liaikal\u00e4ht\u00f6matkasta.<\/p>\n<p class=\"aw-1gybjub aw-1p7kakr kEtdKx cEmitX yle__article__paragraph\">\u2013 Einar on tehnyt fantastisen l\u00e4pimurron t\u00e4ll\u00e4 kaudella. Jos h\u00e4n pysyy terveen\u00e4, h\u00e4n on l\u00e4hell\u00e4 olympiavoittoa kympill\u00e4 ja viestiss\u00e4.<\/p>\n<p>Merkitt\u00e4v\u00e4 rooli<\/p>\n<p class=\"aw-1gybjub aw-1p7kakr kEtdKx cEmitX yle__article__paragraph\">K\u00e4yt\u00e4nn\u00f6ss\u00e4 itse itse\u00e4\u00e4n valmentavan Hedegartin olympiakunnon virityksess\u00e4 Northugin rooli ei ole v\u00e4h\u00e4inen.<\/p>\n<p class=\"aw-1gybjub aw-1p7kakr kEtdKx cEmitX yle__article__paragraph\">\u2013 Olemme yhdess\u00e4 suunnitelleet, miten h\u00e4n valmistautuu kisoihin korkeassa ilmanalassa ja miten h\u00e4n suojaa terveytt\u00e4\u00e4n ennen kisoja.<\/p>\n<p class=\"aw-1gybjub aw-1p7kakr kEtdKx cEmitX yle__article__paragraph\">Joulun alla Northug joutui antamaan suojatilleen my\u00f6s muunlaista apua. Hedegart soitti mentorilleen t\u00e4ysin j\u00e4rkyttyneen\u00e4 Italian Passo Lavazesta.<\/p>\n<p>Petter Northug kommentoi Sivert Guttorm Bakkenin kuolemaa. Kaikki ovat \u0161okissa<\/p>\n<p class=\"aw-1gybjub aw-1p7kakr kEtdKx cEmitX yle__article__paragraph\">H\u00e4nen ja usean muun norjalaisen hiiht\u00e4j\u00e4n ja ampumahiiht\u00e4j\u00e4n piti viett\u00e4\u00e4 siell\u00e4 joulua ampumahiiht\u00e4j\u00e4 <strong class=\"aw-ak79eh KyCXm yle__article__strong\">Sivert Guttorm Bakken<\/strong> seuranaan. 27-vuotias norjalainen l\u00f6ytyi <a class=\"aw-iao6s4 iHOxEa yle__article__link\" href=\"https:\/\/yle.fi\/a\/74-20202450\" role=\"link\" rel=\"nofollow noopener\" target=\"_blank\">aatonaattona<\/a> hotellihuoneestaan kuolleena, vahvistamattomien tietojen mukaan 7\u00a0000 metrin ilmanalaa vastaavaan tilaan viritetty happimaski kasvoillaan.<\/p>\n<p class=\"aw-1gybjub aw-1p7kakr kEtdKx cEmitX yle__article__paragraph\">\u2013 Einar oli t\u00e4ydess\u00e4 shokissa, ja niin on ollut koko norjalainen hiihtoyhteis\u00f6. Olen itse v\u00e4ltt\u00e4nyt kaikenlaisia spekulaatioita, koska oikeusl\u00e4\u00e4ketieteelliset tutkimukset ovat kesken, Northug huokaisi.<\/p>\n<p class=\"aw-1gybjub aw-1p7kakr kEtdKx cEmitX yle__article__paragraph\">\u2013 Yleisell\u00e4 tasolla voin sanoa, etten itse koskaan ole k\u00e4ytt\u00e4nyt maskia tai alppimajaa urallani. Jos ja kun olen tarvinnut korkean ilmanalan hy\u00f6tyj\u00e4, olen aina matkustanut harjoittelemaan korkeaan ilmanalaan.<\/p>\n<p><img decoding=\"async\" alt=\"Sivert Guttorm Bakken.\" src=\"https:\/\/www.europesays.com\/fi\/wp-content\/uploads\/2026\/01\/39-157574569540eb5dc4d7.jpeg\" loading=\"lazy\" class=\"aw-1l9m598 hKVVvP\"\/><\/p>\n<p>Avaa kuvien katselu<\/p>\n<p>Siert Guttorm Bakkenin kuolema italialaisessa hotellihuoneessa on ollut valtava j\u00e4rkytys norjalaisessa huippu-urheiluyhteis\u00f6ss\u00e4. Kuva: Getty Images<\/p>\n","protected":false},"excerpt":{"rendered":"Hiiht\u00e4j\u00e4legenda on ollut t\u00e4rke\u00e4 palanen, kun Einar Hedegart on noussut tuntematto\u00admuudesta olympia\u00adsuosikiksi. Northug hiihti Hakunilan radan ilman pitovoiteita.&hellip;\n","protected":false},"author":2,"featured_media":133052,"comment_status":"","ping_status":"","sticky":false,"template":"","format":"standard","meta":{"footnotes":""},"categories":[5],"tags":[22,23,23442,26,27,33,31,30,6641,17,2095,24,25,28,29,15,385,18,21,23441,23443,32,19,20,160,16,2359],"class_list":{"0":"post-133051","1":"post","2":"type-post","3":"status-publish","4":"format-standard","5":"has-post-thumbnail","7":"category-otsikot","8":"tag-breaking-news","9":"tag-breakingnews","10":"tag-einar-hedegart","11":"tag-featured-news","12":"tag-featurednews","13":"tag-fi","14":"tag-finland","15":"tag-finnish","16":"tag-hakunila","17":"tag-headlines","18":"tag-hiihto","19":"tag-latest-news","20":"tag-latestnews","21":"tag-main-news","22":"tag-mainnews","23":"tag-news","24":"tag-norja","25":"tag-otsikot","26":"tag-paauutiset","27":"tag-petter-northug","28":"tag-sivert-guttorm-bakken","29":"tag-suomi","30":"tag-top-stories","31":"tag-topstories","32":"tag-urheilu","33":"tag-uutiset","34":"tag-vantaa"},"share_on_mastodon":{"url":"https:\/\/pubeurope.com\/@fi\/115835692804844110","error":""},"_links":{"self":[{"href":"https:\/\/www.europesays.com\/fi\/wp-json\/wp\/v2\/posts\/133051","targetHints":{"allow":["GET"]}}],"collection":[{"href":"https:\/\/www.europesays.com\/fi\/wp-json\/wp\/v2\/posts"}],"about":[{"href":"https:\/\/www.europesays.com\/fi\/wp-json\/wp\/v2\/types\/post"}],"author":[{"embeddable":true,"href":"https:\/\/www.europesays.com\/fi\/wp-json\/wp\/v2\/users\/2"}],"replies":[{"embeddable":true,"href":"https:\/\/www.europesays.com\/fi\/wp-json\/wp\/v2\/comments?post=133051"}],"version-history":[{"count":0,"href":"https:\/\/www.europesays.com\/fi\/wp-json\/wp\/v2\/posts\/133051\/revisions"}],"wp:featuredmedia":[{"embeddable":true,"href":"https:\/\/www.europesays.com\/fi\/wp-json\/wp\/v2\/media\/133052"}],"wp:attachment":[{"href":"https:\/\/www.europesays.com\/fi\/wp-json\/wp\/v2\/media?parent=133051"}],"wp:term":[{"taxonomy":"category","embeddable":true,"href":"https:\/\/www.europesays.com\/fi\/wp-json\/wp\/v2\/categories?post=133051"},{"taxonomy":"post_tag","embeddable":true,"href":"https:\/\/www.europesays.com\/fi\/wp-json\/wp\/v2\/tags?post=133051"}],"curies":[{"name":"wp","href":"https:\/\/api.w.org\/{rel}","templated":true}]}}