{"id":133059,"date":"2026-01-04T07:58:08","date_gmt":"2026-01-04T07:58:08","guid":{"rendered":"https:\/\/www.europesays.com\/fi\/133059\/"},"modified":"2026-01-04T07:58:08","modified_gmt":"2026-01-04T07:58:08","slug":"illalla-tvssa-vain-halle-berryn-tosifaneille-kidnappausleffa-yritettiin-julkaista-viisi-kertaa-ennen-kuin-se-onnistui","status":"publish","type":"post","link":"https:\/\/www.europesays.com\/fi\/133059\/","title":{"rendered":"Illalla tv:ss\u00e4: Vain Halle Berryn tosifaneille &#8211; kidnappausleffa yritettiin julkaista viisi kertaa ennen kuin se onnistui"},"content":{"rendered":"<p>Illan tv-tarjonnassa on elokuva Kidnap (2017).<\/p>\n<p>Karla Dyson n\u00e4kee omin silmin, kun h\u00e4nen poikansa siepataan. Ep\u00e4toivoinen \u00e4iti ryhtyy takaa-ajoon ja on valmis mihin tahansa saadakseen lapsensa takaisin.<\/p>\n<p>N\u00e4yttelij\u00f6in\u00e4 <strong>Halle Berry<\/strong>, <strong>Sage Correa<\/strong>, <strong>Chris McGinn <\/strong>ja <strong>Lew Temple<\/strong>. Ohjaajana <strong>Luis Prieto<\/strong>.<\/p>\n<p>Elokuvan oli alun perin m\u00e4\u00e4r\u00e4 saada ensi-iltansa 9. lokakuuta 2015, mutta julkaisua lyk\u00e4ttiin per\u00e4ti viisi kertaa tuotantoyhti\u00f6 Relativity Median ajautuessa konkurssiin. Lopulta elokuva julkaistiin 4. elokuuta 2017.<\/p>\n<p>Kidnap sai enimm\u00e4kseen huonoja arvosteluja. Kriitikot kehuivat Berryn n\u00e4yttelemist\u00e4, mutta k\u00e4sikirjoitus ja ohjaus sai kritiikki\u00e4. Alla traileri.<\/p>\n<p>Tulevat l\u00e4hetykset.<\/p>\n<ul class=\"wp-block-list\">\n<li>Su 4.1.2026 klo 21.00, MTV Ava<\/li>\n<\/ul>\n<p>Lue my\u00f6s: <a href=\"https:\/\/www.episodi.fi\/uutiset\/nyt-suoratoistona-pari-tuntia-aivotonta-lepoa-parasta-leffassa-ovat-new-yorkin-maisemat\/\" title=\"Nyt suoratoistona: \u201dPari tuntia aivotonta lepoa\u201d \u2013 parasta leffassa ovat New Yorkin maisemat\" class=\"underline-custom !font-montserrat !font-bold !underline-offset-4 !decoration-4 !decoration-episodi-blue !text-md\" rel=\"nofollow noopener\" target=\"_blank\">Nyt suoratoistona: \u201dPari tuntia aivotonta lepoa\u201d \u2013 parasta leffassa ovat New Yorkin maisemat<\/a><\/p>\n<p>Lue my\u00f6s: <a href=\"https:\/\/www.episodi.fi\/uutiset\/halle-berry-chris-hemsworth-ja-mark-ruffalo-tahdittavat-uutta-trilleria-katso-traileri\/\" title=\"Halle Berry, Chris Hemsworth ja Mark Ruffalo t\u00e4hditt\u00e4v\u00e4t uutta trilleri\u00e4 \u2013 katso traileri\" class=\"underline-custom !font-montserrat !font-bold !underline-offset-4 !decoration-4 !decoration-episodi-blue !text-md\" rel=\"nofollow noopener\" target=\"_blank\">Halle Berry, Chris Hemsworth ja Mark Ruffalo t\u00e4hditt\u00e4v\u00e4t uutta trilleri\u00e4 \u2013 katso traileri<\/a><\/p>\n<p><img loading=\"lazy\" decoding=\"async\" alt=\"YouTube video\" width=\"480\" height=\"360\" data-pin-nopin=\"true\" nopin=\"nopin\" class=\"perfmatters-lazy\" src=\"https:\/\/www.europesays.com\/fi\/wp-content\/uploads\/2026\/01\/1767513488_111_hqdefault.jpg\"\/><\/p>\n<p>L\u00e4hde: <a href=\"https:\/\/en.wikipedia.org\/wiki\/Kidnap_(2017_film)\" target=\"_blank\" rel=\"noreferrer noopener nofollow\">Wikipedia<\/a>, <a href=\"https:\/\/www.imdb.com\/title\/tt1458169\/?ref_=tttrv_ov_bk\" target=\"_blank\" rel=\"noreferrer noopener nofollow\">IMDb<\/a><\/p>\n<p>Lue my\u00f6s: <a href=\"https:\/\/www.episodi.fi\/uutiskirje\/?uutiskirjemainos=tekstilinkkimainos\" title=\"Tilaa Episodin uutiskirje ja voit voittaa leffalippuja! Nappaa tv-vinkit suoraan s\u00e4hk\u00f6postiin t\u00e4st\u00e4.\" class=\"underline-custom !font-montserrat !font-bold !underline-offset-4 !decoration-4 !decoration-episodi-blue !text-md\" rel=\"nofollow noopener\" target=\"_blank\">Tilaa Episodin uutiskirje ja voit voittaa leffalippuja! Nappaa katseluvinkit suoraan s\u00e4hk\u00f6postiin t\u00e4st\u00e4.<\/a><\/p>\n","protected":false},"excerpt":{"rendered":"Illan tv-tarjonnassa on elokuva Kidnap (2017). Karla Dyson n\u00e4kee omin silmin, kun h\u00e4nen poikansa siepataan. Ep\u00e4toivoinen \u00e4iti ryhtyy&hellip;\n","protected":false},"author":2,"featured_media":133060,"comment_status":"","ping_status":"","sticky":false,"template":"","format":"standard","meta":{"footnotes":""},"categories":[130],"tags":[137,33,31,30,32,139,109],"class_list":{"0":"post-133059","1":"post","2":"type-post","3":"status-publish","4":"format-standard","5":"has-post-thumbnail","7":"category-viihde","8":"tag-entertainment","9":"tag-fi","10":"tag-finland","11":"tag-finnish","12":"tag-suomi","13":"tag-tv-ohjelmat","14":"tag-viihde"},"share_on_mastodon":{"url":"https:\/\/pubeurope.com\/@fi\/115835771432029720","error":""},"_links":{"self":[{"href":"https:\/\/www.europesays.com\/fi\/wp-json\/wp\/v2\/posts\/133059","targetHints":{"allow":["GET"]}}],"collection":[{"href":"https:\/\/www.europesays.com\/fi\/wp-json\/wp\/v2\/posts"}],"about":[{"href":"https:\/\/www.europesays.com\/fi\/wp-json\/wp\/v2\/types\/post"}],"author":[{"embeddable":true,"href":"https:\/\/www.europesays.com\/fi\/wp-json\/wp\/v2\/users\/2"}],"replies":[{"embeddable":true,"href":"https:\/\/www.europesays.com\/fi\/wp-json\/wp\/v2\/comments?post=133059"}],"version-history":[{"count":0,"href":"https:\/\/www.europesays.com\/fi\/wp-json\/wp\/v2\/posts\/133059\/revisions"}],"wp:featuredmedia":[{"embeddable":true,"href":"https:\/\/www.europesays.com\/fi\/wp-json\/wp\/v2\/media\/133060"}],"wp:attachment":[{"href":"https:\/\/www.europesays.com\/fi\/wp-json\/wp\/v2\/media?parent=133059"}],"wp:term":[{"taxonomy":"category","embeddable":true,"href":"https:\/\/www.europesays.com\/fi\/wp-json\/wp\/v2\/categories?post=133059"},{"taxonomy":"post_tag","embeddable":true,"href":"https:\/\/www.europesays.com\/fi\/wp-json\/wp\/v2\/tags?post=133059"}],"curies":[{"name":"wp","href":"https:\/\/api.w.org\/{rel}","templated":true}]}}