{"id":133061,"date":"2026-01-04T08:03:11","date_gmt":"2026-01-04T08:03:11","guid":{"rendered":"https:\/\/www.europesays.com\/fi\/133061\/"},"modified":"2026-01-04T08:03:11","modified_gmt":"2026-01-04T08:03:11","slug":"huono-perunasato-alkaa-nakya-paikallisen-perunan-loppumisena-lappeenrannan-seudun-kaupoissa-paikalliset","status":"publish","type":"post","link":"https:\/\/www.europesays.com\/fi\/133061\/","title":{"rendered":"Huono perunasato alkaa n\u00e4ky\u00e4 paikallisen perunan loppumisena Lappeenrannan seudun kaupoissa | Paikalliset"},"content":{"rendered":"<p>Veikko Ahtiaisen ja Matti Muukan perunasato on jo loppumassa. Antti Suonio sanoo, ett\u00e4 perunaa riitt\u00e4\u00e4 kev\u00e4\u00e4seen.<\/p>\n<p>Huono perunasato alkaa jo n\u00e4ky\u00e4 kaupoissa. Paikallista perunaa on nyt myynniss\u00e4 kaupoissa v\u00e4hemm\u00e4n kuin tavanomaisena vuonna. Torilla paikallisten viljelij\u00f6iden perunaa riitt\u00e4\u00e4 viel\u00e4.<\/p>\n<p>Joutsenolaisen perunanviljelij\u00e4n <strong>Veikko Ahtiaisen<\/strong> perunalaarit alkavat olla jo tyhji\u00e4. Viime juhannuksen sateet hukuttivat kahdeksan hehtaaria Ahtiaisen perunaviljelmist\u00e4.<\/p>\n<p>\u2013\u2009Viimeiset potaatit ovat k\u00e4sittelyss\u00e4.<\/p>\n<p>Ahtiainen ennakoi, ett\u00e4 perunat loppuvat tammikuun puoliv\u00e4liss\u00e4, joitakin saattaa riitt\u00e4\u00e4 viel\u00e4 tammikuun loppuun saakka.<\/p>\n","protected":false},"excerpt":{"rendered":"Veikko Ahtiaisen ja Matti Muukan perunasato on jo loppumassa. Antti Suonio sanoo, ett\u00e4 perunaa riitt\u00e4\u00e4 kev\u00e4\u00e4seen. Huono perunasato&hellip;\n","protected":false},"author":2,"featured_media":133062,"comment_status":"","ping_status":"","sticky":false,"template":"","format":"standard","meta":{"footnotes":""},"categories":[12],"tags":[22,23,4509,26,27,33,31,30,17,1446,24,25,28,29,15,18,21,900,2331,32,19,20,16],"class_list":{"0":"post-133061","1":"post","2":"type-post","3":"status-publish","4":"format-standard","5":"has-post-thumbnail","7":"category-suomi","8":"tag-breaking-news","9":"tag-breakingnews","10":"tag-etela-karjalan-maakunta","11":"tag-featured-news","12":"tag-featurednews","13":"tag-fi","14":"tag-finland","15":"tag-finnish","16":"tag-headlines","17":"tag-lappeenranta","18":"tag-latest-news","19":"tag-latestnews","20":"tag-main-news","21":"tag-mainnews","22":"tag-news","23":"tag-otsikot","24":"tag-paauutiset","25":"tag-ruoka","26":"tag-ruoka-ja-juoma","27":"tag-suomi","28":"tag-top-stories","29":"tag-topstories","30":"tag-uutiset"},"share_on_mastodon":{"url":"https:\/\/pubeurope.com\/@fi\/115835791211865005","error":""},"_links":{"self":[{"href":"https:\/\/www.europesays.com\/fi\/wp-json\/wp\/v2\/posts\/133061","targetHints":{"allow":["GET"]}}],"collection":[{"href":"https:\/\/www.europesays.com\/fi\/wp-json\/wp\/v2\/posts"}],"about":[{"href":"https:\/\/www.europesays.com\/fi\/wp-json\/wp\/v2\/types\/post"}],"author":[{"embeddable":true,"href":"https:\/\/www.europesays.com\/fi\/wp-json\/wp\/v2\/users\/2"}],"replies":[{"embeddable":true,"href":"https:\/\/www.europesays.com\/fi\/wp-json\/wp\/v2\/comments?post=133061"}],"version-history":[{"count":0,"href":"https:\/\/www.europesays.com\/fi\/wp-json\/wp\/v2\/posts\/133061\/revisions"}],"wp:featuredmedia":[{"embeddable":true,"href":"https:\/\/www.europesays.com\/fi\/wp-json\/wp\/v2\/media\/133062"}],"wp:attachment":[{"href":"https:\/\/www.europesays.com\/fi\/wp-json\/wp\/v2\/media?parent=133061"}],"wp:term":[{"taxonomy":"category","embeddable":true,"href":"https:\/\/www.europesays.com\/fi\/wp-json\/wp\/v2\/categories?post=133061"},{"taxonomy":"post_tag","embeddable":true,"href":"https:\/\/www.europesays.com\/fi\/wp-json\/wp\/v2\/tags?post=133061"}],"curies":[{"name":"wp","href":"https:\/\/api.w.org\/{rel}","templated":true}]}}