{"id":133063,"date":"2026-01-04T08:04:11","date_gmt":"2026-01-04T08:04:11","guid":{"rendered":"https:\/\/www.europesays.com\/fi\/133063\/"},"modified":"2026-01-04T08:04:11","modified_gmt":"2026-01-04T08:04:11","slug":"jatin-kotini-pohjois-karjalassa-enka-tajunnut-mita-menetin","status":"publish","type":"post","link":"https:\/\/www.europesays.com\/fi\/133063\/","title":{"rendered":"J\u00e4tin kotini Pohjois-Karjalassa enk\u00e4 tajunnut, mit\u00e4 menetin"},"content":{"rendered":"<p><img decoding=\"async\" src=\"https:\/\/www.europesays.com\/fi\/wp-content\/uploads\/2026\/01\/1767513851_427_978.jpg\" alt=\"Luokkakaverit Jussi Konttinen ja Jouni Mitjonen tapasivat j\u00e4lkimm\u00e4isen kotona Joensuun kupeessa. Sein\u00e4ll\u00e4 roikkuu Mitjosen puolison maalaus. Sohvalla mukana tanskalais-ruotsalainen pihakoira Vilma.\" class=\"_Img_1rerz_1\" style=\"aspect-ratio:1.5\" loading=\"eager\"\/><\/p>\n<p class=\"article-picture-caption\">Luokkakaverit Jussi Konttinen ja Jouni Mitjonen tapasivat j\u00e4lkimm\u00e4isen kotona Joensuun kupeessa. Sein\u00e4ll\u00e4 roikkuu Mitjosen puolison maalaus. Sohvalla mukana tanskalais-ruotsalainen pihakoira Vilma. Kuva:\u00a0Matti Vassinen<\/p>\n<p>Sairauksia ja suljettu raja, ty\u00f6tt\u00f6myytt\u00e4 ja raiskattuja metsi\u00e4. Maakunnassa el\u00e4\u00e4 silti erityisen tyytyv\u00e4isi\u00e4 ihmisi\u00e4, kirjoittaa toimittaja Jussi Konttinen.<\/p>\n<p class=\"article-body mb-nof-24 px-nof-16\">Min\u00e4 l\u00e4hden Pohjois-Karjalaan. Ainakin lomilla ja pitkin\u00e4 pyhin\u00e4.<\/p>\n<p class=\"article-body mb-nof-24 px-nof-16\">Muutin maakunnasta jo puoli ik\u00e4\u00e4 sitten, mutta silti vastaan mist\u00e4 olet kotoisin -kysymykseen: Joensuusta, Pohjois-Karjalasta.<\/p>\n<p class=\"article-body mb-nof-24 px-nof-16\">Julkisessa keskustelussa It\u00e4-Suomi on ongelma. Totta onkin, ett\u00e4 se el\u00e4\u00e4 vaikeita aikoja. Ty\u00f6tt\u00f6myys on Pohjois-Karjalassa maan korkein, 14,1 prosenttia. Mets\u00e4teollisuus on alam\u00e4ess\u00e4 ja it\u00e4raja kiinni.<\/p>\n","protected":false},"excerpt":{"rendered":"Luokkakaverit Jussi Konttinen ja Jouni Mitjonen tapasivat j\u00e4lkimm\u00e4isen kotona Joensuun kupeessa. Sein\u00e4ll\u00e4 roikkuu Mitjosen puolison maalaus. Sohvalla mukana&hellip;\n","protected":false},"author":2,"featured_media":133064,"comment_status":"","ping_status":"","sticky":false,"template":"","format":"standard","meta":{"footnotes":""},"categories":[5],"tags":[22,23,26,27,33,31,30,17,46,24,25,28,29,15,18,21,32,19,20,16],"class_list":{"0":"post-133063","1":"post","2":"type-post","3":"status-publish","4":"format-standard","5":"has-post-thumbnail","7":"category-otsikot","8":"tag-breaking-news","9":"tag-breakingnews","10":"tag-featured-news","11":"tag-featurednews","12":"tag-fi","13":"tag-finland","14":"tag-finnish","15":"tag-headlines","16":"tag-helsingin-sanomat","17":"tag-latest-news","18":"tag-latestnews","19":"tag-main-news","20":"tag-mainnews","21":"tag-news","22":"tag-otsikot","23":"tag-paauutiset","24":"tag-suomi","25":"tag-top-stories","26":"tag-topstories","27":"tag-uutiset"},"share_on_mastodon":{"url":"https:\/\/pubeurope.com\/@fi\/115835795082854989","error":""},"_links":{"self":[{"href":"https:\/\/www.europesays.com\/fi\/wp-json\/wp\/v2\/posts\/133063","targetHints":{"allow":["GET"]}}],"collection":[{"href":"https:\/\/www.europesays.com\/fi\/wp-json\/wp\/v2\/posts"}],"about":[{"href":"https:\/\/www.europesays.com\/fi\/wp-json\/wp\/v2\/types\/post"}],"author":[{"embeddable":true,"href":"https:\/\/www.europesays.com\/fi\/wp-json\/wp\/v2\/users\/2"}],"replies":[{"embeddable":true,"href":"https:\/\/www.europesays.com\/fi\/wp-json\/wp\/v2\/comments?post=133063"}],"version-history":[{"count":0,"href":"https:\/\/www.europesays.com\/fi\/wp-json\/wp\/v2\/posts\/133063\/revisions"}],"wp:featuredmedia":[{"embeddable":true,"href":"https:\/\/www.europesays.com\/fi\/wp-json\/wp\/v2\/media\/133064"}],"wp:attachment":[{"href":"https:\/\/www.europesays.com\/fi\/wp-json\/wp\/v2\/media?parent=133063"}],"wp:term":[{"taxonomy":"category","embeddable":true,"href":"https:\/\/www.europesays.com\/fi\/wp-json\/wp\/v2\/categories?post=133063"},{"taxonomy":"post_tag","embeddable":true,"href":"https:\/\/www.europesays.com\/fi\/wp-json\/wp\/v2\/tags?post=133063"}],"curies":[{"name":"wp","href":"https:\/\/api.w.org\/{rel}","templated":true}]}}