{"id":133065,"date":"2026-01-04T08:16:08","date_gmt":"2026-01-04T08:16:08","guid":{"rendered":"https:\/\/www.europesays.com\/fi\/133065\/"},"modified":"2026-01-04T08:16:08","modified_gmt":"2026-01-04T08:16:08","slug":"lauri-markkasen-pistejuhlat-eivat-auttaneet-jazzia","status":"publish","type":"post","link":"https:\/\/www.europesays.com\/fi\/133065\/","title":{"rendered":"Lauri Markkasen pistejuhlat eiv\u00e4t auttaneet Jazzia"},"content":{"rendered":"<p>Suomalaist\u00e4hden sairausloma j\u00e4i yhteen peliin.<\/p>\n<p class=\"article-body mb-nof-24 px-nof-16\">Yhden ottelun loukkaantumistauolla ollut <a class=\"font-bold underline-offset-[0.12em] [text-decoration:var(--person-link-text-decoration)] ![text-decoration-color:var(--person-link-text-decoration-color)]\" href=\"https:\/\/www.is.fi\/haku\/?query=Lauri%20Markkanen\" rel=\"nofollow noopener\" target=\"_blank\">Lauri Markkanen<\/a> oli iskussa, kun h\u00e4n palasi NBA:ssa parketille sunnuntain vastaisena y\u00f6n\u00e4 Suomen aikaa.<\/p>\n<p class=\"article-body mb-nof-24 px-nof-16\">Utah Jazzin suomalaist\u00e4hti oli ottelun korirohmu, mutta se ei auttanut h\u00e4nen joukkuettaan kotivoittoon.<\/p>\n<p class=\"article-body mb-nof-24 px-nof-16\">Vierailija Golden State Warriors vei pisteet menness\u00e4\u00e4n lukemin 123\u2013114.<\/p>\n<p class=\"article-body mb-nof-24 px-nof-16\">Ottelusta X:ss\u00e4 julkaistussa videoklipiss\u00e4 Markkanen p\u00e4\u00e4see donkkaamaan kaksi pistett\u00e4 tyhj\u00e4\u00e4n koriin, kun vastustajajoukkueen t\u00e4htipelaaja, puolustuskyvyist\u00e4\u00e4n tunnettu <a class=\"font-bold underline-offset-[0.12em] [text-decoration:var(--person-link-text-decoration)] ![text-decoration-color:var(--person-link-text-decoration-color)]\" href=\"https:\/\/www.is.fi\/haku\/?query=Draymond%20Green\" rel=\"nofollow noopener\" target=\"_blank\">Draymond Green<\/a> keskittyy samaan aikaan raivoamaan tuomarille.<\/p>\n<p class=\"article-body mb-nof-24 px-nof-16\">Markkasen korisaalis oli 35 pistett\u00e4. H\u00e4n kaappasi kuusi levypalloa.<\/p>\n<p class=\"article-body mb-nof-24 px-nof-16\">Golden State Warriorsin tehokkain oli <a class=\"font-bold underline-offset-[0.12em] [text-decoration:var(--person-link-text-decoration)] ![text-decoration-color:var(--person-link-text-decoration-color)]\" href=\"https:\/\/www.is.fi\/haku\/?query=Stephen%20Curry\" rel=\"nofollow noopener\" target=\"_blank\">Stephen Curry<\/a> 31 pisteell\u00e4\u00e4n.<\/p>\n<p class=\"article-body mb-nof-24 px-nof-16\">Warrios on l\u00e4ntisess\u00e4 konferenssissa sijalla kahdeksan ja Jazz sijalla 13 eli kolmanneksi viimeisen\u00e4.<\/p>\n<p class=\"article-body mb-nof-24 px-nof-16\">Viime y\u00f6n tappio oli Markkasen seuralle kolmas per\u00e4j\u00e4lkeen.<\/p>\n","protected":false},"excerpt":{"rendered":"Suomalaist\u00e4hden sairausloma j\u00e4i yhteen peliin. Yhden ottelun loukkaantumistauolla ollut Lauri Markkanen oli iskussa, kun h\u00e4n palasi NBA:ssa parketille&hellip;\n","protected":false},"author":2,"featured_media":133066,"comment_status":"","ping_status":"","sticky":false,"template":"","format":"standard","meta":{"footnotes":""},"categories":[136],"tags":[407,137,33,31,30,34,408,32,109],"class_list":{"0":"post-133065","1":"post","2":"type-post","3":"status-publish","4":"format-standard","5":"has-post-thumbnail","7":"category-julkkikset","8":"tag-celebrities","9":"tag-entertainment","10":"tag-fi","11":"tag-finland","12":"tag-finnish","13":"tag-ilta-sanomat","14":"tag-julkkikset","15":"tag-suomi","16":"tag-viihde"},"share_on_mastodon":{"url":"https:\/\/pubeurope.com\/@fi\/115835842323233816","error":""},"_links":{"self":[{"href":"https:\/\/www.europesays.com\/fi\/wp-json\/wp\/v2\/posts\/133065","targetHints":{"allow":["GET"]}}],"collection":[{"href":"https:\/\/www.europesays.com\/fi\/wp-json\/wp\/v2\/posts"}],"about":[{"href":"https:\/\/www.europesays.com\/fi\/wp-json\/wp\/v2\/types\/post"}],"author":[{"embeddable":true,"href":"https:\/\/www.europesays.com\/fi\/wp-json\/wp\/v2\/users\/2"}],"replies":[{"embeddable":true,"href":"https:\/\/www.europesays.com\/fi\/wp-json\/wp\/v2\/comments?post=133065"}],"version-history":[{"count":0,"href":"https:\/\/www.europesays.com\/fi\/wp-json\/wp\/v2\/posts\/133065\/revisions"}],"wp:featuredmedia":[{"embeddable":true,"href":"https:\/\/www.europesays.com\/fi\/wp-json\/wp\/v2\/media\/133066"}],"wp:attachment":[{"href":"https:\/\/www.europesays.com\/fi\/wp-json\/wp\/v2\/media?parent=133065"}],"wp:term":[{"taxonomy":"category","embeddable":true,"href":"https:\/\/www.europesays.com\/fi\/wp-json\/wp\/v2\/categories?post=133065"},{"taxonomy":"post_tag","embeddable":true,"href":"https:\/\/www.europesays.com\/fi\/wp-json\/wp\/v2\/tags?post=133065"}],"curies":[{"name":"wp","href":"https:\/\/api.w.org\/{rel}","templated":true}]}}