{"id":133083,"date":"2026-01-04T08:31:06","date_gmt":"2026-01-04T08:31:06","guid":{"rendered":"https:\/\/www.europesays.com\/fi\/133083\/"},"modified":"2026-01-04T08:31:06","modified_gmt":"2026-01-04T08:31:06","slug":"forssan-kiimassuolla-jumiin-jaanyt-jean-huuhkaja-toipuu-korkeasaaressa-paikalliset","status":"publish","type":"post","link":"https:\/\/www.europesays.com\/fi\/133083\/","title":{"rendered":"Forssan Kiimassuolla jumiin j\u00e4\u00e4nyt Jean-huuhkaja toipuu Korkeasaaressa | Paikalliset"},"content":{"rendered":"<p>Lounais-H\u00e4meen lintuharrastajien petovastaava Eino Salo pelasti toisenkin huuhkajan uudenvuoden aattona \u2013 t\u00e4ll\u00e4 kertaa Jokioisilta.<\/p>\n<p>Muistatko viel\u00e4 huuhkajan, jonka Kanta-H\u00e4meen pelastuslaitos poimi vesikaivosta Forssan Kiimassuolla joulukuun alkupuolella? Forssan Lehti uutisoi huuhkajan kohtalosta tuoreeltaan verkossa 8. joulukuuta ja seuraavana p\u00e4iv\u00e4n\u00e4 painetussa lehdess\u00e4.<\/p>\n","protected":false},"excerpt":{"rendered":"Lounais-H\u00e4meen lintuharrastajien petovastaava Eino Salo pelasti toisenkin huuhkajan uudenvuoden aattona \u2013 t\u00e4ll\u00e4 kertaa Jokioisilta. Muistatko viel\u00e4 huuhkajan, jonka&hellip;\n","protected":false},"author":2,"featured_media":133084,"comment_status":"","ping_status":"","sticky":false,"template":"","format":"standard","meta":{"footnotes":""},"categories":[117],"tags":[404,33,31,30,2909,20810,8187,72,476,118,32,119,477],"class_list":{"0":"post-133083","1":"post","2":"type-post","3":"status-publish","4":"format-standard","5":"has-post-thumbnail","7":"category-luonto","8":"tag-elaimet","9":"tag-fi","10":"tag-finland","11":"tag-finnish","12":"tag-forssa","13":"tag-huuhkaja","14":"tag-jokioinen","15":"tag-luonto","16":"tag-nature","17":"tag-science","18":"tag-suomi","19":"tag-tiede","20":"tag-wildlife"},"share_on_mastodon":{"url":"https:\/\/pubeurope.com\/@fi\/115835901227795125","error":""},"_links":{"self":[{"href":"https:\/\/www.europesays.com\/fi\/wp-json\/wp\/v2\/posts\/133083","targetHints":{"allow":["GET"]}}],"collection":[{"href":"https:\/\/www.europesays.com\/fi\/wp-json\/wp\/v2\/posts"}],"about":[{"href":"https:\/\/www.europesays.com\/fi\/wp-json\/wp\/v2\/types\/post"}],"author":[{"embeddable":true,"href":"https:\/\/www.europesays.com\/fi\/wp-json\/wp\/v2\/users\/2"}],"replies":[{"embeddable":true,"href":"https:\/\/www.europesays.com\/fi\/wp-json\/wp\/v2\/comments?post=133083"}],"version-history":[{"count":0,"href":"https:\/\/www.europesays.com\/fi\/wp-json\/wp\/v2\/posts\/133083\/revisions"}],"wp:featuredmedia":[{"embeddable":true,"href":"https:\/\/www.europesays.com\/fi\/wp-json\/wp\/v2\/media\/133084"}],"wp:attachment":[{"href":"https:\/\/www.europesays.com\/fi\/wp-json\/wp\/v2\/media?parent=133083"}],"wp:term":[{"taxonomy":"category","embeddable":true,"href":"https:\/\/www.europesays.com\/fi\/wp-json\/wp\/v2\/categories?post=133083"},{"taxonomy":"post_tag","embeddable":true,"href":"https:\/\/www.europesays.com\/fi\/wp-json\/wp\/v2\/tags?post=133083"}],"curies":[{"name":"wp","href":"https:\/\/api.w.org\/{rel}","templated":true}]}}