{"id":133089,"date":"2026-01-04T08:47:07","date_gmt":"2026-01-04T08:47:07","guid":{"rendered":"https:\/\/www.europesays.com\/fi\/133089\/"},"modified":"2026-01-04T08:47:07","modified_gmt":"2026-01-04T08:47:07","slug":"kalevala-kullervon-tarina-antti-j-jokisen-20-vuotta-suunniteltu-elokuva-saa-ensi-iltansa","status":"publish","type":"post","link":"https:\/\/www.europesays.com\/fi\/133089\/","title":{"rendered":"Kalevala: Kullervon tarina &#8211; Antti J. Jokisen 20 vuotta suunniteltu elokuva saa ensi-iltansa"},"content":{"rendered":"<p>            ATTE KAJOVA\n        <\/p>\n<p class=\"subtitle \">Kalevala: Kullervon tarina -elokuva on kaukana Hollywoodin silotellusta meiningist\u00e4.<\/p>\n<p class=\"article-content article-content-width !bg-background\"> suurtuotanto Kalevala: Kullervon tarina saa viimeinkin ensi-iltansa 16. tammikuuta. Vuosia tekeill\u00e4 olleen elokuvan p\u00e4\u00e4osissa ovat muun muassa  Kullervona ja  Untamona.<\/p>\n<p class=\"font-weight-bold m-font-weight-bold italic m-italic article-content article-content-width !bg-background\">Video: Elias Salonen kertoo Kalevala: Kullervon tarina -elokuvasta<\/p>\n<p class=\"article-content article-content-width !bg-background\">Alun perin rooleissa olisi n\u00e4hty tyystin toisenlaista ryhm\u00e4\u00e4. Ensimm\u00e4iset suunnitelmat tehtiin jo noin 20 vuotta sitten.<\/p>\n<p class=\"article-content article-content-width !bg-background\">\u2013 K\u00e4sikirjoituskin oli valmiina jo 15 vuotta sitten, ja olen ollut silloin monta viikkoa vy\u00f6t\u00e4r\u00f6\u00e4 my\u00f6ten suossa katsomassa kuvauspaikkoja. Roolituskin oli jo valmiina, mutta tuolloin emme saaneet rahoitusta elokuvalle,  kertoo Katsolle projektin historiasta.<\/p>\n<p>        <a itemprop=\"url\" href=\"https:\/\/www.seiska.fi\/katso\/talta-nayttaa-antti-j-jokisen-kullervo-elokuva\/1970085\" rel=\"nofollow noopener\" target=\"_blank\"><\/p>\n<p>\nTraileri julki\n<\/p>\n<p class=\"section-date\">\n        <strong class=\"article-section\" data-section=\"katso\"><br \/>\n            katso<br \/>\n        <\/strong><br \/>\n        22.10.2025 17:45\n    <\/p>\n<p>T\u00e4lt\u00e4 n\u00e4ytt\u00e4\u00e4 Antti J. Jokisen Kullervo-elokuva\n    <\/p>\n<p itemprop=\"description\" class=\"subtitle \">\n    Elias Salosen t\u00e4hditt\u00e4m\u00e4 elokuva saa ensi-iltansa 16. tammikuuta 2026. Muissa keskeisiss\u00e4 rooleissa ovat Eero, Aho, Krista Kosonen, ja Ilkka Koivula.\n<\/p>\n<p>        <\/a><\/p>\n<p>\u201dPit\u00e4\u00e4 unohtaa koko Kalevala\u201d<\/p>\n<p class=\"article-content article-content-width !bg-background\">Kalevalan alkuper\u00e4iset tekstit eiv\u00e4t ole kaikkein yksinkertaisinta materiaalia filmatisoinnin pohjaksi. Miksi juuri Kullervon tarina tuli Antin elokuvan keski\u00f6\u00f6n?<\/p>\n<p class=\"article-content article-content-width !bg-background\">\u2013 Se on Kalevalan sis\u00e4ll\u00e4 yksi selkeimpi\u00e4 kokonaisuuksia, jolla on selke\u00e4 alku, keskikohta ja loppu. Tarinassa on my\u00f6s teemoja vaikkapa maanomistukseen liittyvist\u00e4 riidoista ja ongelmallisista is\u00e4\u2013poika-suhteista, jotka ovat valitettavan ajankohtaisia meid\u00e4n ajassammekin, Antti perustelee.<\/p>\n<p class=\"article-content article-content-width !bg-background\">Toisaalta Kalevala on \u201dvain\u201d pohjatekstin\u00e4, eik\u00e4 tarkoitus ollut kuvittaa sit\u00e4 yksi yhteen.<\/p>\n<p class=\"article-content article-content-width !bg-background\">\u2013 Kalevalassa on paljon tilaa tulkinnalle, ja t\u00e4m\u00e4 elokuva on pelk\u00e4st\u00e4\u00e4n minun tulkintani tekstin teemoista. Tavallaan pit\u00e4\u00e4 unohtaa koko Kalevala ja tulla vain katsomaan minun n\u00e4kemyst\u00e4ni. T\u00e4rke\u00e4ksi muodostuu esimerkiksi Suomen luonto, joka on loistavaa materiaalia elokuvaan, Antti kertoo.<\/p>\n<p class=\"article-content article-content-width !bg-background\">Elokuva onkin kuvattu t\u00e4ysin Pohjois-Karjalan luonnonmaisemissa, jonne rakennettiin mittavat elokuvalavasteet taloineen. Studioissa ei kuvattu, se oli Antin tiukka periaate.<\/p>\n<p class=\"article-content article-content-width !bg-background\">\u2013 On klisee sanoa n\u00e4in, mutta painotin ty\u00f6ryhm\u00e4llekin, ett\u00e4 teemme elokuvaa vain itsellemme. Yleis\u00f6 on sen j\u00e4lkeen tervetullut katsomaan valmista tuotetta. Kun olet itsellesi uskollinen, niin sille saattaa l\u00f6yty\u00e4 yleis\u00f6\u00e4kin, Antti uskoo.<\/p>\n<p>        <a itemprop=\"url\" href=\"https:\/\/www.seiska.fi\/katso\/elias-saloselta-ikava-paljastus\/1627219\" rel=\"nofollow noopener\" target=\"_blank\"><\/p>\n<p>\nElias Salonen\n<\/p>\n<p class=\"section-date\">\n        <strong class=\"article-section\" data-section=\"katso\"><br \/>\n            katso<br \/>\n        <\/strong><br \/>\n        28.2.2025 13:15\n    <\/p>\n<p>Elias Saloselta ik\u00e4v\u00e4 paljastus\n    <\/p>\n<p itemprop=\"description\" class=\"subtitle \">\n    N\u00e4yttelij\u00e4n valtavalla suosiolla on ollut varjopuolensa.\n<\/p>\n<p>        <\/a><\/p>\n<p>Kullervo ei viisastu<\/p>\n<p class=\"article-content article-content-width !bg-background\">Esimerkiksi alkuper\u00e4istekstin mytologiset puolet pidet\u00e4\u00e4n hahmojen uskomuksina, jotka vaikuttavat heid\u00e4n toimiinsa, mutta ne eiv\u00e4t ole fantasiamaisena osana Kullervon tarinan tapahtumia. Nyt ei matkata Tuonelaan tai k\u00e4ytet\u00e4 loitsuvoimia.<\/p>\n<p class=\"article-content article-content-width !bg-background\">Keski\u00f6\u00f6n nousevat Kullervon luonteen kuvaus ja h\u00e4nen traagiset vaiheensa.<\/p>\n<p class=\"article-content article-content-width !bg-background\">\u2013 Yleens\u00e4 elokuvissa on sankari, joka l\u00e4htee huonosta tilanteesta, mutta selvi\u00e4\u00e4 ja viisastuu matkan varrella. Kullervosta taas tulee melkeinp\u00e4 koko ajan h\u00f6lm\u00f6mpi, h\u00e4n on t\u00e4ysin arvaamaton hahmo, Antti kuvailee.<\/p>\n<p>                <img decoding=\"async\" src=\"https:\/\/www.europesays.com\/fi\/wp-content\/uploads\/2026\/01\/2029085.webp.jpeg\" width=\"576\" height=\"274\" alt=\"Antti J. Jokinen Kullervon tarinan kuvauspaikalla Pohjois-Karjalassa.\" loading=\"lazy\" \/>            <\/p>\n<p>\n            Antti J. Jokinen Kullervon tarinan kuvauspaikalla Pohjois-Karjalassa.<br \/>\n            Rauno Ronkainen\/Reel Media\n        <\/p>\n<p>Ei stunt-taistelijoita<\/p>\n<p class=\"article-content article-content-width !bg-background\">Antin mainitsema Kullervon arvaamattomuus johtaa konflikteihin ja v\u00e4kivaltaisiin kohtaamisiin.<\/p>\n<p class=\"article-content article-content-width !bg-background\">\u2013 T\u00e4ss\u00e4 elokuvassa ei kuitenkaan ole toimintaa sen itsens\u00e4 vuoksi, vaan sill\u00e4 on aina jokin tarinallinen tarkoitus. Jokaisessa taistelussa on jonkinlainen henkinen sis\u00e4lt\u00f6, jota joudutaan v\u00e4kivallalla ratkomaan. Hahmot eiv\u00e4t ole esimerkiksi tehneet p\u00e4\u00e4t\u00f6st\u00e4 ennen taistelua, ett\u00e4 \u201dtapanpa nyt t\u00e4m\u00e4n tyypin\u201d, vaan p\u00e4\u00e4t\u00f6kset syntyv\u00e4t vasta taistelun edetess\u00e4, Antti kuvailee.<\/p>\n<p class=\"article-content article-content-width !bg-background\">\u2013 Halusin my\u00f6s ehdottomasti, ett\u00e4 n\u00e4yttelij\u00f6iden kasvot n\u00e4kyv\u00e4t koko ajan, kun he tappelevat. Heill\u00e4 ei ollut my\u00f6sk\u00e4\u00e4n stunt-miehi\u00e4 taisteluissa, vaan valkokankaalla n\u00e4hd\u00e4\u00e4n Eliaksen, Eeron ja muiden kolmen kuukauden rankan treenaamisen tulos, Antti painottaa.<\/p>\n<p>        <a itemprop=\"url\" href=\"https:\/\/www.seiska.fi\/katso\/elias-salonen-koki-hurjan-muodonmuutoksen-tunnistaisitko\/1836245\" rel=\"nofollow noopener\" target=\"_blank\"><\/p>\n<p>\nHurja muodonmuutos\n<\/p>\n<p class=\"section-date\">\n        <strong class=\"article-section\" data-section=\"katso\"><br \/>\n            katso<br \/>\n        <\/strong><br \/>\n        13.6.2025 11:19\n    <\/p>\n<p>Elias Salonen koki hurjan muodonmuutoksen \u2013 tunnistaisitko?\n    <\/p>\n<p itemprop=\"description\" class=\"subtitle \">\n    Elias Salonen on uppoutunut t\u00e4ysill\u00e4 uuteen rooliinsa.\n<\/p>\n<p>        <\/a><\/p>\n<p>                <img decoding=\"async\" src=\"https:\/\/www.europesays.com\/fi\/wp-content\/uploads\/2026\/01\/2029074.webp.jpeg\" width=\"576\" height=\"274\" alt=\"Kullervo (Elias Salonen) nousee kasvatti-is\u00e4\u00e4ns\u00e4 Untamoa (Eero Aho) vastaan.\" loading=\"lazy\" \/>            <\/p>\n<p>\n            Kullervo (Elias Salonen) nousee kasvatti-is\u00e4\u00e4ns\u00e4 Untamoa (Eero Aho) vastaan.<br \/>\n            marek sabogal\n        <\/p>\n<p>Kompromissit unohdettiin<\/p>\n<p class=\"article-content article-content-width !bg-background\">Tavoitteena ei siis ollut amerikkalaistyylinen toimintaspektaakkeli tai fantasiaseikkailu.<\/p>\n<p class=\"article-content article-content-width !bg-background\">\u2013 Nyt ei ole luvassa siloteltua meininki\u00e4. Esimerkiksi juuri kaksintaisteluissa suunnilleen pierutkin kuuluvat, Antti nauraa.<\/p>\n<p class=\"article-content article-content-width !bg-background\">\u2013 Jos haluaa tehd\u00e4 Hollywood-tyylist\u00e4 elokuvaa, niin silloin pit\u00e4\u00e4 menn\u00e4 sinne Hollywoodiin tekem\u00e4\u00e4n. On hienoa, ett\u00e4 olen saanut rahoitettua Kullervon tarinan niin, ettei minun ole pit\u00e4nyt tehd\u00e4 mit\u00e4\u00e4n kompromisseja, Antti kertoo.<\/p>\n<p>Suomen kieli keskeisess\u00e4 asemassa<\/p>\n<p class=\"article-content article-content-width !bg-background\">My\u00f6s se, ett\u00e4 Antin edelliset elokuvat, kuten Helene (2020) ja K\u00e4til\u00f6 (2015) olivat taloudellisia menestyksi\u00e4, antoivat h\u00e4nen mukaansa toteuttaa t\u00e4ydellisesti taiteellista vapautta Kullervon tarinan kohdalla.<\/p>\n<p class=\"article-content article-content-width !bg-background\">\u2013 Suorastaan painotettiin esimerkiksi sit\u00e4, ett\u00e4 elokuvaa ei saa tehd\u00e4 englanniksi. Aiemmin, kun sanoi kansainv\u00e4lisille rahoitustahoille, ett\u00e4 elokuva tehd\u00e4\u00e4n suomeksi, niin keskustelu loppui siihen, Antti havainnollistaa.<\/p>\n<p class=\"article-content article-content-width !bg-background\">\u2013 Esimerkiksi suoratoistopalvelut ja niiss\u00e4 olevat monen eri kieliset tuotannot ovat vaikuttaneet siihen, ett\u00e4 katsojat ovat oppineet kuulemaan muutakin kuin englantia. Kalevala: Kullervon tarina on identiteetilt\u00e4\u00e4n ehdottomasti suomalainen elokuva, jolla on toki kosketuspintoja kansainv\u00e4lisiin Game of Thronesin ja Viikinkien kaltaisiin tuotantoihin, Antti m\u00e4\u00e4rittelee.<\/p>\n<p class=\"italic m-italic article-content article-content-width !bg-background\">Kalevala: Kullervon tarina saa ensi-iltansa elokuvateattereissa perjantaina 16.1.2026.<\/p>\n<p>        <a itemprop=\"url\" href=\"https:\/\/www.seiska.fi\/katso\/antti-j-jokinen-avautuu-kriisistaan-nain-krista-kosonen-kommentoi\/1475967\" rel=\"nofollow noopener\" target=\"_blank\"><\/p>\n<p class=\"section-date\">\n        <strong class=\"article-section\" data-section=\"katso\"><br \/>\n            katso<br \/>\n        <\/strong><br \/>\n        2.10.2024 12:16\n    <\/p>\n<p>Antti J. Jokinen avautuu kriisist\u00e4\u00e4n \u2013 n\u00e4in Krista Kosonen kommentoi\n    <\/p>\n<p itemprop=\"description\" class=\"subtitle \">\n    Ohjaaja Antti J. Jokista on haastateltu h\u00e4nen ohjaamastaan Kalevala-elokuvasta elokuvalehti Varietyyn.\n<\/p>\n<p>        <\/a><\/p>\n","protected":false},"excerpt":{"rendered":"ATTE KAJOVA Kalevala: Kullervon tarina -elokuva on kaukana Hollywoodin silotellusta meiningist\u00e4. suurtuotanto Kalevala: Kullervon tarina saa viimeinkin ensi-iltansa&hellip;\n","protected":false},"author":2,"featured_media":133090,"comment_status":"","ping_status":"","sticky":false,"template":"","format":"standard","meta":{"footnotes":""},"categories":[131],"tags":[11597,15322,11598,155,1419,137,33,173,31,30,288,11599,172,1137,1455,4868,5577,15189,32,1491,109,23447],"class_list":{"0":"post-133089","1":"post","2":"type-post","3":"status-publish","4":"format-standard","5":"has-post-thumbnail","7":"category-elokuvat","8":"tag-antti-j-jokinen","9":"tag-eero-aho","10":"tag-elias-salonen","11":"tag-elokuvat","12":"tag-ensi-ilta","13":"tag-entertainment","14":"tag-fi","15":"tag-film","16":"tag-finland","17":"tag-finnish","18":"tag-game-of-thrones","19":"tag-kalevala-kullervon-tarina","20":"tag-movies","21":"tag-pohjois-karjala","22":"tag-seikkailu","23":"tag-studio","24":"tag-suomen-kieli","25":"tag-suomen-luonto","26":"tag-suomi","27":"tag-toiminta","28":"tag-viihde","29":"tag-viikingit"},"share_on_mastodon":{"url":"https:\/\/pubeurope.com\/@fi\/115835964167337832","error":""},"_links":{"self":[{"href":"https:\/\/www.europesays.com\/fi\/wp-json\/wp\/v2\/posts\/133089","targetHints":{"allow":["GET"]}}],"collection":[{"href":"https:\/\/www.europesays.com\/fi\/wp-json\/wp\/v2\/posts"}],"about":[{"href":"https:\/\/www.europesays.com\/fi\/wp-json\/wp\/v2\/types\/post"}],"author":[{"embeddable":true,"href":"https:\/\/www.europesays.com\/fi\/wp-json\/wp\/v2\/users\/2"}],"replies":[{"embeddable":true,"href":"https:\/\/www.europesays.com\/fi\/wp-json\/wp\/v2\/comments?post=133089"}],"version-history":[{"count":0,"href":"https:\/\/www.europesays.com\/fi\/wp-json\/wp\/v2\/posts\/133089\/revisions"}],"wp:featuredmedia":[{"embeddable":true,"href":"https:\/\/www.europesays.com\/fi\/wp-json\/wp\/v2\/media\/133090"}],"wp:attachment":[{"href":"https:\/\/www.europesays.com\/fi\/wp-json\/wp\/v2\/media?parent=133089"}],"wp:term":[{"taxonomy":"category","embeddable":true,"href":"https:\/\/www.europesays.com\/fi\/wp-json\/wp\/v2\/categories?post=133089"},{"taxonomy":"post_tag","embeddable":true,"href":"https:\/\/www.europesays.com\/fi\/wp-json\/wp\/v2\/tags?post=133089"}],"curies":[{"name":"wp","href":"https:\/\/api.w.org\/{rel}","templated":true}]}}