{"id":133091,"date":"2026-01-04T08:49:09","date_gmt":"2026-01-04T08:49:09","guid":{"rendered":"https:\/\/www.europesays.com\/fi\/133091\/"},"modified":"2026-01-04T08:49:09","modified_gmt":"2026-01-04T08:49:09","slug":"pelimatkoilla-poikkeuksellinen-jarjestely-lauri-markkanen-puhuu-ylelle-valeistaan-utahin-paavalmentajaan-will-hardyyn-urheilu","status":"publish","type":"post","link":"https:\/\/www.europesays.com\/fi\/133091\/","title":{"rendered":"Pelimatkoilla poikkeuk\u00adsellinen j\u00e4rjestely \u2013 Lauri Markkanen puhuu Ylelle v\u00e4leist\u00e4\u00e4n Utahin p\u00e4\u00e4valmentajaan Will Hardyyn | Urheilu"},"content":{"rendered":"<p class=\"aw-1gybjub aw-1p7kakr kEtdKx cEmitX yle__article__paragraph\"><strong class=\"aw-ak79eh KyCXm yle__article__strong\">SALT LAKE CITY<\/strong>.<\/p>\n<p class=\"aw-1gybjub aw-1p7kakr kEtdKx cEmitX yle__article__paragraph\">Joulukuinen iltap\u00e4iv\u00e4 Salt Lake Cityssa on poikkeuksellisen l\u00e4mmin. L\u00e4mp\u00f6tila huitelee edelleen yli kymmeness\u00e4 asteessa. Salt Lake Cityn esikaupunkialueelle n\u00e4kyv\u00e4 Wasatch-vuoristo on toistaiseksi vain niukan lumikerroksen peitt\u00e4m\u00e4.<\/p>\n<p class=\"aw-1gybjub aw-1p7kakr kEtdKx cEmitX yle__article__paragraph\">N\u00e4ky aukeaa <strong class=\"aw-ak79eh KyCXm yle__article__strong\">Lauri Markkasen<\/strong> omakotitalon edustalta noin 15 minuutin ajomatkan p\u00e4\u00e4ss\u00e4 peliareena Delta Centerilt\u00e4.<\/p>\n<p class=\"aw-1gybjub aw-1p7kakr kEtdKx cEmitX yle__article__paragraph\">Pienen odottelun j\u00e4lkeen oven avaa 213-senttinen suomalainen, jonka hartiat n\u00e4ytt\u00e4v\u00e4t t\u00e4ytt\u00e4v\u00e4n koko oviaukon. Markkanen on tullut juuri kotiin harjoitushallilta, jossa kului j\u00e4lleen kuutisen tuntia.<\/p>\n<p class=\"aw-1gybjub aw-1p7kakr kEtdKx cEmitX yle__article__paragraph\">Jyv\u00e4skyl\u00e4n j\u00e4tti ei ole vastassa yksin. Vieress\u00e4 seisoo ryhdikk\u00e4\u00e4sti perheen uusin tulokas. Markkasten viisihenkinen perhe t\u00e4ydentyi kes\u00e4n lopussa belgianpaimenkoiralla.<\/p>\n<p>Videolla Lauri Markkanen leikkii perheen tuoreen lemmikkoiran kanssa.<\/p>\n<p class=\"aw-1gybjub aw-1p7kakr kEtdKx cEmitX yle__article__paragraph\">Tuore perheenj\u00e4sen tottelee kuuliaisesti, kun Markkanen k\u00e4skee sen omalle paikalleen.<\/p>\n<p class=\"aw-1gybjub aw-1p7kakr kEtdKx cEmitX yle__article__paragraph\">\u2013 H\u00e4n on sopeutunut hyvin porukkaan, ja lapset ovat olleet innoissaan. Ajateltiin, ett\u00e4 saamme kotiin lis\u00e4\u00e4 seuraa, koska olen kauden aikana paljon pelireissussa. Olemme olleet kaikki tosi tyytyv\u00e4isi\u00e4, Markkanen sanoo ja palkitsee lemmikin rapsutuksilla.<\/p>\n<p>Tiedostaa roolinsa joukkueessa<\/p>\n<p class=\"aw-1gybjub aw-1p7kakr kEtdKx cEmitX yle__article__paragraph\">Markkanen on suurin t\u00e4hti Jazzin kotiareenassa Delta Centeriss\u00e4. Se n\u00e4kyy my\u00f6s h\u00e4nen kotonaan.<\/p>\n<p class=\"aw-1gybjub aw-1p7kakr kEtdKx cEmitX yle__article__paragraph\">Suomalaispelaajan poikkeuksellisesta asemasta koripallomaailmassa muistuttavat alakerran TV-huoneessa kehyksiss\u00e4 olevat pelipaidat. Ne ovat kuuluneet NBA:n supert\u00e4hdille, joiden kanssa Markkanen on vaihtanut paitoja.<\/p>\n<p class=\"aw-1gybjub aw-1p7kakr kEtdKx cEmitX yle__article__paragraph\">Spottivalojen alta l\u00f6ytyv\u00e4t muun muassa <strong class=\"aw-ak79eh KyCXm yle__article__strong\">LeBron Jamesin<\/strong>, <strong class=\"aw-ak79eh KyCXm yle__article__strong\">Kevin Durantin<\/strong> ja <strong class=\"aw-ak79eh KyCXm yle__article__strong\">Giannis Antetokounmpon<\/strong> ker\u00e4ilyharvinaisuudet.<\/p>\n<p><img decoding=\"async\" alt=\"Lauri Markkanen kuvassa.\" src=\"https:\/\/www.europesays.com\/fi\/wp-content\/uploads\/2025\/11\/39-1555927691d67b9286bc.jpeg\" loading=\"lazy\" class=\"aw-1l9m598 hKVVvP\"\/><\/p>\n<p>Avaa kuvien katselu<\/p>\n<p>Lauri Markkanen on takonut pisteit\u00e4 tehokkaamin kuin Los Angeles Lakersin supert\u00e4hti LeBron James (kesk.). Luka Doncic (oik.) on NBA:n korintekij\u00e4tilaston ykk\u00f6sen\u00e4 33,5 pisteen keskiarvolla.  Kuva: Kirby Lee-Imagn Images<\/p>\n<p class=\"aw-1gybjub aw-1p7kakr kEtdKx cEmitX yle__article__paragraph\">Markkasella on viel\u00e4 matkaa Jamesin, Durantin ja kumppaneiden saavutuksiin, mutta juuri t\u00e4ll\u00e4 hetkell\u00e4 suomalaislaituri pelaa uransa parasta korista. H\u00e4n on vuodenvaihteen tienoilla NBA:n korintekij\u00e4tilastossa kymmenenten\u00e4 noin 27,7 pisteen keskiarvolla.<\/p>\n<p class=\"aw-1gybjub aw-1p7kakr kEtdKx cEmitX yle__article__paragraph\">\u2013 Tied\u00e4n, ett\u00e4 on aika hassua sanoa n\u00e4in, mutta ei sit\u00e4 juurikaan ajattele. Tiedostan roolini joukkueessa. P\u00e4\u00e4sen heitt\u00e4m\u00e4\u00e4n melko paljon, ja minulla on v\u00e4h\u00e4n enemm\u00e4n heittoyrityksi\u00e4 kuin ennen. T\u00e4m\u00e4 tietysti auttaa asiaa.<\/p>\n<p class=\"aw-1gybjub aw-1p7kakr kEtdKx cEmitX yle__article__paragraph\"><strong class=\"aw-ak79eh KyCXm yle__article__strong\">Kai tuollainen pistekeskiarvo tuntuu ihan hyv\u00e4lt\u00e4?<\/strong><\/p>\n<p class=\"aw-1gybjub aw-1p7kakr kEtdKx cEmitX yle__article__paragraph\">\u2013 On keskim\u00e4\u00e4rin kivempi n\u00e4hd\u00e4, ett\u00e4 pallo menee koriin kuin ett\u00e4 se menisi ohi, Markkanen naurahtaa.<\/p>\n<p>Markkanen kertoo, kuinka aikoo pit\u00e4\u00e4 pistekeskiarvonsa korkealla loppukauden.<\/p>\n<p class=\"aw-1gybjub aw-1p7kakr kEtdKx cEmitX yle__article__paragraph\">Markkanen osaa nauttia nykytilanteesta. Uralla on ollut my\u00f6s hetki\u00e4, jolloin asiat eiv\u00e4t olleet yht\u00e4 hyvin.<\/p>\n<p class=\"aw-1gybjub aw-1p7kakr kEtdKx cEmitX yle__article__paragraph\">Isoimmat vaikeudet Markkanen koki kolmannella kaudellaan Chicago Bullsin paidassa, kun h\u00e4n huomasi, etteiv\u00e4t pelisuoritukset vastanneet omia odotuksia. Tuolloin h\u00e4nen teht\u00e4v\u00e4n\u00e4\u00e4n oli seisoa kent\u00e4n kulmassa ja heitt\u00e4\u00e4 palloa ollessaan vapaana.<\/p>\n<p class=\"aw-1gybjub aw-1p7kakr kEtdKx cEmitX yle__article__paragraph\">Suomalaispelaaja kertoi pari vuotta sitten julkaistussa Lauri Markkanen \u2013 suomalainen supert\u00e4hti -dokumentissa, ett\u00e4 vaikeina hetkin\u00e4 henkiset kyvyt olivat kovassa testiss\u00e4. Toisinaan Markkanen sulkeutui ottelujen j\u00e4lkeen makuuhuoneeseen ja tuijotti kattoon.<\/p>\n<p class=\"aw-1gybjub aw-1p7kakr kEtdKx cEmitX yle__article__paragraph\">Markkanen my\u00f6nt\u00e4\u00e4 tuntevansa ylpeytt\u00e4, ett\u00e4 pystyy pelaamaan nykyisin korkealla tasolla ilta toisensa j\u00e4lkeen.<\/p>\n<p class=\"aw-1gybjub aw-1p7kakr kEtdKx cEmitX yle__article__paragraph\">\u2013 V\u00e4lill\u00e4 on hyv\u00e4 muistaa, kuinka paljon t\u00e4h\u00e4n on laitettu tunteja ja kuinka pitk\u00e4lle olen jo tullut. Olen ollut v\u00e4lill\u00e4 aika syviss\u00e4 vesiss\u00e4 urallani, mutta olen pystynyt kairaamaan itseni yl\u00f6s. Se on ehk\u00e4 asia, josta voin olla eniten ylpe\u00e4, Markkanen sanoo.<\/p>\n<p>Seuralegendojen jalanj\u00e4ljill\u00e4<\/p>\n<p class=\"aw-1gybjub aw-1p7kakr kEtdKx cEmitX yle__article__paragraph\">Kaksi jykev\u00e4\u00e4 hahmoa toivottavat katsojat tervetulleiksi Delta Centerin sis\u00e4\u00e4nk\u00e4ynnin edustalla. Seuralegendojen <strong class=\"aw-ak79eh KyCXm yle__article__strong\">Karl Malonen<\/strong> ja <strong class=\"aw-ak79eh KyCXm yle__article__strong\">John Stocktonin<\/strong> pronssiset patsaat muistuttavat ajasta, kun Utah Jazz oli koripallomaailman huipulla.<\/p>\n<p class=\"aw-1gybjub aw-1p7kakr kEtdKx cEmitX yle__article__paragraph\">Kun Markkanen oli kuukauden ik\u00e4inen kes\u00e4ll\u00e4 1997, Malone ja Stockton johdattivat Jazzin ensimm\u00e4isen kerran NBA-liigan finaaleihin.<\/p>\n<p class=\"aw-1gybjub aw-1p7kakr kEtdKx cEmitX yle__article__paragraph\">T\u00e4htikaksikko toisti saman tempun vuotta my\u00f6hemmin, mutta molemmilla kerroilla <strong class=\"aw-ak79eh KyCXm yle__article__strong\">Michael Jordanin<\/strong> t\u00e4hditt\u00e4m\u00e4 Chicago Bulls juhli NBA:n mestaruutta.<\/p>\n<p>John Stockton ja Karl Malone ovat Jazzin seurahistorian merkitt\u00e4vimm\u00e4t pelaajat. Heid\u00e4n pronssiset patsaansa l\u00f6ytyv\u00e4t Delta Centerin edustalta.<\/p>\n<p class=\"aw-1gybjub aw-1p7kakr kEtdKx cEmitX yle__article__paragraph\">Jazzissa ei haaveilla viel\u00e4 mestaruuksista, mutta t\u00e4ll\u00e4 kaudella Markkanen on l\u00f6yt\u00e4nyt rinnalleen 22-vuotiaan <strong class=\"aw-ak79eh KyCXm yle__article__strong\">Keyonte Georgen<\/strong>.<\/p>\n<p class=\"aw-1gybjub aw-1p7kakr kEtdKx cEmitX yle__article__paragraph\">Kolmatta kauttaan NBA:ssa pelaava amerikkalaistakamies on nostanut tasoaan hurjasti. George on pelannut t\u00e4ll\u00e4 kaudella 24,6 pisteen keskiarvolla. Samalla h\u00e4n on ottanut painetta pois Markkasen hartioilta.<\/p>\n<p class=\"aw-1gybjub aw-1p7kakr kEtdKx cEmitX yle__article__paragraph\">Markkanen\u2013George-kaksikko on yll\u00e4tt\u00e4nyt monet tehokkuudellaan. Jazzin duo lukeutuu NBA:n tehokkaimpien parivaljakkojen joukkoon. Markkanen ja George ovat tehneet keskim\u00e4\u00e4rin 52,3 pistett\u00e4 ottelua kohti.<\/p>\n<p><img decoding=\"async\" alt=\"Utah Jazzia edustavat koripalloilijat Lauri Markkanen ja Keyonte George.\" src=\"https:\/\/www.europesays.com\/fi\/wp-content\/uploads\/2026\/01\/39-15764876957b0c30168b.jpeg\" loading=\"lazy\" class=\"aw-1l9m598 hKVVvP\"\/><\/p>\n<p>Avaa kuvien katselu<\/p>\n<p>Lauri Markkanen ja Keyonte George ovat muodosteneet alkukauden aikana tehokkaan duon. Kuva: Melissa Majchrzak NBAE \/ Getty Images<\/p>\n<p class=\"aw-1gybjub aw-1p7kakr kEtdKx cEmitX yle__article__paragraph\">\u2013 Olen n\u00e4hnyt Keyonten ty\u00f6moraalin, ja uskon omaan tasooni. Silti tehokkuutemme on v\u00e4h\u00e4n yll\u00e4tt\u00e4nyt. Olen tosi ylpe\u00e4, miten Keyonte on kehittynyt ja aikuistunut maalis-huhtikuun j\u00e4lkeen, kun l\u00e4hdin kes\u00e4ksi Suomeen.<\/p>\n<p class=\"aw-1gybjub aw-1p7kakr kEtdKx cEmitX yle__article__paragraph\">\u2013 Olen my\u00f6s kertonut h\u00e4nelle olevani ylpe\u00e4. Keyontella on vain taivas rajana, Markkanen hehkuttaa.<\/p>\n<p class=\"aw-1gybjub aw-1p7kakr kEtdKx cEmitX yle__article__paragraph\">Alkukauden perusteella utahilaisseuralla on k\u00e4siss\u00e4\u00e4n kaksikko, joka kanssa uudelleenrakennusprojektia on helpompi jatkaa.<\/p>\n<p class=\"aw-1gybjub aw-1p7kakr kEtdKx cEmitX yle__article__paragraph\">Lis\u00e4ksi viime kes\u00e4n varaustilaisuudessa viidenten\u00e4 varattu 19-vuotias <strong class=\"aw-ak79eh KyCXm yle__article__strong\">Ace Bailey<\/strong> (10,4pts) on osoittanut jo tulokaskaudellaan pelimiehen merkkej\u00e4.<\/p>\n<p class=\"aw-1gybjub aw-1p7kakr kEtdKx cEmitX yle__article__paragraph\">Huippukautta pelaava Markkanen on ollut j\u00e4lleen koko kauden siirtospekulaatioiden kohteena.<\/p>\n<p class=\"aw-1gybjub aw-1p7kakr kEtdKx cEmitX yle__article__paragraph\">Jyv\u00e4skyl\u00e4st\u00e4 NBA:n t\u00e4htipelaajaksi noussut suomalainen sanoo olevansa tyytyv\u00e4inen oloonsa Salt Lake Cityssa. Samaan aikaan Markkanen tiedostaa, ett\u00e4 NBA:ssa kaikki on mahdollista, kun ostajan ja myyj\u00e4n intressit kohtaavat pelaajakaupoissa.<\/p>\n<p class=\"aw-1gybjub aw-1p7kakr kEtdKx cEmitX yle__article__paragraph\">Jazzin menestyksen vuodet ovat todenn\u00e4k\u00f6isesti useamman vuoden p\u00e4\u00e4ss\u00e4, mutta Markkanen on iloinen suunnasta, johon organisaatio on t\u00e4ll\u00e4 hetkell\u00e4 menossa.<\/p>\n<p class=\"aw-1gybjub aw-1p7kakr kEtdKx cEmitX yle__article__paragraph\">\u2013 Meill\u00e4 on nuoria pelaajia, jotka ovat ottaneet steppej\u00e4 eteenp\u00e4in. Minulla on toiveikas olo. Tiedostan, kuinka hyvi\u00e4 voimme olla ja kuinka korkealle voimme p\u00e4\u00e4st\u00e4, kun jatkamme kehittymist\u00e4.<\/p>\n<p>Poikkeuksellinen suhde p\u00e4\u00e4valmentajaan<\/p>\n<p class=\"aw-1gybjub aw-1p7kakr kEtdKx cEmitX yle__article__paragraph\">Yksi iso palanen Jazzin uudelleenrakennuksessa on 37-vuotias p\u00e4\u00e4valmentaja <strong class=\"aw-ak79eh KyCXm yle__article__strong\">Will Hardy<\/strong>, joka toimii jo nelj\u00e4tt\u00e4 kautta joukkueen p\u00e4\u00e4valmentajana.<\/p>\n<p class=\"aw-1gybjub aw-1p7kakr kEtdKx cEmitX yle__article__paragraph\">H\u00e4n on siis viihtynyt utahilaisseurassa yht\u00e4 pitk\u00e4\u00e4n kuin Markkanen.<\/p>\n<p><img decoding=\"async\" alt=\"Lauri Markkanen ja Will Hardy.\" src=\"https:\/\/www.europesays.com\/fi\/wp-content\/uploads\/2026\/01\/39-15455856902312567f52.jpeg\" loading=\"lazy\" class=\"aw-1l9m598 hKVVvP\"\/><\/p>\n<p>Avaa kuvien katselu<\/p>\n<p>Lauri Markkanen nauttii yhteisty\u00f6st\u00e4 Jazzin p\u00e4\u00e4valmentajan Will Hardyn kanssa. Kuva: Chris Nicoll-Imagn Images<\/p>\n<p class=\"aw-1gybjub aw-1p7kakr kEtdKx cEmitX yle__article__paragraph\">T\u00e4ll\u00e4 kaudella Hardy on saanut Jazzin hy\u00f6kk\u00e4yspelaamisen n\u00e4ytt\u00e4m\u00e4\u00e4n jopa erinomaiselta. Pelaajien liike ja pallon virtaus ovat olleet toisella tasolla kuin esimerkiksi viime vuonna. T\u00e4st\u00e4 syyst\u00e4 Markkanen on p\u00e4\u00e4ssyt viimeistelem\u00e4\u00e4n ison m\u00e4\u00e4r\u00e4n helppoja koreja.<\/p>\n<p class=\"aw-1gybjub aw-1p7kakr kEtdKx cEmitX yle__article__paragraph\">Jazzin puolustus ei ole viel\u00e4 liigan eliitti\u00e4, mutta ajoittain se on ollut tasolla, jossa joukkue on p\u00e4\u00e4ssyt juoksemaan avoimella kent\u00e4ll\u00e4 helppoja koreja. Sekin on selv\u00e4 petraus vuoden takaiseen tilanteeseen.<\/p>\n<p class=\"aw-1gybjub aw-1p7kakr kEtdKx cEmitX yle__article__paragraph\">\u2013 Ei t\u00e4m\u00e4 ole j\u00e4\u00e4nyt kyll\u00e4 valmennuksesta kiinni. Willin ansiosta olen saanut paljon helppoja koreja. H\u00e4nell\u00e4 on iso kikkapussi. Tuntuu, ett\u00e4 hihasta l\u00f6ytyy aina uusi kuvio.<\/p>\n<p class=\"aw-1gybjub aw-1p7kakr kEtdKx cEmitX yle__article__paragraph\">\u2013 Olen tyk\u00e4nnyt pelata Willin alaisuudessa. Olen oppinut paljon uutta itsest\u00e4ni sek\u00e4 kehittynyt pelaajana ja ihmisen\u00e4.<\/p>\n<p class=\"aw-1gybjub aw-1p7kakr kEtdKx cEmitX yle__article__paragraph\">Markkasen pit\u00e4\u00e4 valmennussuhdetta Hardyyn eritt\u00e4in poikkeuksellisena. T\u00e4m\u00e4 n\u00e4kyy muun muassa vieraskiertueilla.<\/p>\n<p class=\"aw-1gybjub aw-1p7kakr kEtdKx cEmitX yle__article__paragraph\">\u2013 Pelaajat istuvat yleens\u00e4 lentokoneen etuosassa. Muutamat meist\u00e4 saattavat kuitenkin siirty\u00e4 taakse Willin (Hardyn) kanssa. Katsomme esimerkiksi pelin yhdess\u00e4 ja juttelemme el\u00e4m\u00e4st\u00e4. On hienoa, ett\u00e4 voimme olla valmentajan seurassa my\u00f6s v\u00e4h\u00e4n vapaammin, Markkanen kertoo.<\/p>\n<p>Lauri Markkanen kertoo kuinka pitk\u00e4\u00e4n NBA-ammattilaisen ty\u00f6p\u00e4iv\u00e4 kest\u00e4\u00e4 kiireisen kauden keskell\u00e4.All Star -valinta j\u00e4lleen tavoitteena<\/p>\n<p class=\"aw-1gybjub aw-1p7kakr kEtdKx cEmitX yle__article__paragraph\">Markkasen seuraavien viikkojen tavoitteena on vallata paikka NBA:n helmikuun t\u00e4hdist\u00f6peliss\u00e4. Toteutuessaan se olisi Markkasen toinen kerta arvo-ottelussa.<\/p>\n<p class=\"aw-1gybjub aw-1p7kakr kEtdKx cEmitX yle__article__paragraph\">All Star -ottelu pelataan t\u00e4ll\u00e4 kertaa 15. helmikuuta Los Angeles Clippersin kotiareenassa Intuit Domessa, Kaliforniassa. Uudistetussa formaatissa kohtaavat kaksi Yhdysvaltojen joukkuetta ja yksi muun maailman joukkue.<\/p>\n<p><img decoding=\"async\" alt=\"Lauri Markkanen tuuletti NBA:n t\u00e4hdist\u00f6peliss\u00e4.\" src=\"https:\/\/www.europesays.com\/fi\/wp-content\/uploads\/2026\/01\/39-107499963f2e23ea5dfd.jpeg\" loading=\"lazy\" class=\"aw-1l9m598 hKVVvP\"\/><\/p>\n<p>Avaa kuvien katselu<\/p>\n<p>Lauri Markkanen pelasi Salt Lake Cityssa j\u00e4rjestetyss\u00e4 t\u00e4hdist\u00f6peliss\u00e4 helmikuussa 2023.  Kuva: Getty Images<\/p>\n<p class=\"aw-1gybjub aw-1p7kakr kEtdKx cEmitX yle__article__paragraph\">Jokaisessa joukkueessa on kahdeksan pelaajaa eli t\u00e4hdist\u00f6tapahtumaan p\u00e4\u00e4see aiempien vuosien tapaan 24 pelaajaa. Puolet pelaajista tulevat l\u00e4ntisest\u00e4 ja puolet it\u00e4isest\u00e4 konferenssista.<\/p>\n<p class=\"aw-1gybjub aw-1p7kakr kEtdKx cEmitX yle__article__paragraph\">Markkasella pit\u00e4\u00e4 ottaa harppauksia listalla, sill\u00e4 h\u00e4n on 112 209 \u00e4\u00e4nell\u00e4 l\u00e4nnen pelaajista 16:ntena.<\/p>\n<p class=\"aw-1gybjub aw-1p7kakr kEtdKx cEmitX yle__article__paragraph\">\u2013 Tavoite on iso, siit\u00e4 ei p\u00e4\u00e4se mihink\u00e4\u00e4n. Haluan saavuttaa sen useamman kerran urallani ja koen, ett\u00e4 se on t\u00e4ysin mahdollista. NBA:n lahjakkuuksien taso on hurja, ja joka ilta pit\u00e4\u00e4 suoriutua kovalla tasolla. Se on itselleni iso motivaatiotekij\u00e4.<\/p>\n","protected":false},"excerpt":{"rendered":"SALT LAKE CITY. Joulukuinen iltap\u00e4iv\u00e4 Salt Lake Cityssa on poikkeuksellisen l\u00e4mmin. L\u00e4mp\u00f6tila huitelee edelleen yli kymmeness\u00e4 asteessa. Salt&hellip;\n","protected":false},"author":2,"featured_media":133092,"comment_status":"","ping_status":"","sticky":false,"template":"","format":"standard","meta":{"footnotes":""},"categories":[158],"tags":[33,31,30,1702,1905,3825,159,32,1901,160],"class_list":{"0":"post-133091","1":"post","2":"type-post","3":"status-publish","4":"format-standard","5":"has-post-thumbnail","7":"category-urheilu","8":"tag-fi","9":"tag-finland","10":"tag-finnish","11":"tag-koripallo","12":"tag-lauri-markkanen","13":"tag-nba","14":"tag-sports","15":"tag-suomi","16":"tag-susijengi","17":"tag-urheilu"},"share_on_mastodon":{"url":"https:\/\/pubeurope.com\/@fi\/115835972116219885","error":""},"_links":{"self":[{"href":"https:\/\/www.europesays.com\/fi\/wp-json\/wp\/v2\/posts\/133091","targetHints":{"allow":["GET"]}}],"collection":[{"href":"https:\/\/www.europesays.com\/fi\/wp-json\/wp\/v2\/posts"}],"about":[{"href":"https:\/\/www.europesays.com\/fi\/wp-json\/wp\/v2\/types\/post"}],"author":[{"embeddable":true,"href":"https:\/\/www.europesays.com\/fi\/wp-json\/wp\/v2\/users\/2"}],"replies":[{"embeddable":true,"href":"https:\/\/www.europesays.com\/fi\/wp-json\/wp\/v2\/comments?post=133091"}],"version-history":[{"count":0,"href":"https:\/\/www.europesays.com\/fi\/wp-json\/wp\/v2\/posts\/133091\/revisions"}],"wp:featuredmedia":[{"embeddable":true,"href":"https:\/\/www.europesays.com\/fi\/wp-json\/wp\/v2\/media\/133092"}],"wp:attachment":[{"href":"https:\/\/www.europesays.com\/fi\/wp-json\/wp\/v2\/media?parent=133091"}],"wp:term":[{"taxonomy":"category","embeddable":true,"href":"https:\/\/www.europesays.com\/fi\/wp-json\/wp\/v2\/categories?post=133091"},{"taxonomy":"post_tag","embeddable":true,"href":"https:\/\/www.europesays.com\/fi\/wp-json\/wp\/v2\/tags?post=133091"}],"curies":[{"name":"wp","href":"https:\/\/api.w.org\/{rel}","templated":true}]}}