{"id":133099,"date":"2026-01-04T08:55:07","date_gmt":"2026-01-04T08:55:07","guid":{"rendered":"https:\/\/www.europesays.com\/fi\/133099\/"},"modified":"2026-01-04T08:55:07","modified_gmt":"2026-01-04T08:55:07","slug":"miten-hotelliaamiaiselle-on-soveliasta-pukeutua-aamutakista-voitaisiin-huomauttaa-hotellinjohtaja-kertoo","status":"publish","type":"post","link":"https:\/\/www.europesays.com\/fi\/133099\/","title":{"rendered":"Miten hotelli\u00adaamiaiselle on soveliasta pukeutua? Aamutakista voitaisiin huomauttaa, hotellin\u00adjohtaja kertoo"},"content":{"rendered":"<p>Millainen asu aamiaiselle on sopiva? Aamiaiselle ei ole varsinaista pukeutumisetiketti\u00e4, sanovat hotellinjohtajat.<\/p>\n<p>Lue tiivistelm\u00e4<\/p>\n<p class=\"article-body mb-nof-24 px-nof-16 sndp-summary-bullet-point-font\">Hotellijohtajat kertovat, ett\u00e4 hotelliaamiaiselle ei ole varsinaista pukeutumisetiketti\u00e4, mutta pyjamassa tai aamutakissa ei ole soveliasta menn\u00e4.<\/p>\n<p class=\"article-body mb-nof-24 px-nof-16 sndp-summary-bullet-point-font\">Hotel St. Georgen hotellinjohtaja Jukka R\u00e4is\u00e4nen suosittelee, ett\u00e4 pyjamassa voi nauttia aamiaisen huoneessa, mutta ei yleisess\u00e4 aamiaistilassa.<\/p>\n<p class=\"article-body mb-nof-24 px-nof-16 sndp-summary-bullet-point-font\">Hotelli K\u00e4mpin johtaja Tuomas Liewendahl sanoo, ett\u00e4 aamutakissa aamiaiselle tulevaa vierasta ohjeistettaisiin pukeutua soveliaammin.<\/p>\n<p class=\"article-body mb-nof-24 px-nof-16\">Onko hotellin aamiaiselle sopivaa tulla pyjamassa?<\/p>\n<p class=\"article-body mb-nof-24 px-nof-16\">Er\u00e4\u00e4n <a class=\"underline underline-offset-[0.12em] [text-decoration-thickness:var(--generic-link-underline-thickness)] [text-decoration-color:var(--generic-link-underline-color)] [text-decoration-skip-ink:var(--generic-link-underline-skip-ink)] break-words\" href=\"https:\/\/www.aamulehti.fi\/tekstarit\/art-2000011718582.html\" rel=\"nofollow noopener\" target=\"_blank\">Aamulehden<\/a> lukijan mukaan ei. H\u00e4n l\u00e4hetti lehden tekstiviestipalstalle seuraavan viestin:<\/p>\n<p class=\"article-body mb-nof-24 px-nof-16\">Oli t\u00f6rke\u00e4\u00e4 muiden hotellivieraiden halveksuntaa er\u00e4\u00e4lt\u00e4 pariskunnalta tulla nelj\u00e4n t\u00e4hden hotelliaamiaiselle jouluaamuna kello 11 ruudullisissa flanellipyjamissa.<\/p>\n<p class=\"article-body mb-nof-24 px-nof-16\">Tiedustelimme hotellinjohtajilta, millainen asu aamiaiselle on sopiva.<\/p>\n<p class=\"article-body mb-nof-24 px-nof-16\">Helsingiss\u00e4 sijaitsevan viiden t\u00e4hden Hotel St. Georgen hotellinjohtaja <a class=\"font-bold underline-offset-[0.12em] [text-decoration:var(--person-link-text-decoration)] ![text-decoration-color:var(--person-link-text-decoration-color)]\" href=\"https:\/\/www.aamulehti.fi\/haku\/?query=Jukka%20R%C3%A4is%C3%A4nen\" rel=\"nofollow noopener\" target=\"_blank\">Jukka R\u00e4is\u00e4nen<\/a> ei itse menisi pyjamassa hotelliaamiaiselle. H\u00e4n ei my\u00f6sk\u00e4\u00e4n laittaisi p\u00e4\u00e4lleen urheiluvaatteita.<\/p>\n<p class=\"article-body mb-nof-24 px-nof-16\">H\u00e4n ei muista, ett\u00e4 St. Georgen aamiaiselle oltaisiin tultu y\u00f6puku p\u00e4\u00e4ll\u00e4.<\/p>\n<p class=\"article-body mb-nof-24 px-nof-16\">H\u00e4n ei usko, ett\u00e4 ket\u00e4\u00e4n aamiaiselle pyjama p\u00e4\u00e4ll\u00e4 tullutta asiakasta l\u00e4hdett\u00e4isiin k\u00e4\u00e4nnytt\u00e4m\u00e4\u00e4n.<\/p>\n<p class=\"article-body mb-nof-24 px-nof-16\">\u201dJos haluaa nauttia pyjamassa aamiaista, huoneeseen tilattu aamiainen on loistava vaihtoehto. Sit\u00e4 on mukava nauttia s\u00e4ngyss\u00e4\u201d, h\u00e4n suosittelee.<\/p>\n<p class=\"article-body mb-nof-24 px-nof-16\">R\u00e4is\u00e4sen mukaan se, millaisissa asuissa St. Georgen asiakkaat menev\u00e4t aamiaiselle, vaihtelee.<\/p>\n<p class=\"article-body mb-nof-24 px-nof-16\">Arkiaamuisin monet l\u00e4htev\u00e4t tekem\u00e4\u00e4n t\u00f6it\u00e4 suoraan aamiaiselta. T\u00e4ll\u00f6in heill\u00e4 saattaa olla p\u00e4\u00e4ll\u00e4\u00e4n hyvinkin muodolliset vaatteet. Ep\u00e4virallisemmat ty\u00f6vaatteet ovat h\u00e4nest\u00e4 smart casual -tyyli\u00e4.<\/p>\n<p class=\"article-body mb-nof-24 px-nof-16\">Viikonloppuisin aamiaiselle tullaan h\u00e4nen mukaansa usein vapaa-ajan asussa, esimerkiksi smart casualina. Jos hotelliin on tultu juhlistamaan jotain, vaatetus voi olla hienompi.<\/p>\n<p class=\"article-body mb-nof-24 px-nof-16\">R\u00e4is\u00e4nen on huomannut, ett\u00e4 aamiaispukeutumisessa on my\u00f6s kulttuurisia eroja. Jos asiakkaat ovat \u201dvanhasta l\u00e4ntisest\u00e4 maailmasta\u201d, sit\u00e4 rennommin he pukeutuvat. Esimerkiksi aasialaistaustaiset asiakkaat pukeutuvat yleens\u00e4 muodollisemmin.<\/p>\n<p class=\"article-body mb-nof-24 px-nof-16\">Helsingin keskustassa paraatipaikalla sijaitsevan viiden t\u00e4hden hotelli K\u00e4mpin johtajan <a class=\"font-bold underline-offset-[0.12em] [text-decoration:var(--person-link-text-decoration)] ![text-decoration-color:var(--person-link-text-decoration-color)]\" href=\"https:\/\/www.aamulehti.fi\/haku\/?query=Tuomas%20Liewendahlin\" rel=\"nofollow noopener\" target=\"_blank\">Tuomas Liewendahlin<\/a> mielest\u00e4 sovelias aamiaispukeutuminen huomioi sek\u00e4 tilanteen ett\u00e4 muut hotellivieraat.<\/p>\n<p class=\"article-body mb-nof-24 px-nof-16\">Liewendahl on toiminut K\u00e4mpin hotellinjohtajana l\u00e4hes kymmenen vuotta. H\u00e4n ei muista tilannetta, jossa henkil\u00f6kunta olisi joutunut puuttumaan vieraan pukeutumiseen aamiaisella.<\/p>\n<p class=\"article-body mb-nof-24 px-nof-16\">\u201dSanoisin, ett\u00e4 meille tulevat vieraat ottavat l\u00e4ht\u00f6kohtaisesti pukeutumisellaan huomioon my\u00f6s toisten vieraiden viihtyvyyden siten, etteiv\u00e4t muut pahastu tai h\u00e4iriinny. Se on ik\u00e4\u00e4n kuin kirjoittamaton s\u00e4\u00e4nt\u00f6\u201d, Liewendahl sanoo.<\/p>\n<p class=\"article-body mb-nof-24 px-nof-16\">H\u00e4n arvioi, ett\u00e4 jos vieras tulisi aamiaiselle esimerkiksi aamutakissa, t\u00e4t\u00e4 ohjeistettaisiin pukeutumaan soveliaammin.<\/p>\n<p class=\"article-body mb-nof-24 px-nof-16\">Liewendahl ei ole huomannut kulttuurisia eroja siin\u00e4, miten aamiaiselle pukeudutaan.<\/p>\n<p class=\"article-body mb-nof-24 px-nof-16\">\u201dPukeutumiseen vaikuttavat eniten tilaisuus ja sesonki. Lomasesongin aikaan pukeudutaan rennommin kuin arkiaamuina, jolloin pukuja n\u00e4kyy enemm\u00e4n, kun on enemm\u00e4n esimerkiksi bisnestapaamisiakin.\u201d<\/p>\n<p class=\"article-body mb-nof-24 px-nof-16\">My\u00f6s Lapland Hotelsin kaupunkihotellien aluejohtaja <a class=\"font-bold underline-offset-[0.12em] [text-decoration:var(--person-link-text-decoration)] ![text-decoration-color:var(--person-link-text-decoration-color)]\" href=\"https:\/\/www.aamulehti.fi\/haku\/?query=Leena%20Turunen\" rel=\"nofollow noopener\" target=\"_blank\">Leena Turunen<\/a> kertoo, ettei aamiaispukeutumiselle ole varsinaista etiketti\u00e4.<\/p>\n<p class=\"article-body mb-nof-24 px-nof-16\">Turusen mukaan hyv\u00e4 muistis\u00e4\u00e4nt\u00f6 on pukeutua aamiaiselle kuten muihinkin yleisiin tiloihin kodin ulkopuolella.<\/p>\n<p class=\"article-body mb-nof-24 px-nof-16\">\u201dPukeutumisen tulisi olla siisti\u00e4 ja asiallista niin, ett\u00e4 vaatetusta on riitt\u00e4v\u00e4sti ja olo on kaikille miellytt\u00e4v\u00e4.\u201d<\/p>\n<p class=\"article-body mb-nof-24 px-nof-16\">Turunen ei muista yht\u00e4\u00e4n tapausta, jossa hotellivieraiden aamiaispukeutumiseen olisi jouduttu puuttumaan tai hotellivieras olisi antanut palautetta toisten vieraiden pukeutumisesta.<\/p>\n<p class=\"article-body mb-nof-24 px-nof-16\">Rennosta matkapukeutumisesta on uutisoitu viime vuosina aiempaa enemm\u00e4n.<\/p>\n<p class=\"article-body mb-nof-24 px-nof-16\">\u201dIhmiset ovat alkaneet kulkea flanellipyjamissa lentoasemilla ja lentokoneissa. Moni kokee, ett\u00e4 pyjama on mukavuudeltaan ja ilmeelt\u00e4\u00e4n t\u00e4ysin verrattavissa verkkariasuun. Toivoisin, ett\u00e4 pukeutumiseen liittyv\u00e4ss\u00e4 keskustelussa s\u00e4ilyisi salliva ja hyv\u00e4ntahtoinen s\u00e4vy\u201d, Turunen sanoo.<\/p>\n","protected":false},"excerpt":{"rendered":"Millainen asu aamiaiselle on sopiva? Aamiaiselle ei ole varsinaista pukeutumisetiketti\u00e4, sanovat hotellinjohtajat. Lue tiivistelm\u00e4 Hotellijohtajat kertovat, ett\u00e4 hotelliaamiaiselle&hellip;\n","protected":false},"author":2,"featured_media":133100,"comment_status":"","ping_status":"","sticky":false,"template":"","format":"standard","meta":{"footnotes":""},"categories":[12],"tags":[157,22,23,26,27,33,31,30,17,24,25,28,29,15,18,21,32,19,20,16],"class_list":{"0":"post-133099","1":"post","2":"type-post","3":"status-publish","4":"format-standard","5":"has-post-thumbnail","7":"category-suomi","8":"tag-aamulehti","9":"tag-breaking-news","10":"tag-breakingnews","11":"tag-featured-news","12":"tag-featurednews","13":"tag-fi","14":"tag-finland","15":"tag-finnish","16":"tag-headlines","17":"tag-latest-news","18":"tag-latestnews","19":"tag-main-news","20":"tag-mainnews","21":"tag-news","22":"tag-otsikot","23":"tag-paauutiset","24":"tag-suomi","25":"tag-top-stories","26":"tag-topstories","27":"tag-uutiset"},"share_on_mastodon":{"url":"https:\/\/pubeurope.com\/@fi\/115835995655978156","error":""},"_links":{"self":[{"href":"https:\/\/www.europesays.com\/fi\/wp-json\/wp\/v2\/posts\/133099","targetHints":{"allow":["GET"]}}],"collection":[{"href":"https:\/\/www.europesays.com\/fi\/wp-json\/wp\/v2\/posts"}],"about":[{"href":"https:\/\/www.europesays.com\/fi\/wp-json\/wp\/v2\/types\/post"}],"author":[{"embeddable":true,"href":"https:\/\/www.europesays.com\/fi\/wp-json\/wp\/v2\/users\/2"}],"replies":[{"embeddable":true,"href":"https:\/\/www.europesays.com\/fi\/wp-json\/wp\/v2\/comments?post=133099"}],"version-history":[{"count":0,"href":"https:\/\/www.europesays.com\/fi\/wp-json\/wp\/v2\/posts\/133099\/revisions"}],"wp:featuredmedia":[{"embeddable":true,"href":"https:\/\/www.europesays.com\/fi\/wp-json\/wp\/v2\/media\/133100"}],"wp:attachment":[{"href":"https:\/\/www.europesays.com\/fi\/wp-json\/wp\/v2\/media?parent=133099"}],"wp:term":[{"taxonomy":"category","embeddable":true,"href":"https:\/\/www.europesays.com\/fi\/wp-json\/wp\/v2\/categories?post=133099"},{"taxonomy":"post_tag","embeddable":true,"href":"https:\/\/www.europesays.com\/fi\/wp-json\/wp\/v2\/tags?post=133099"}],"curies":[{"name":"wp","href":"https:\/\/api.w.org\/{rel}","templated":true}]}}