{"id":133105,"date":"2026-01-04T09:08:10","date_gmt":"2026-01-04T09:08:10","guid":{"rendered":"https:\/\/www.europesays.com\/fi\/133105\/"},"modified":"2026-01-04T09:08:10","modified_gmt":"2026-01-04T09:08:10","slug":"v2-fi-jeremy-clarksonin-maajussikaverilla-hurjat-unelmat-uudelle-vuodelle","status":"publish","type":"post","link":"https:\/\/www.europesays.com\/fi\/133105\/","title":{"rendered":"V2.fi | Jeremy Clarksonin maajussikaverilla hurjat unelmat uudelle vuodelle"},"content":{"rendered":"<p>\t\t\t\tSuosikkijuontaja <b>Jeremy Clarksonin<\/b> maajussiel\u00e4m\u00e4\u00e4 seuraava The Clarkson&#8217;s farm -sarja nosti maineeseen Clarksonin maajussinaapurin <b>Kaleb Cooperin<\/b>.<\/p>\n<p>Nyky\u00e4\u00e4n 27-vuotias Cooper tekee parhaillaan omaa tositelevisiosarjaa Australiassa!<\/p>\n<p>Mies on my\u00f6s julkaissut kirjan, ja esiintynyt ahkerasti julkisuudessa.<\/p>\n<p>Cooperin somepostaus lupaa mielenkiintoista vuotta 2026:<\/p>\n<p>Mies haluaisi mm. juontaa omaa el\u00e4imiin keksittyv\u00e4\u00e4 ohjelmaa Sir<b> David Attenboroughin<\/b> tyyliin. Unelmissa on my\u00f6s uusi traktori, uusi kirja ja uuden maatilan hankkiminen.<\/p>\n<p>Lista lienee kirjoitettu puolittain huumorilla, sill\u00e4 listalta l\u00f6ytyy yhten\u00e4 vuoden 2026 tavoitteena Clarksonin Lamborghini-merkkisen trakorin myyminen sek\u00e4 uusi hiustyyli ja kastraatio&#8230;<\/p>\n<blockquote class=\"instagram-media\" data-instgrm-captioned=\"\" data-instgrm-permalink=\"https:\/\/www.instagram.com\/p\/DS7CrGpiNnl\/?utm_source=ig_embed&amp;utm_campaign=loading\" data-instgrm-version=\"14\" style=\" background:#FFF; border:0; border-radius:3px; box-shadow:0 0 1px 0 rgba(0,0,0,0.5),0 1px 10px 0 rgba(0,0,0,0.15); margin: 1px; max-width:540px; min-width:326px; padding:0; width:99.375%; width:-webkit-calc(100% - 2px); width:calc(100% - 2px);\"\/>\n<tr>\n<td><img loading=\"lazy\" decoding=\"async\" src=\"https:\/\/www.europesays.com\/fi\/wp-content\/uploads\/2026\/01\/1767517690_667_pic1.jpg\" width=\"520\" height=\"292\" alt=\"\"\/><\/td>\n<\/tr>\n<p><b>V2.fi | J.A. Kaunisto <\/b>\n\t\t\t\t<\/p>\n<p>\t\t\t<script async src=\"\/\/www.instagram.com\/embed.js\"><\/script><\/p>\n","protected":false},"excerpt":{"rendered":"Suosikkijuontaja Jeremy Clarksonin maajussiel\u00e4m\u00e4\u00e4 seuraava The Clarkson&#8217;s farm -sarja nosti maineeseen Clarksonin maajussinaapurin Kaleb Cooperin. Nyky\u00e4\u00e4n 27-vuotias Cooper&hellip;\n","protected":false},"author":2,"featured_media":133106,"comment_status":"","ping_status":"","sticky":false,"template":"","format":"standard","meta":{"footnotes":""},"categories":[136],"tags":[407,137,33,31,30,408,188,191,192,185,150,189,187,32,193,194,109,186,190],"class_list":{"0":"post-133105","1":"post","2":"type-post","3":"status-publish","4":"format-standard","5":"has-post-thumbnail","7":"category-julkkikset","8":"tag-celebrities","9":"tag-entertainment","10":"tag-fi","11":"tag-finland","12":"tag-finnish","13":"tag-julkkikset","14":"tag-keskustelu","15":"tag-nintendo","16":"tag-pc-pelit","17":"tag-peli","18":"tag-pelit","19":"tag-playstation","20":"tag-starat","21":"tag-suomi","22":"tag-video","23":"tag-videopelit","24":"tag-viihde","25":"tag-viihdeuutiset","26":"tag-xbox"},"share_on_mastodon":{"url":"https:\/\/pubeurope.com\/@fi\/115836046719374309","error":""},"_links":{"self":[{"href":"https:\/\/www.europesays.com\/fi\/wp-json\/wp\/v2\/posts\/133105","targetHints":{"allow":["GET"]}}],"collection":[{"href":"https:\/\/www.europesays.com\/fi\/wp-json\/wp\/v2\/posts"}],"about":[{"href":"https:\/\/www.europesays.com\/fi\/wp-json\/wp\/v2\/types\/post"}],"author":[{"embeddable":true,"href":"https:\/\/www.europesays.com\/fi\/wp-json\/wp\/v2\/users\/2"}],"replies":[{"embeddable":true,"href":"https:\/\/www.europesays.com\/fi\/wp-json\/wp\/v2\/comments?post=133105"}],"version-history":[{"count":0,"href":"https:\/\/www.europesays.com\/fi\/wp-json\/wp\/v2\/posts\/133105\/revisions"}],"wp:featuredmedia":[{"embeddable":true,"href":"https:\/\/www.europesays.com\/fi\/wp-json\/wp\/v2\/media\/133106"}],"wp:attachment":[{"href":"https:\/\/www.europesays.com\/fi\/wp-json\/wp\/v2\/media?parent=133105"}],"wp:term":[{"taxonomy":"category","embeddable":true,"href":"https:\/\/www.europesays.com\/fi\/wp-json\/wp\/v2\/categories?post=133105"},{"taxonomy":"post_tag","embeddable":true,"href":"https:\/\/www.europesays.com\/fi\/wp-json\/wp\/v2\/tags?post=133105"}],"curies":[{"name":"wp","href":"https:\/\/api.w.org\/{rel}","templated":true}]}}