{"id":133107,"date":"2026-01-04T09:13:08","date_gmt":"2026-01-04T09:13:08","guid":{"rendered":"https:\/\/www.europesays.com\/fi\/133107\/"},"modified":"2026-01-04T09:13:08","modified_gmt":"2026-01-04T09:13:08","slug":"millainen-on-marvelin-ja-dcn-vuosi-2026","status":"publish","type":"post","link":"https:\/\/www.europesays.com\/fi\/133107\/","title":{"rendered":"Millainen on Marvelin ja DC:n vuosi 2026?"},"content":{"rendered":"<p><strong>Vuodesta 2026 odotetaan ratkaisevaa vuotta supersankarielokuville ja -sarjoille. Marvel ja DC tuovat markkinoille useita keskeisi\u00e4 elokuvia ja tv-tuotantoja, joiden menestys voi m\u00e4\u00e4ritt\u00e4\u00e4 koko genren tulevaisuuden.<\/strong><\/p>\n<p>Marvel julkaisee vuonna 2026 kaksi suurta elokuvaa. Spider-Man: Brand New Day,joka saa ensi-iltansa 31.7.2026. <strong>Tom Holland<\/strong> palaa p\u00e4\u00e4rooliin, ohjaajana toimii <strong>Destin Daniel Cretton<\/strong>. Elokuvassa n\u00e4hd\u00e4\u00e4n my\u00f6s <strong>Jon Bernthal<\/strong> Punisherina sek\u00e4 <strong>Sadie Sink<\/strong> uudessa roolissa. Elokuvan yksityiskohtainen juoni ei ole viel\u00e4 julkinen.<\/p>\n<p>Avengers: Doomsday saa ensi-iltansa joulukuun puoliv\u00e4liss\u00e4 2026. Elokuvan ohjaavat <strong>Joe<\/strong> ja <strong>Anthony Russo<\/strong>, ja <strong>Robert Downey Jr.<\/strong> palaa Marvel-universumiin uudessa roolissa Tohtori Doomina. Elokuva yhdist\u00e4\u00e4 Avengers-, X-Men- ja Fantastic Four -hahmoja, mutta useiden tuttujen sankareiden, kuten Spider-Manin, Hulkin ja Doctor Strangen, ei ole vahvistettu esiintyv\u00e4n elokuvassa. Tuotanto valmistui syksyll\u00e4 2025, ja lis\u00e4kuvaukset sek\u00e4 laaja erikoistehostety\u00f6 ovat edelleen k\u00e4ynniss\u00e4.<\/p>\n<p>Marvelin tv-tuotannoista vuonna 2026 julkaistaan Disney+:ssa muun muassa Wonder Man (27.1.2026), jossa <strong>Yahya Abdul-Mateen II<\/strong> n\u00e4yttelee Simon Williamsia, sek\u00e4 Daredevil: Born Again -sarjan toinen kausi (4.3.2026). Lis\u00e4ksi X-Men \u201997 -animaatiosarjan toinen kausi n\u00e4hd\u00e4\u00e4n kes\u00e4ll\u00e4 2026 ja VisionQuest my\u00f6hemmin samana vuonna.<\/p>\n<p>DC tuo elokuvateattereihin Supergirlin 26.6.2026. <strong>Milly Alcock<\/strong> n\u00e4yttelee Kara Zor-Eli\u00e4, ja elokuva perustuu <strong>Tom Kingin<\/strong> ja <strong>Bilquis Evelyn<\/strong> sarjakuvaan Supergirl: Woman of Tomorrow.<\/p>\n<p>Toinen DC-elokuva on Clayface, jonka ensi-ilta on 11.9.2026. Elokuvan ohjaa <strong>James Watkins<\/strong> ja p\u00e4\u00e4osassa n\u00e4hd\u00e4\u00e4n <strong>Tom Rhys Harries<\/strong>. Elokuva on K18-luokiteltu ja painottuu kehokauhuun.<\/p>\n<p>DC:n merkitt\u00e4vin tv-sarja vuonna 2026 on HBO:n Lanterns, jossa <strong>Kyle Chandler<\/strong> ja <strong>Aaron Pierre<\/strong> n\u00e4yttelev\u00e4t Hal Jordania ja John Stewartia. Sarja on rikosdraama, joka sijoittuu DC-universumiin.<\/p>\n<p>Lis\u00e4ksi Amazon Prime Videolla n\u00e4hd\u00e4\u00e4n Invinciblen nelj\u00e4s kausi vuonna 2026, ja The Boys p\u00e4\u00e4ttyy viimeiseen kauteensa samana vuonna.<\/p>\n<p>\n\tAiheeseen liittyy<\/p>\n","protected":false},"excerpt":{"rendered":"Vuodesta 2026 odotetaan ratkaisevaa vuotta supersankarielokuville ja -sarjoille. Marvel ja DC tuovat markkinoille useita keskeisi\u00e4 elokuvia ja tv-tuotantoja,&hellip;\n","protected":false},"author":2,"featured_media":133108,"comment_status":"","ping_status":"","sticky":false,"template":"","format":"standard","meta":{"footnotes":""},"categories":[131],"tags":[155,137,33,173,31,30,172,32,109],"class_list":{"0":"post-133107","1":"post","2":"type-post","3":"status-publish","4":"format-standard","5":"has-post-thumbnail","7":"category-elokuvat","8":"tag-elokuvat","9":"tag-entertainment","10":"tag-fi","11":"tag-film","12":"tag-finland","13":"tag-finnish","14":"tag-movies","15":"tag-suomi","16":"tag-viihde"},"share_on_mastodon":{"url":"https:\/\/pubeurope.com\/@fi\/115836066375420502","error":""},"_links":{"self":[{"href":"https:\/\/www.europesays.com\/fi\/wp-json\/wp\/v2\/posts\/133107","targetHints":{"allow":["GET"]}}],"collection":[{"href":"https:\/\/www.europesays.com\/fi\/wp-json\/wp\/v2\/posts"}],"about":[{"href":"https:\/\/www.europesays.com\/fi\/wp-json\/wp\/v2\/types\/post"}],"author":[{"embeddable":true,"href":"https:\/\/www.europesays.com\/fi\/wp-json\/wp\/v2\/users\/2"}],"replies":[{"embeddable":true,"href":"https:\/\/www.europesays.com\/fi\/wp-json\/wp\/v2\/comments?post=133107"}],"version-history":[{"count":0,"href":"https:\/\/www.europesays.com\/fi\/wp-json\/wp\/v2\/posts\/133107\/revisions"}],"wp:featuredmedia":[{"embeddable":true,"href":"https:\/\/www.europesays.com\/fi\/wp-json\/wp\/v2\/media\/133108"}],"wp:attachment":[{"href":"https:\/\/www.europesays.com\/fi\/wp-json\/wp\/v2\/media?parent=133107"}],"wp:term":[{"taxonomy":"category","embeddable":true,"href":"https:\/\/www.europesays.com\/fi\/wp-json\/wp\/v2\/categories?post=133107"},{"taxonomy":"post_tag","embeddable":true,"href":"https:\/\/www.europesays.com\/fi\/wp-json\/wp\/v2\/tags?post=133107"}],"curies":[{"name":"wp","href":"https:\/\/api.w.org\/{rel}","templated":true}]}}