{"id":133111,"date":"2026-01-04T09:16:08","date_gmt":"2026-01-04T09:16:08","guid":{"rendered":"https:\/\/www.europesays.com\/fi\/133111\/"},"modified":"2026-01-04T09:16:08","modified_gmt":"2026-01-04T09:16:08","slug":"kaksi-elamani-biisi-esitysta-sai-katsojat-mylvimaan-todella-hyvin-toteutettu","status":"publish","type":"post","link":"https:\/\/www.europesays.com\/fi\/133111\/","title":{"rendered":"Kaksi El\u00e4m\u00e4ni biisi -esityst\u00e4 sai katsojat mylvim\u00e4\u00e4n: \u201dTodella hyvin toteutettu!\u201d"},"content":{"rendered":"<p>Katsojat kehuvat El\u00e4m\u00e4ni biisi -ohjelman erikoisjakson esityksi\u00e4 sosiaalisessa mediassa. Erityisesti kaksi esityst\u00e4 sulatti katsojien syd\u00e4met.<\/p>\n<p><img decoding=\"async\" class=\"image image-show image-preview\" src=\"https:\/\/www.europesays.com\/fi\/wp-content\/uploads\/2026\/01\/0dd7826f7c1bf927441500f3e85bb679102dca9ee7a130b48243ee25231d50e7.jpg\" alt=\"\"\/><img decoding=\"async\" class=\"image image-show\" src=\"https:\/\/www.europesays.com\/fi\/wp-content\/uploads\/2026\/01\/1767518168_821_0dd7826f7c1bf927441500f3e85bb679102dca9ee7a130b48243ee25231d50e7.jpg\" alt=\"\"\/><\/p>\n<p>El\u00e4m\u00e4ni biisi -ohjelmassa vierailivat Suomen entiset euroviisuedustajat. Atte M\u00e4l\u00e4sk\u00e4\/Yellow Film &amp; Tv Oy<\/p>\n<p class=\"paragraph\">El\u00e4m\u00e4ni biisi -ohjelmassa n\u00e4htiin lauantaina viisuspesiaalijakso. Jaksossa vierailivat Suomen entiset euroviisuedustajat <strong>Mr. Lordi<\/strong>, <strong>Marion Rung<\/strong>, <strong>Teemu Keisteri<\/strong>, <strong>Erika Vikman<\/strong> ja <strong>K\u00e4\u00e4rij\u00e4<\/strong>. Juontaja <strong>Katja St\u00e5hlia<\/strong> tuurasi Suomen euroviisuselostaja <strong>Mikko Silvennoinen<\/strong>.<\/p>\n<p class=\"paragraph\">Esitykset saavat paljon kehuja muun muassa ohjelman <a href=\"https:\/\/www.facebook.com\/elamanibiisi\/posts\/pfbid0hMr8upSXnEGGb1HFiEpJiorb7uQqracQEDZrB3ChEXdJvZk5UTmj65QRoLG3zXhpl?locale=fi_FI\" target=\"_blank\" rel=\"noopener nofollow\">Facebook<\/a>-julkaisun kommenttikent\u00e4ss\u00e4 sek\u00e4 anonyymiss\u00e4 Jodel-keskustelusovelluksessa.<\/p>\n<p class=\"paragraph\">Erityisesti <strong>Henri Piispasen<\/strong> ja <strong>Joonas Kaikon<\/strong> versio Modern Talking -yhtyeen hitist\u00e4 You\u2019re My Heart, You\u2019re My Soul sai monet somek\u00e4ytt\u00e4j\u00e4t mylvim\u00e4\u00e4n. Piispanen ja Kaikko olivat pukeutuneet 1980-luvun tyylisesti ja tanssivat my\u00f6s ajan hengen mukaisesti.<\/p>\n<p class=\"paragraph\">\u2013 Modern Talking -veto oli kyll\u00e4 mielet\u00f6n!<\/p>\n<p class=\"paragraph\">\u2013 T\u00e4m\u00e4 biisi ja n\u00e4m\u00e4 soundit! T\u00e4m\u00e4 kasarivalaistus!<\/p>\n<p class=\"paragraph\">\u2013 Parasta koskaan!<\/p>\n<p class=\"paragraph\">\u2013 Henri on niin huippuesiintyj\u00e4.<\/p>\n<p class=\"paragraph\">\u2013 Aivan ihana tuo You\u2019re My Heart, You\u2019re My Soul. Upea esitys Henri ja Joonas.<\/p>\n<p class=\"paragraph\">\u2013 Todella hyvin toteutettu!<\/p>\n<p class=\"paragraph\">\u2013 Menee kyll\u00e4 lempiesitykseksi sarjan historiassa.<\/p>\n<p>Henri Piispasen ja Joonas Kaikon esitys ker\u00e4si kiitosta. Atte M\u00e4l\u00e4sk\u00e4\/Yellow Film &amp; Tv Oy<\/p>\n<p class=\"paragraph\">Kehuja saa my\u00f6s iskelm\u00e4laulaja <strong>Markku Aron<\/strong> versio edesmenneen <strong>Vesa-Matti Loirin<\/strong> hitist\u00e4 Hyv\u00e4\u00e4 puuta.<\/p>\n<p class=\"paragraph\">\u2013 Kertakaikkisen hyv\u00e4 veto Markku Arolta. Hyv\u00e4\u00e4 puuta ilman muuta mukaan keikkaohjelmistoon!<\/p>\n<p class=\"paragraph\">\u2013 Nyt t\u00e4ytyy sanoa, ett\u00e4 Markku Aron kannattaa todellakin levytt\u00e4\u00e4 t\u00e4m\u00e4 kappale. Aivan mielet\u00f6n tulkinta.<\/p>\n<p class=\"paragraph\">\u2013 Upea tulkinta Markku Arolta. Kyyneleet tulivat.<\/p>\n<p class=\"paragraph\">\u2013 Markku Arolta loistava tulkinta Veskun hienosta laulusta.<\/p>\n<p>Markku Aron tulkinta Vesa-Matti Loirin hitist\u00e4 sai jotkut katsojista liikuttumaan. Atte M\u00e4l\u00e4sk\u00e4\/Yellow Film &amp; Tv Oy<\/p>\n<p class=\"paragraph\">El\u00e4m\u00e4ni biisi alkoi lauantaina <a href=\"https:\/\/www.iltalehti.fi\/tv-ja-leffat\/03c47555-6a36-4399-8fe1-acf760934aaa\" rel=\"nofollow noopener\" target=\"_blank\">poikkeuksellisesti<\/a> kello 18.55 TV1:ll\u00e4. Yleens\u00e4 ohjelma on n\u00e4hty kello 21, mutta t\u00e4ll\u00e4 kertaa kyseiseen aikaan n\u00e4ytettiin TV2:lla Pate Mustaj\u00e4rvi \u2013 Suomirockin legenda &#8211; muistol\u00e4hetys, jolla kunnioitetaan tapaninp\u00e4iv\u00e4n\u00e4 kuollutta musiikkilegendaa <strong>Pauli \u201dPate\u201d Mustaj\u00e4rve\u00e4<\/strong>.<\/p>\n","protected":false},"excerpt":{"rendered":"Katsojat kehuvat El\u00e4m\u00e4ni biisi -ohjelman erikoisjakson esityksi\u00e4 sosiaalisessa mediassa. Erityisesti kaksi esityst\u00e4 sulatti katsojien syd\u00e4met. El\u00e4m\u00e4ni biisi -ohjelmassa&hellip;\n","protected":false},"author":2,"featured_media":133112,"comment_status":"","ping_status":"","sticky":false,"template":"","format":"standard","meta":{"footnotes":""},"categories":[130],"tags":[35,138,137,33,31,30,525,47,141,32,484,109],"class_list":{"0":"post-133111","1":"post","2":"type-post","3":"status-publish","4":"format-standard","5":"has-post-thumbnail","7":"category-viihde","8":"tag-24h","9":"tag-audio","10":"tag-entertainment","11":"tag-fi","12":"tag-finland","13":"tag-finnish","14":"tag-laulaminen-ja-laulajat","15":"tag-musiikki","16":"tag-muusikot-bandit","17":"tag-suomi","18":"tag-taiteellinen-ilmaisu-ja-mediat","19":"tag-viihde"},"share_on_mastodon":{"url":"https:\/\/pubeurope.com\/@fi\/115836078155123030","error":""},"_links":{"self":[{"href":"https:\/\/www.europesays.com\/fi\/wp-json\/wp\/v2\/posts\/133111","targetHints":{"allow":["GET"]}}],"collection":[{"href":"https:\/\/www.europesays.com\/fi\/wp-json\/wp\/v2\/posts"}],"about":[{"href":"https:\/\/www.europesays.com\/fi\/wp-json\/wp\/v2\/types\/post"}],"author":[{"embeddable":true,"href":"https:\/\/www.europesays.com\/fi\/wp-json\/wp\/v2\/users\/2"}],"replies":[{"embeddable":true,"href":"https:\/\/www.europesays.com\/fi\/wp-json\/wp\/v2\/comments?post=133111"}],"version-history":[{"count":0,"href":"https:\/\/www.europesays.com\/fi\/wp-json\/wp\/v2\/posts\/133111\/revisions"}],"wp:featuredmedia":[{"embeddable":true,"href":"https:\/\/www.europesays.com\/fi\/wp-json\/wp\/v2\/media\/133112"}],"wp:attachment":[{"href":"https:\/\/www.europesays.com\/fi\/wp-json\/wp\/v2\/media?parent=133111"}],"wp:term":[{"taxonomy":"category","embeddable":true,"href":"https:\/\/www.europesays.com\/fi\/wp-json\/wp\/v2\/categories?post=133111"},{"taxonomy":"post_tag","embeddable":true,"href":"https:\/\/www.europesays.com\/fi\/wp-json\/wp\/v2\/tags?post=133111"}],"curies":[{"name":"wp","href":"https:\/\/api.w.org\/{rel}","templated":true}]}}