{"id":133123,"date":"2026-01-04T09:41:08","date_gmt":"2026-01-04T09:41:08","guid":{"rendered":"https:\/\/www.europesays.com\/fi\/133123\/"},"modified":"2026-01-04T09:41:08","modified_gmt":"2026-01-04T09:41:08","slug":"lukas-hradecky-telottiin-ensimmaisella-minuutilla","status":"publish","type":"post","link":"https:\/\/www.europesays.com\/fi\/133123\/","title":{"rendered":"Lukas Hradecky telottiin ensimm\u00e4isell\u00e4 minuutilla"},"content":{"rendered":"<p>Suomalaisveskarin ottelu j\u00e4i lyhyeksi.<\/p>\n<p><img decoding=\"async\" class=\"image image-show image-preview\" src=\"https:\/\/www.europesays.com\/fi\/wp-content\/uploads\/2026\/01\/b34f09ac701822ac5a4dd771c8e51dabc95e64bae0959209cb34165df1827926.jpg\" alt=\"\"\/><img decoding=\"async\" class=\"image image-show\" src=\"https:\/\/www.europesays.com\/fi\/wp-content\/uploads\/2026\/01\/1767519668_161_b34f09ac701822ac5a4dd771c8e51dabc95e64bae0959209cb34165df1827926.jpg\" alt=\"\"\/><\/p>\n<p>Lukas Hradecky vartioi AS Monacon maalia. AOP<\/p>\n<p class=\"paragraph\"><strong>Lukas Hradeckyn<\/strong> ottelu Lyonia vastaan p\u00e4\u00e4ttyi vain 11 minuutin pelin j\u00e4lkeen. AS Monacon maalivahdin vamma syntyi kontaktissa vastustajaan jo ottelun avausminuutilla.<\/p>\n<p class=\"paragraph\">Hradecky yritti jatkaa pelaamistaan, mutta lopulta h\u00e4n istahti kent\u00e4n pintaan pyyt\u00e4en huoltajia luokseen. Hradecky\u00e4 hoidettiin tovi kent\u00e4ll\u00e4, mutta lopulta valmennus p\u00e4\u00e4tti suorittaa vaihdon. Hradecky oli loppuvuodesta useita kuukausia sivussa polvivamman takia. Kipe\u00e4\u00e4 saanut jalka ei ollut t\u00e4ll\u00e4 kertaa sama.<\/p>\n<p class=\"paragraph\">Huuhkajien entinen kapteeni ja luottoveskari siirtyi t\u00e4ksi kaudeksi Ranskan p\u00e4\u00e4sarjassa pelaavan AS Monacon ykk\u00f6smaalivahdiksi.<\/p>\n<p class=\"paragraph\">Hradeckyn korvannut <strong>Philip K\u00f6hn<\/strong> p\u00e4\u00e4sti selk\u00e4ns\u00e4 taakse kolme maalia, kun Ly\u00f6n voitti 3\u20131. Hradeckyn telonut <strong>Pavel \u0160ulc<\/strong> iski maaleista kaksi.<\/p>\n","protected":false},"excerpt":{"rendered":"Suomalaisveskarin ottelu j\u00e4i lyhyeksi. Lukas Hradecky vartioi AS Monacon maalia. AOP Lukas Hradeckyn ottelu Lyonia vastaan p\u00e4\u00e4ttyi vain&hellip;\n","protected":false},"author":2,"featured_media":133124,"comment_status":"","ping_status":"","sticky":false,"template":"","format":"standard","meta":{"footnotes":""},"categories":[158],"tags":[35,33,31,30,43,42,1745,1984,41,159,32,160],"class_list":{"0":"post-133123","1":"post","2":"type-post","3":"status-publish","4":"format-standard","5":"has-post-thumbnail","7":"category-urheilu","8":"tag-24h","9":"tag-fi","10":"tag-finland","11":"tag-finnish","12":"tag-jalkapallo","13":"tag-jalkapalloon-perustuvat-lajit","14":"tag-jalkapallopelaajat","15":"tag-jalkapallopelaajat-miehet","16":"tag-liikunta-ja-urheilu","17":"tag-sports","18":"tag-suomi","19":"tag-urheilu"},"share_on_mastodon":{"url":"https:\/\/pubeurope.com\/@fi\/115836176507640000","error":""},"_links":{"self":[{"href":"https:\/\/www.europesays.com\/fi\/wp-json\/wp\/v2\/posts\/133123","targetHints":{"allow":["GET"]}}],"collection":[{"href":"https:\/\/www.europesays.com\/fi\/wp-json\/wp\/v2\/posts"}],"about":[{"href":"https:\/\/www.europesays.com\/fi\/wp-json\/wp\/v2\/types\/post"}],"author":[{"embeddable":true,"href":"https:\/\/www.europesays.com\/fi\/wp-json\/wp\/v2\/users\/2"}],"replies":[{"embeddable":true,"href":"https:\/\/www.europesays.com\/fi\/wp-json\/wp\/v2\/comments?post=133123"}],"version-history":[{"count":0,"href":"https:\/\/www.europesays.com\/fi\/wp-json\/wp\/v2\/posts\/133123\/revisions"}],"wp:featuredmedia":[{"embeddable":true,"href":"https:\/\/www.europesays.com\/fi\/wp-json\/wp\/v2\/media\/133124"}],"wp:attachment":[{"href":"https:\/\/www.europesays.com\/fi\/wp-json\/wp\/v2\/media?parent=133123"}],"wp:term":[{"taxonomy":"category","embeddable":true,"href":"https:\/\/www.europesays.com\/fi\/wp-json\/wp\/v2\/categories?post=133123"},{"taxonomy":"post_tag","embeddable":true,"href":"https:\/\/www.europesays.com\/fi\/wp-json\/wp\/v2\/tags?post=133123"}],"curies":[{"name":"wp","href":"https:\/\/api.w.org\/{rel}","templated":true}]}}