{"id":133130,"date":"2026-01-04T09:47:07","date_gmt":"2026-01-04T09:47:07","guid":{"rendered":"https:\/\/www.europesays.com\/fi\/133130\/"},"modified":"2026-01-04T09:47:07","modified_gmt":"2026-01-04T09:47:07","slug":"lielahdessa-tukittiin-onnistuneesti-viimeinenkin-ajoreitti","status":"publish","type":"post","link":"https:\/\/www.europesays.com\/fi\/133130\/","title":{"rendered":"Lielahdessa tukittiin onnistuneesti viimeinenkin ajoreitti"},"content":{"rendered":"<p>Aamulehti julkaisee lukijoiden tekstiviestej\u00e4.<\/p>\n<p class=\"article-body mb-nof-24 px-nof-16\">Aiemmin Lielahdesta p\u00e4\u00e4si autolla pois Harjuntaustan kautta, mutta nyt uusien liikennej\u00e4rjestelyjen j\u00e4lkeen seist\u00e4\u00e4n Lielahdenkadun lis\u00e4ksi Enqvistinkadun liikennevaloissa. Jos tarkoitus oli tukkia viimeinenkin ajoreitti, tavoite onnistui t\u00e4ydellisesti. Yksi kaista ei ved\u00e4 tarpeeksi, ja se pit\u00e4isi jopa liikennesuunnittelijoiden ymm\u00e4rt\u00e4\u00e4. Vihre\u00e4st\u00e4 aallosta ei tarvitse haaveilla<\/p>\n<p class=\"article-body mb-nof-24 px-nof-16\">Digihuuma on tainnut menn\u00e4 \u00f6veriksi. Monta kertaa p\u00e4iv\u00e4ss\u00e4 luen tai kuulen \u201dlataa sovellus\u201d. Ovatkohan kaikki sovellukset tarpeellisia ja hy\u00f6dyllisi\u00e4, vai digitalisoidaanko vain digin itsens\u00e4 vuoksi? Kyll\u00e4h\u00e4n verkossa asiointi on k\u00e4tev\u00e4\u00e4 silloin, kun verkko toimii, mutta pakottamalla ihmiset ostamaan kalliita laitteita ja palveluja operaattoreilta ja opettelemaan taidot, suljetaan ulkopuolelle melkoinen joukko, jolla ei ole varaa tai kykyj\u00e4 digitalisaatioon. Digiloo digilei<\/p>\n<p class=\"article-body mb-nof-24 px-nof-16\">Ihmiset valittavat, kuinka nopeusrajoitukset ja pys\u00e4k\u00f6inninvalvonta haittaavat el\u00e4m\u00e4\u00e4. Jos jokainen saisi itse p\u00e4\u00e4tt\u00e4\u00e4, mik\u00e4 liikenteess\u00e4 on oikein, syntyisi kaaos. Liikennes\u00e4\u00e4nn\u00f6t ovat sit\u00e4 varten, ett\u00e4 liikkuminen olisi turvallista ja kaikki soutaisivat samaan suuntaa. Min\u00e4 itse<\/p>\n<p class=\"article-body mb-nof-24 px-nof-16\">Kauppakeskuksen vessassa i\u00e4k\u00e4s, rollaattorilla liikkuva nainen otti vessapaperia mukaan. Vartija n\u00e4ki ja alkoi v\u00e4\u00e4nt\u00e4m\u00e4\u00e4n naista k\u00e4dest\u00e4. Eik\u00f6 vartijoita saada ojennukseen? Silminn\u00e4kij\u00e4<\/p>\n<p class=\"article-body mb-nof-24 px-nof-16\">Oras Tynkkynen kirjoitti (AL 29.12.), ett\u00e4 perusturva pit\u00e4\u00e4 asettaa yritystukien edelle. Miten perusturva rahoitetaan ellei ole yrityksi\u00e4 ja ty\u00f6paikkoja? Ei ihme, ett\u00e4 Suomi on pahasti velkaantunut, jos t\u00e4llainen ajatusmalli on p\u00e4\u00e4tt\u00e4jill\u00e4 ollut. Sein\u00e4st\u00e4k\u00f6 raha tulee?<\/p>\n<p class=\"article-body mb-nof-24 px-nof-16\">Kerrostalon pihassa kolme nuorta poikaa ja koira py\u00f6riv\u00e4t roska-astioiden ymp\u00e4rill\u00e4. Yksi heitti astiaan jonkin sortin raketin, mink\u00e4 j\u00e4lkeen pojat l\u00e4htiv\u00e4t juosten pois. Roska-astiasta kuului pieni pamaus. Tapauksen n\u00e4hnyt asukas ilmoitti minulle asiasta. Astiasta nousi melkoinen savu, kun avasin kannen. Ei muuta kuin lapio k\u00e4teen ja lunta s\u00e4ili\u00f6\u00f6n. Lopuksi kaadoin per\u00e4\u00e4n pari \u00e4mp\u00e4rillist\u00e4 vett\u00e4. Palokunta k\u00e4vi varmistamassa, ett\u00e4 alkava palo sammui. \u00c4idit ja is\u00e4t, katsokaa, mit\u00e4 lapsenne tekev\u00e4t kodin ulkopuolella vapaa-aikana. Talon asukas Esko<\/p>\n<p class=\"article-body mb-nof-24 px-nof-16\">M\u00e4\u00e4 tossa y\u00e4ll\u00e4 herreill\u00e4 ollessani huomasin semmotten asian, ett\u00e4 t\u00e4ss\u00e4 ny sitten ollaan tarkkislaisia, niin me manselaiset kuin koko Suomen valtio. Pirkammaan kehnoiten toimmeentuleva kaupunki on tainnu el\u00e4\u00e4 yli varojensa. Kaiken kummalisinta kyll\u00e4 n\u00e4ytt\u00e4\u00e4 olevan se, ett\u00e4 kaikki johtuukin meist\u00e4 kansalaisista, kun ei mokomat tanop\u00e4\u00e4t saara tota taloutta nousuun. Laitetaan vaa kaikki rahoja sukanvarteen, eik\u00e4 osakkeisiin ja kaikemmaailman r\u00e4\u00e4s\u00e4\u00e4n. Kun ei oo mist\u00e4 ottaa<\/p>\n<p class=\"article-body mb-nof-24 px-nof-16\">Yhdysvallat saa kaikessa rauhassa tappaa Venezuelan kansalaisia. Ei tarvitse tutkia, onko huumeveneit\u00e4 vai kalastusaluksia. Jo yli sata ihmist\u00e4 on tapettu. Mit\u00e4 tekev\u00e4t l\u00e4nsimaat ja EU? Ei vaadita rehellist\u00e4 tutkimusta. Jampe<\/p>\n<p class=\"article-body mb-nof-24 px-nof-16\">Palkkaty\u00f6ss\u00e4 k\u00e4yv\u00e4 ihminen on t\u00e4lle hallitukselle toisen luokan kansalainen. Aution Jyk\u00e4<\/p>\n<p class=\"article-body mb-nof-24 px-nof-16\">Tays ja Pirha ovat kehitt\u00e4neet omat sovellukset, joiden kautta tulevat esitietokyselyt ynn\u00e4 muut sek\u00e4 ajanvaraukset. Ongelmana on, ett\u00e4 kyselyj\u00e4 tulee koko ajan ja samoihin kysymyksiin t\u00e4ytyy vastata aina, kun tulee uusi k\u00e4ynti. Mik\u00e4\u00e4n ei ole muuttunut tiedoissani, mutta vanhat tiedot eiv\u00e4t n\u00e4y kyselyss\u00e4. Viet\u00e4n taas tunnin vastaten kaikkiin mahdollisiin kysymyksiin. Sovellukset eiv\u00e4t my\u00f6sk\u00e4\u00e4n keskustele kesken\u00e4\u00e4n, joten joudun aina tunnistautumaan uudelleen. Vaikka ohjeissa sanotaan, ett\u00e4 \u00e4l\u00e4 kirjaudu ulos, sovellukset kirjaavat automaattisesti ulos. Lis\u00e4ksi, kun OmaTays l\u00e4hett\u00e4\u00e4 viestin, sen nimist\u00e4 sovellusta ei ole, vaan on TaysPolku, jossa voi kysy\u00e4. Sitten on OmaPirha, jonka kautta vastataan kyselyihin. Itse osaan kohtuullisesti tietokoneasioita, mutta kuinka k\u00e4y osaamattomien? Sekaisin aplikaatioista<\/p>\n<p class=\"article-body mb-nof-24 px-nof-16\">Kaukaj\u00e4rven terveysaseman hoitajille suuret kiitokset haavojeni hoidosta. Ammattitaitonne ja sitkeytenne ansiosta p\u00e4\u00e4stiin pitk\u00e4n hoitojakson j\u00e4lkeen maaliin. Tallinna<\/p>\n<p class=\"article-body mb-nof-24 px-nof-16\">Kahvila on saatava takaisin Lielahti-keskukseen. On t\u00e4rke\u00e4 tapaamispaikka alueen asukkaille ja kaupoilla k\u00e4vij\u00f6ille. Vuohi-kahvila l\u00e4hti, koska vuokra oli liian korkea. Peppi<\/p>\n<p class=\"article-body mb-nof-24 px-nof-16\">Hallituksen suurin saavutus ty\u00f6tt\u00f6mien ty\u00f6llist\u00e4misen hyv\u00e4ksi vuonna 2025 on \u201dpotkulaki\u201d. Kyll\u00e4 l\u00e4htee Suomi nousuun. Aapee<\/p>\n","protected":false},"excerpt":{"rendered":"Aamulehti julkaisee lukijoiden tekstiviestej\u00e4. Aiemmin Lielahdesta p\u00e4\u00e4si autolla pois Harjuntaustan kautta, mutta nyt uusien liikennej\u00e4rjestelyjen j\u00e4lkeen seist\u00e4\u00e4n Lielahdenkadun&hellip;\n","protected":false},"author":2,"featured_media":133131,"comment_status":"","ping_status":"","sticky":false,"template":"","format":"standard","meta":{"footnotes":""},"categories":[12],"tags":[157,22,23,26,27,33,31,30,17,24,25,28,29,15,18,21,32,19,20,16],"class_list":{"0":"post-133130","1":"post","2":"type-post","3":"status-publish","4":"format-standard","5":"has-post-thumbnail","7":"category-suomi","8":"tag-aamulehti","9":"tag-breaking-news","10":"tag-breakingnews","11":"tag-featured-news","12":"tag-featurednews","13":"tag-fi","14":"tag-finland","15":"tag-finnish","16":"tag-headlines","17":"tag-latest-news","18":"tag-latestnews","19":"tag-main-news","20":"tag-mainnews","21":"tag-news","22":"tag-otsikot","23":"tag-paauutiset","24":"tag-suomi","25":"tag-top-stories","26":"tag-topstories","27":"tag-uutiset"},"share_on_mastodon":{"url":"https:\/\/pubeurope.com\/@fi\/115836200142485141","error":""},"_links":{"self":[{"href":"https:\/\/www.europesays.com\/fi\/wp-json\/wp\/v2\/posts\/133130","targetHints":{"allow":["GET"]}}],"collection":[{"href":"https:\/\/www.europesays.com\/fi\/wp-json\/wp\/v2\/posts"}],"about":[{"href":"https:\/\/www.europesays.com\/fi\/wp-json\/wp\/v2\/types\/post"}],"author":[{"embeddable":true,"href":"https:\/\/www.europesays.com\/fi\/wp-json\/wp\/v2\/users\/2"}],"replies":[{"embeddable":true,"href":"https:\/\/www.europesays.com\/fi\/wp-json\/wp\/v2\/comments?post=133130"}],"version-history":[{"count":0,"href":"https:\/\/www.europesays.com\/fi\/wp-json\/wp\/v2\/posts\/133130\/revisions"}],"wp:featuredmedia":[{"embeddable":true,"href":"https:\/\/www.europesays.com\/fi\/wp-json\/wp\/v2\/media\/133131"}],"wp:attachment":[{"href":"https:\/\/www.europesays.com\/fi\/wp-json\/wp\/v2\/media?parent=133130"}],"wp:term":[{"taxonomy":"category","embeddable":true,"href":"https:\/\/www.europesays.com\/fi\/wp-json\/wp\/v2\/categories?post=133130"},{"taxonomy":"post_tag","embeddable":true,"href":"https:\/\/www.europesays.com\/fi\/wp-json\/wp\/v2\/tags?post=133130"}],"curies":[{"name":"wp","href":"https:\/\/api.w.org\/{rel}","templated":true}]}}