{"id":133132,"date":"2026-01-04T09:48:08","date_gmt":"2026-01-04T09:48:08","guid":{"rendered":"https:\/\/www.europesays.com\/fi\/133132\/"},"modified":"2026-01-04T09:48:08","modified_gmt":"2026-01-04T09:48:08","slug":"autoilija-tuhosi-kaksi-kilometria-latua-hausjarvella-ryttylassa-peruutti-latukoneen-kuljettajan-paalle-kanta-hame","status":"publish","type":"post","link":"https:\/\/www.europesays.com\/fi\/133132\/","title":{"rendered":"Autoilija tuhosi kaksi kilometri\u00e4 latua Hausj\u00e4rvell\u00e4 Ryttyl\u00e4ss\u00e4 \u2013 peruutti latukoneen kuljettajan p\u00e4\u00e4lle | Kanta-H\u00e4me"},"content":{"rendered":"<p class=\"aw-1gybjub aw-5vja16 kEtdKx kmuxyA yle__article__paragraph\">H\u00e4meen poliisi pys\u00e4ytti lauantaina illalla Hausj\u00e4rven Ryttyl\u00e4n Ykslammen hiihtoladulla ajaneen auton.<\/p>\n<p><img decoding=\"async\" alt=\"Hiihtolatu mets\u00e4isess\u00e4 maisemassa.\" src=\"https:\/\/www.europesays.com\/fi\/wp-content\/uploads\/2026\/01\/39-155905769259b53a090d.jpeg\" class=\"aw-1l9m598 hKVVvP\"\/><\/p>\n<p>Avaa kuvien katselu<\/p>\n<p>Poliisi kirjasi asiasta vahingonteon sek\u00e4 t\u00f6rke\u00e4n liikenneturvallisuuden vaarantamisen. Kuvituskuva. Kuva: Aleksi Taponen \/ Yle<\/p>\n<p class=\"aw-1gybjub aw-1p7kakr kEtdKx cEmitX yle__article__paragraph\">H\u00e4meen poliisi pys\u00e4ytti lauantaina illalla Hausj\u00e4rven Ryttyl\u00e4n Ykslammen hiihtoladulla ajaneen auton.<\/p>\n<p class=\"aw-1gybjub aw-1p7kakr kEtdKx cEmitX yle__article__paragraph\">Auto ehti tuhota juuri tehty\u00e4 valmista latupohjaa noin kahden kilometrin matkalta.<\/p>\n<p class=\"aw-1gybjub aw-1p7kakr kEtdKx cEmitX yle__article__paragraph\">Ladulla ajaneen auton havaitsi latukoneen kuljettaja. Kuljettaja puhutti auton kuljettajaa.<\/p>\n<p class=\"aw-1gybjub aw-1p7kakr kEtdKx cEmitX yle__article__paragraph\">Autoa kuljettanut nuori mies ei omasta mielest\u00e4\u00e4n ollut tehnyt mit\u00e4\u00e4n v\u00e4\u00e4r\u00e4\u00e4, mutta pyrki silti h\u00e4ipym\u00e4\u00e4n paikalta.<\/p>\n<p class=\"aw-1gybjub aw-1p7kakr kEtdKx cEmitX yle__article__paragraph\">Nuori mies ajoi ensin umpikujaan. Mies l\u00e4hti peruuttamaan autoa ja t\u00f6rm\u00e4si latukoneen kuljettajaan, joka loukkaantui onnettomuudessa liev\u00e4sti.<\/p>\n<p class=\"aw-1gybjub aw-1p7kakr kEtdKx cEmitX yle__article__paragraph\">Auto poistui paikalta. Autosta ja sen kyydiss\u00e4 olleista henkil\u00f6ist\u00e4 saatiin tuntomerkit.<\/p>\n<p class=\"aw-1gybjub aw-1p7kakr kEtdKx cEmitX yle__article__paragraph\">Poliisi kirjasi asiasta vahingonteon sek\u00e4 t\u00f6rke\u00e4n liikenneturvallisuuden vaarantamisen.<\/p>\n","protected":false},"excerpt":{"rendered":"H\u00e4meen poliisi pys\u00e4ytti lauantaina illalla Hausj\u00e4rven Ryttyl\u00e4n Ykslammen hiihtoladulla ajaneen auton. Avaa kuvien katselu Poliisi kirjasi asiasta vahingonteon&hellip;\n","protected":false},"author":2,"featured_media":133133,"comment_status":"","ping_status":"","sticky":false,"template":"","format":"standard","meta":{"footnotes":""},"categories":[5],"tags":[5796,22,23,26,27,33,31,30,8711,17,1794,23340,24,25,28,29,15,18,21,52,32,19,20,16],"class_list":{"0":"post-133132","1":"post","2":"type-post","3":"status-publish","4":"format-standard","5":"has-post-thumbnail","7":"category-otsikot","8":"tag-autoilijat","9":"tag-breaking-news","10":"tag-breakingnews","11":"tag-featured-news","12":"tag-featurednews","13":"tag-fi","14":"tag-finland","15":"tag-finnish","16":"tag-hausjarvi","17":"tag-headlines","18":"tag-kanta-hame","19":"tag-ladut","20":"tag-latest-news","21":"tag-latestnews","22":"tag-main-news","23":"tag-mainnews","24":"tag-news","25":"tag-otsikot","26":"tag-paauutiset","27":"tag-poliisi","28":"tag-suomi","29":"tag-top-stories","30":"tag-topstories","31":"tag-uutiset"},"share_on_mastodon":{"url":"https:\/\/pubeurope.com\/@fi\/115836204000371148","error":""},"_links":{"self":[{"href":"https:\/\/www.europesays.com\/fi\/wp-json\/wp\/v2\/posts\/133132","targetHints":{"allow":["GET"]}}],"collection":[{"href":"https:\/\/www.europesays.com\/fi\/wp-json\/wp\/v2\/posts"}],"about":[{"href":"https:\/\/www.europesays.com\/fi\/wp-json\/wp\/v2\/types\/post"}],"author":[{"embeddable":true,"href":"https:\/\/www.europesays.com\/fi\/wp-json\/wp\/v2\/users\/2"}],"replies":[{"embeddable":true,"href":"https:\/\/www.europesays.com\/fi\/wp-json\/wp\/v2\/comments?post=133132"}],"version-history":[{"count":0,"href":"https:\/\/www.europesays.com\/fi\/wp-json\/wp\/v2\/posts\/133132\/revisions"}],"wp:featuredmedia":[{"embeddable":true,"href":"https:\/\/www.europesays.com\/fi\/wp-json\/wp\/v2\/media\/133133"}],"wp:attachment":[{"href":"https:\/\/www.europesays.com\/fi\/wp-json\/wp\/v2\/media?parent=133132"}],"wp:term":[{"taxonomy":"category","embeddable":true,"href":"https:\/\/www.europesays.com\/fi\/wp-json\/wp\/v2\/categories?post=133132"},{"taxonomy":"post_tag","embeddable":true,"href":"https:\/\/www.europesays.com\/fi\/wp-json\/wp\/v2\/tags?post=133132"}],"curies":[{"name":"wp","href":"https:\/\/api.w.org\/{rel}","templated":true}]}}