{"id":133140,"date":"2026-01-04T10:11:18","date_gmt":"2026-01-04T10:11:18","guid":{"rendered":"https:\/\/www.europesays.com\/fi\/133140\/"},"modified":"2026-01-04T10:11:18","modified_gmt":"2026-01-04T10:11:18","slug":"emme-ole-siita-hirveasti-huudelleet-pirkanmaan-250-suurimman-ict-yrityksen-listalta-loytyy-poikkeuksellinen-yritys","status":"publish","type":"post","link":"https:\/\/www.europesays.com\/fi\/133140\/","title":{"rendered":"\u201dEmme ole siit\u00e4 hirve\u00e4sti huudelleet\u201d \u2013 Pirkanmaan 250 suurimman ict-yrityksen listalta l\u00f6ytyy poikkeuksellinen yritys"},"content":{"rendered":"<p>Ict-ala on ylitt\u00e4nyt 1,5 miljardin euron yhteenlasketun liikevaihdon Pirkanmaalla. Jutun j\u00e4ttilistauksesta n\u00e4et maakunnan 250 suurimman ict-yrityksen talousluvut.<\/p>\n<p class=\"article-body mb-nof-24 px-nof-16\">Aamulehti<\/p>\n<p class=\"article-body mb-nof-24 px-nof-16\">Tampereen Hervannassa, aivan tavallisen toimistorakennuksen uumenissa, piileskelee pirkanmaalainen menestystarina. Ohjelmistoyritys Unikie on kymmeness\u00e4 vuodessa noussut tyhj\u00e4st\u00e4 ict-alan k\u00e4rkeen ja saanut asiakkaikseen maailman suurimpia teknologiayrityksi\u00e4.<\/p>\n","protected":false},"excerpt":{"rendered":"Ict-ala on ylitt\u00e4nyt 1,5 miljardin euron yhteenlasketun liikevaihdon Pirkanmaalla. Jutun j\u00e4ttilistauksesta n\u00e4et maakunnan 250 suurimman ict-yrityksen talousluvut. Aamulehti&hellip;\n","protected":false},"author":2,"featured_media":133141,"comment_status":"","ping_status":"","sticky":false,"template":"","format":"standard","meta":{"footnotes":""},"categories":[76],"tags":[157,79,77,33,31,30,32,78],"class_list":{"0":"post-133140","1":"post","2":"type-post","3":"status-publish","4":"format-standard","5":"has-post-thumbnail","7":"category-talous","8":"tag-aamulehti","9":"tag-business","10":"tag-economy","11":"tag-fi","12":"tag-finland","13":"tag-finnish","14":"tag-suomi","15":"tag-talous"},"share_on_mastodon":{"url":"https:\/\/pubeurope.com\/@fi\/115836294499697471","error":""},"_links":{"self":[{"href":"https:\/\/www.europesays.com\/fi\/wp-json\/wp\/v2\/posts\/133140","targetHints":{"allow":["GET"]}}],"collection":[{"href":"https:\/\/www.europesays.com\/fi\/wp-json\/wp\/v2\/posts"}],"about":[{"href":"https:\/\/www.europesays.com\/fi\/wp-json\/wp\/v2\/types\/post"}],"author":[{"embeddable":true,"href":"https:\/\/www.europesays.com\/fi\/wp-json\/wp\/v2\/users\/2"}],"replies":[{"embeddable":true,"href":"https:\/\/www.europesays.com\/fi\/wp-json\/wp\/v2\/comments?post=133140"}],"version-history":[{"count":0,"href":"https:\/\/www.europesays.com\/fi\/wp-json\/wp\/v2\/posts\/133140\/revisions"}],"wp:featuredmedia":[{"embeddable":true,"href":"https:\/\/www.europesays.com\/fi\/wp-json\/wp\/v2\/media\/133141"}],"wp:attachment":[{"href":"https:\/\/www.europesays.com\/fi\/wp-json\/wp\/v2\/media?parent=133140"}],"wp:term":[{"taxonomy":"category","embeddable":true,"href":"https:\/\/www.europesays.com\/fi\/wp-json\/wp\/v2\/categories?post=133140"},{"taxonomy":"post_tag","embeddable":true,"href":"https:\/\/www.europesays.com\/fi\/wp-json\/wp\/v2\/tags?post=133140"}],"curies":[{"name":"wp","href":"https:\/\/api.w.org\/{rel}","templated":true}]}}