{"id":133163,"date":"2026-01-04T10:52:07","date_gmt":"2026-01-04T10:52:07","guid":{"rendered":"https:\/\/www.europesays.com\/fi\/133163\/"},"modified":"2026-01-04T10:52:07","modified_gmt":"2026-01-04T10:52:07","slug":"ruotsin-supertahti-jattaa-tour-de-skin-kesken-ilta-sanomat","status":"publish","type":"post","link":"https:\/\/www.europesays.com\/fi\/133163\/","title":{"rendered":"Ruotsin supert\u00e4hti j\u00e4tt\u00e4\u00e4 Tour de Skin kesken &#8211; Ilta-Sanomat"},"content":{"rendered":"<ol>\n<li><a href=\"https:\/\/news.google.com\/rss\/articles\/CBMiYkFVX3lxTE1vaVEwRElQTnV6ckZGcmNNT1VZNjd2N3hVSnhBa2w5UlctdnRCM2xPMHN2b08tMUFUbUZqcHRiUHZFek9CeWRyYzFWRXNBQzFWa1BfTzRLbHZ3QmNfMm5yREdR?oc=5\" target=\"_blank\" rel=\"nofollow noopener\">Ruotsin supert\u00e4hti j\u00e4tt\u00e4\u00e4 Tour de Skin kesken<\/a>&nbsp;&nbsp;Ilta-Sanomat<\/li>\n<li><a href=\"https:\/\/news.google.com\/rss\/articles\/CBMiZkFVX3lxTE05VG1TaXJ4TllCRFkwVHJuOTVuODhRanoyNk5TLW5VVFdMcnZxQlUyMkhFX2RpVUpmQzBqVldPY1pTcDdOLTY0c1F5Sjg1RllUNlB0S0RtRHlyQlpNcUtBV1p4UEg5UQ?oc=5\" target=\"_blank\" rel=\"nofollow noopener\">Tour de Skill\u00e4 p\u00e4\u00e4t\u00f6sp\u00e4iv\u00e4n loppunousut \u2013 ruotsalaist\u00e4hti keskeytt\u00e4\u00e4<\/a>&nbsp;&nbsp;Aamulehti<\/li>\n<li><a href=\"https:\/\/news.google.com\/rss\/articles\/CBMiXEFVX3lxTE1sazZQemhndDFRLThZNWlsN3VJOXJhaGItMnV2WUVnTUEyTGs3cGlqNGpqTWJpUlhtUzhneC13bjNzeDhYVnlQbWstUXBESFowRk9UXzdVUTNQVm50?oc=5\" target=\"_blank\" rel=\"nofollow noopener\">Hiihtoseuranta | HS seuraa: Tour de Ski huipentuu viimeisell\u00e4 etapilla<\/a>&nbsp;&nbsp;HS.fi<\/li>\n<li><a href=\"https:\/\/news.google.com\/rss\/articles\/CBMinAFBVV95cUxNenRRRThkVngwR3h3TWhWNGMtZEZ3dkRPT2ZSNVFIbnlPWDR6VGdjZElZV0tuaDJ6ZzZodjFiUXBlUkFPOC02OWVqcFMzT2dRdGwyb1hRVXJkS0w1Uy1BRm1xd3RsbzM5RDh4OVpnMGNlVXFjV3E4anNORlJoLTNTeVhQYkJQanBKR1F5RGkzY29WZS1IS3BGX2p2NDI?oc=5\" target=\"_blank\" rel=\"nofollow noopener\">Kuka kipuaa nopeinta vauhti Alpe Cermisin huipulle? Muista palkintosijoista Kl\u00e4bon takana k\u00e4yd\u00e4\u00e4n hurja taisto<\/a>&nbsp;&nbsp;Etusuora.com<\/li>\n<li><a href=\"https:\/\/news.google.com\/rss\/articles\/CBMiggFBVV95cUxQdFg2SGNqR0JOQS1iNU1LUlFvN3pmY3dNNzhUZ3FKd0xEOFZBc282YlEtZDByZWhuUFNBVnFfTi1ubGNJa00yRExlU0c1dUFWMzZMYkFXdHE2c01pRWZGYzZfLXM1TkN3VU5qWjBxd2phRlFqT1ZjZXVDMzhBN3FEaTNR?oc=5\" target=\"_blank\" rel=\"nofollow noopener\">Frida Karlsson sai tarpeekseen: \u201dL\u00e4hden kotiin\u201d<\/a>&nbsp;&nbsp;Iltalehti<\/li>\n<\/ol>\n","protected":false},"excerpt":{"rendered":"Ruotsin supert\u00e4hti j\u00e4tt\u00e4\u00e4 Tour de Skin kesken&nbsp;&nbsp;Ilta-Sanomat Tour de Skill\u00e4 p\u00e4\u00e4t\u00f6sp\u00e4iv\u00e4n loppunousut \u2013 ruotsalaist\u00e4hti keskeytt\u00e4\u00e4&nbsp;&nbsp;Aamulehti Hiihtoseuranta | HS&hellip;\n","protected":false},"author":2,"featured_media":133164,"comment_status":"","ping_status":"","sticky":false,"template":"","format":"standard","meta":{"footnotes":""},"categories":[136],"tags":[407,137,33,31,30,34,408,32,109],"class_list":{"0":"post-133163","1":"post","2":"type-post","3":"status-publish","4":"format-standard","5":"has-post-thumbnail","7":"category-julkkikset","8":"tag-celebrities","9":"tag-entertainment","10":"tag-fi","11":"tag-finland","12":"tag-finnish","13":"tag-ilta-sanomat","14":"tag-julkkikset","15":"tag-suomi","16":"tag-viihde"},"share_on_mastodon":{"url":"https:\/\/pubeurope.com\/@fi\/115836455650208292","error":""},"_links":{"self":[{"href":"https:\/\/www.europesays.com\/fi\/wp-json\/wp\/v2\/posts\/133163","targetHints":{"allow":["GET"]}}],"collection":[{"href":"https:\/\/www.europesays.com\/fi\/wp-json\/wp\/v2\/posts"}],"about":[{"href":"https:\/\/www.europesays.com\/fi\/wp-json\/wp\/v2\/types\/post"}],"author":[{"embeddable":true,"href":"https:\/\/www.europesays.com\/fi\/wp-json\/wp\/v2\/users\/2"}],"replies":[{"embeddable":true,"href":"https:\/\/www.europesays.com\/fi\/wp-json\/wp\/v2\/comments?post=133163"}],"version-history":[{"count":0,"href":"https:\/\/www.europesays.com\/fi\/wp-json\/wp\/v2\/posts\/133163\/revisions"}],"wp:featuredmedia":[{"embeddable":true,"href":"https:\/\/www.europesays.com\/fi\/wp-json\/wp\/v2\/media\/133164"}],"wp:attachment":[{"href":"https:\/\/www.europesays.com\/fi\/wp-json\/wp\/v2\/media?parent=133163"}],"wp:term":[{"taxonomy":"category","embeddable":true,"href":"https:\/\/www.europesays.com\/fi\/wp-json\/wp\/v2\/categories?post=133163"},{"taxonomy":"post_tag","embeddable":true,"href":"https:\/\/www.europesays.com\/fi\/wp-json\/wp\/v2\/tags?post=133163"}],"curies":[{"name":"wp","href":"https:\/\/api.w.org\/{rel}","templated":true}]}}