{"id":133176,"date":"2026-01-04T11:18:09","date_gmt":"2026-01-04T11:18:09","guid":{"rendered":"https:\/\/www.europesays.com\/fi\/133176\/"},"modified":"2026-01-04T11:18:09","modified_gmt":"2026-01-04T11:18:09","slug":"joonas-berghall-poseeraa-alasti-kertoo-vakavista-terveysongelmistaan","status":"publish","type":"post","link":"https:\/\/www.europesays.com\/fi\/133176\/","title":{"rendered":"Joonas Bergh\u00e4ll poseeraa alasti \u2013 Kertoo vakavista terveysongelmistaan"},"content":{"rendered":"<p>Ohjaaja Joonas Bergh\u00e4ll kertoo Helsingin Sanomien Sielu ja ruumis -palstalla terveydentilastaan. <\/p>\n<p><img decoding=\"async\" class=\"image image-show image-preview\" src=\"https:\/\/www.europesays.com\/fi\/wp-content\/uploads\/2026\/01\/60607da5c84e69317179b9b41f11af01e11a1340b951c27df38bfef369a58638.jpg\" alt=\"\"\/><img decoding=\"async\" class=\"image image-show\" src=\"https:\/\/www.europesays.com\/fi\/wp-content\/uploads\/2026\/01\/1767525489_699_60607da5c84e69317179b9b41f11af01e11a1340b951c27df38bfef369a58638.jpg\" alt=\"\"\/><\/p>\n<p>Joonas Bergh\u00e4ll kertoo HS:lle suhteestaan ulkon\u00e4k\u00f6\u00f6n. KIMMO HAAPALA<\/p>\n<p class=\"paragraph\">Elokuvaohjaaja- ja tuottaja <strong>Joonas Bergh\u00e4ll<\/strong>, 48, poseeraa <a href=\"https:\/\/www.hs.fi\/kuukausiliite\/art-2000011692285.html\" target=\"_blank\" rel=\"noopener nofollow\">Helsingin Sanomien Kuukausiliitteen Sielu ja ruumis<\/a> -palstalla alasti. H\u00e4n kertoo haastattelussa useista terveyshuolistaan ja kuinka h\u00e4n on ollut menett\u00e4\u00e4 henkens\u00e4.<\/p>\n<p class=\"paragraph\">Bergh\u00e4llin mukaan h\u00e4n on ollut menett\u00e4\u00e4 henkens\u00e4 kolme kertaa kahdeksan vuoden sis\u00e4\u00e4n. H\u00e4n kertoo saaneensa sairauskohtauksen auton ratissa, kuulleensa l\u00e4\u00e4k\u00e4rilt\u00e4 huonoja uutisia arvoistaan sek\u00e4 liukastuneensa kotipihalla ja halkaisseensa olkap\u00e4\u00e4n luun kolmeen osaan. Mik\u00e4li p\u00e4\u00e4 olisi osunut maahan, h\u00e4n olisi voinut kuolla.<\/p>\n<p class=\"paragraph\">\u2013 Terveyteni romahti 2011, kun sain ensin punkin puremasta borrelioosin, sitten kuvausmatkalla Keniassa harvinaisen bakteerin. Siit\u00e4 viime vuoteen asti olen raahannut t\u00e4t\u00e4 ruhoa niin, ett\u00e4 minulla on ollut pahimmillaan 36 eri oiretta p\u00e4iv\u00e4ss\u00e4, Bergh\u00e4ll kertoo HS:lle.<\/p>\n<p class=\"paragraph\">Onnettomuuksien ja terveyshuolien my\u00f6t\u00e4 Bergh\u00e4ll kertoo muuttaneensa ajattelutapaansa. T\u00e4ll\u00e4 hetkell\u00e4 h\u00e4n voi aiempiin kokemuksiin n\u00e4hden hyvin.<\/p>\n<p class=\"paragraph\">\u2013 En v\u00e4lit\u00e4 en\u00e4\u00e4 p\u00e4tk\u00e4\u00e4k\u00e4\u00e4n, mit\u00e4 muut ihmiset ajattelevat vartalostani. El\u00e4m\u00e4ss\u00e4 on niin paljon isompiakin asioita, h\u00e4n summaa haastattelussa.<\/p>\n<p class=\"paragraph\">HS:n Kuukausiliitteen Sielu ja ruumis -palstalla julkisuudesta tutut henkil\u00f6t riisuvat vaatteensa kuvasta varten ja pohtivat suhdettaan omaan kehoonsa.<\/p>\n<p class=\"paragraph\">Joonas Bergh\u00e4llin viimeisin elokuva, Tonttu, sai ensi-iltansa 14. marraskuuta. Bergh\u00e4ll ohjasi elokuvan yhdess\u00e4 <a href=\"https:\/\/www.iltalehti.fi\/henkilot\/Hannes Vartiainen\" class=\"article-link-person-page\" rel=\"nofollow noopener\" target=\"_blank\">Hannes Vartiaisen<\/a> kanssa. Ennen julkaisua Joonas Bergh\u00e4llin ja Hannes Vartiaisen <a href=\"https:\/\/www.iltalehti.fi\/tv-ja-leffat\/1704b152-1b09-4451-8f6f-68a326ef9266\" rel=\"nofollow noopener\" target=\"_blank\">ohjaamaa elokuvaa kuvailtiin suomalaiseksi suurtuotannoksi<\/a> kansainv\u00e4lisille markkinoille. Elokuvaa kuvattiin Suomen Lapissa ja muun muassa Kemin Lumilinnassa ja j\u00e4\u00e4nmurtajalla.<\/p>\n<p class=\"paragraph\">Ohjaaja Joonas Bergh\u00e4ll kertoi elokuvan tiedotteessa, ett\u00e4 pitk\u00e4n fiktion ohjaaminen on ollut h\u00e4nen haaveensa 13-vuotiaasta l\u00e4htien.<\/p>\n<p class=\"paragraph\">\u2013 Harvoin ensimm\u00e4inen fiktionohjaus on kuitenkaan 3,5 miljoonan euron suurtuotanto \u2013 teos, johon kiteytyy kaikki, mit\u00e4 olen 27 vuoden aikana elokuva-alalla rakentanut: kansainv\u00e4lisyys, laatu ja vahva koskettavuus. Kun viel\u00e4 kansainv\u00e4liset rahoittajat sanoivat, ett\u00e4 t\u00e4ss\u00e4 on Suomen Harry Potter, tiesin, ett\u00e4 olimme tiimimme kanssa onnistuneet, Bergh\u00e4ll kuvaili tiedotteessa syyskuussa 2025.<\/p>\n<p class=\"paragraph\">L\u00e4hde: <a href=\"https:\/\/www.hs.fi\/kuukausiliite\/art-2000011692285.html\" target=\"_blank\" rel=\"noopener nofollow\">Helsingin Sanomat<\/a><\/p>\n","protected":false},"excerpt":{"rendered":"Ohjaaja Joonas Bergh\u00e4ll kertoo Helsingin Sanomien Sielu ja ruumis -palstalla terveydentilastaan. Joonas Bergh\u00e4ll kertoo HS:lle suhteestaan ulkon\u00e4k\u00f6\u00f6n. KIMMO&hellip;\n","protected":false},"author":2,"featured_media":133177,"comment_status":"","ping_status":"","sticky":false,"template":"","format":"standard","meta":{"footnotes":""},"categories":[136],"tags":[35,153,407,623,137,33,31,30,408,379,1928,32,485,140,109],"class_list":{"0":"post-133176","1":"post","2":"type-post","3":"status-publish","4":"format-standard","5":"has-post-thumbnail","7":"category-julkkikset","8":"tag-24h","9":"tag-audiovisuaalinen-media","10":"tag-celebrities","11":"tag-elokuva","12":"tag-entertainment","13":"tag-fi","14":"tag-finland","15":"tag-finnish","16":"tag-julkkikset","17":"tag-kirjallisuus","18":"tag-kirjallisuus-ja-audiovisuaalinen-media","19":"tag-suomi","20":"tag-taide-yleista","21":"tag-tv-ja-elokuvat","22":"tag-viihde"},"share_on_mastodon":{"url":"https:\/\/pubeurope.com\/@fi\/115836557911969476","error":""},"_links":{"self":[{"href":"https:\/\/www.europesays.com\/fi\/wp-json\/wp\/v2\/posts\/133176","targetHints":{"allow":["GET"]}}],"collection":[{"href":"https:\/\/www.europesays.com\/fi\/wp-json\/wp\/v2\/posts"}],"about":[{"href":"https:\/\/www.europesays.com\/fi\/wp-json\/wp\/v2\/types\/post"}],"author":[{"embeddable":true,"href":"https:\/\/www.europesays.com\/fi\/wp-json\/wp\/v2\/users\/2"}],"replies":[{"embeddable":true,"href":"https:\/\/www.europesays.com\/fi\/wp-json\/wp\/v2\/comments?post=133176"}],"version-history":[{"count":0,"href":"https:\/\/www.europesays.com\/fi\/wp-json\/wp\/v2\/posts\/133176\/revisions"}],"wp:featuredmedia":[{"embeddable":true,"href":"https:\/\/www.europesays.com\/fi\/wp-json\/wp\/v2\/media\/133177"}],"wp:attachment":[{"href":"https:\/\/www.europesays.com\/fi\/wp-json\/wp\/v2\/media?parent=133176"}],"wp:term":[{"taxonomy":"category","embeddable":true,"href":"https:\/\/www.europesays.com\/fi\/wp-json\/wp\/v2\/categories?post=133176"},{"taxonomy":"post_tag","embeddable":true,"href":"https:\/\/www.europesays.com\/fi\/wp-json\/wp\/v2\/tags?post=133176"}],"curies":[{"name":"wp","href":"https:\/\/api.w.org\/{rel}","templated":true}]}}