{"id":133179,"date":"2026-01-04T11:25:09","date_gmt":"2026-01-04T11:25:09","guid":{"rendered":"https:\/\/www.europesays.com\/fi\/133179\/"},"modified":"2026-01-04T11:25:09","modified_gmt":"2026-01-04T11:25:09","slug":"kommentti-antti-pennasella-ja-leijonilla-erikoinen-sopimussoppa-jaakiekkoliiton-viestinta-jatkaa-farssilinjalla-urheilu","status":"publish","type":"post","link":"https:\/\/www.europesays.com\/fi\/133179\/","title":{"rendered":"Kommentti: Antti Pennasella ja Leijonilla erikoinen sopimus\u00adsoppa \u2013 J\u00e4\u00e4kiekko\u00adliiton viestint\u00e4 jatkaa farssilinjalla | Urheilu"},"content":{"rendered":"<p class=\"aw-1gybjub aw-1p7kakr kEtdKx cEmitX yle__article__paragraph\">J\u00e4\u00e4kiekkoliitto j\u00e4rjesti perjantaina lehdist\u00f6tilaisuuden, josta seurasi eriskummallista sotkua.<\/p>\n<p class=\"aw-1gybjub aw-1p7kakr kEtdKx cEmitX yle__article__paragraph\"><a class=\"aw-iao6s4 iHOxEa yle__article__link\" href=\"https:\/\/yle.fi\/a\/74-20202337\" role=\"link\" rel=\"nofollow noopener\" target=\"_blank\">Tilaisuudessa nimettiin<\/a> Leijonien ja Naisleijonien olympiajoukkueet helmikuun Milano-Cortinan kisoihin. N\u00e4iss\u00e4 valinnoissa <a class=\"aw-iao6s4 iHOxEa yle__article__link\" href=\"https:\/\/yle.fi\/a\/74-20202379\" role=\"link\" rel=\"nofollow noopener\" target=\"_blank\">ei ollut mit\u00e4\u00e4n yll\u00e4tyksi\u00e4<\/a>.<\/p>\n<p class=\"aw-1gybjub aw-1p7kakr kEtdKx cEmitX yle__article__paragraph\">Sen sijaan yll\u00e4tykseksi nousi tieto Leijonien p\u00e4\u00e4valmentajan <strong class=\"aw-ak79eh KyCXm yle__article__strong\">Antti Pennasen<\/strong> sopimuksen jatkumisesta. Kun Pennanen aikoinaan nimettiin Leijonien p\u00e4\u00e4valmentajaksi, <a class=\"aw-iao6s4 iHOxEa yle__article__link\" href=\"https:\/\/yle.fi\/a\/74-20052497\" role=\"link\" rel=\"nofollow noopener\" target=\"_blank\">sopimuksen kerrottiin<\/a> olevan mallia 2+1-vuotta.<\/p>\n<p class=\"aw-1gybjub aw-1p7kakr kEtdKx cEmitX yle__article__paragraph\">Pennasen sopimus siis kattaa kaudet 2024\u201326 ja sis\u00e4lt\u00e4\u00e4 option kaudesta 2026\u201327.<\/p>\n<p class=\"aw-1gybjub aw-1p7kakr kEtdKx cEmitX yle__article__paragraph\">Perjantain tilaisuudessa J\u00e4\u00e4kiekkoliiton puheenjohtaja <strong class=\"aw-ak79eh KyCXm yle__article__strong\">Heikki Hietanen<\/strong> kertoi <a class=\"aw-iao6s4 iHOxEa yle__article__link\" href=\"https:\/\/www.iltalehti.fi\/jaakiekko\/a\/0b868dec-d5dd-4df6-8975-3e9d58699ce8\" role=\"link\" rel=\"nofollow noopener\" target=\"_blank\">Iltalehdelle<\/a>, ett\u00e4 \u201dk\u00e4yt\u00e4nn\u00f6ss\u00e4\u201d Pennasella on sopimus ensi kaudesta.<\/p>\n<p class=\"aw-1gybjub aw-1p7kakr kEtdKx cEmitX yle__article__paragraph\">Eli onko optio siis kaikessa hiljaisuudessa jo k\u00e4ytetty?<\/p>\n<p class=\"aw-1gybjub aw-1p7kakr kEtdKx cEmitX yle__article__paragraph\">\u2013 K\u00e4yt\u00e4nn\u00f6ss\u00e4&#8230; Ei nyt viel\u00e4 ole sit\u00e4 keskustelua k\u00e4yty. L\u00e4hdemme kuitenkin siit\u00e4, ett\u00e4 sopimus on ensi kauden loppuun asti, Hietanen vastasi IL:lle.<\/p>\n<p class=\"aw-1gybjub aw-1p7kakr kEtdKx cEmitX yle__article__paragraph\">\u2013 No me ollaan t\u00e4st\u00e4 henkisesti puhuttu. Mutta ei ole t\u00e4st\u00e4 mit\u00e4\u00e4n virallista k\u00e4yty. Kun nyt kysyit, niin voin sanoa, ett\u00e4 ollaan meid\u00e4n puolesta valmiit jatkamaan, Hietanen totesi puolestaan Ilta-Sanomien <a class=\"aw-iao6s4 iHOxEa yle__article__link\" href=\"https:\/\/www.is.fi\/jaakiekko\/art-2000011727058.html\" role=\"link\" rel=\"nofollow noopener\" target=\"_blank\">mukaan<\/a>.<\/p>\n<p><img decoding=\"async\" alt=\"Heikki Hietanen puhuu mikrofoniin.\" src=\"https:\/\/www.europesays.com\/fi\/wp-content\/uploads\/2026\/01\/39-157672969581863bab16.jpeg\" loading=\"lazy\" class=\"aw-1l9m598 hKVVvP\"\/><\/p>\n<p>Avaa kuvien katselu<\/p>\n<p>Heikki Hietasen puheet yll\u00e4ttiv\u00e4t perjantaina. Kuva: Kimmo Brandt \/ AOP<\/p>\n<p class=\"aw-1gybjub aw-1p7kakr kEtdKx cEmitX yle__article__paragraph\">Antti Pennanen tosin sanoi perjantaina, ettei tied\u00e4 optio-osuuden k\u00e4ytt\u00e4misest\u00e4 mit\u00e4\u00e4n eik\u00e4 halunnut kommentoida asiaa enemp\u00e4\u00e4.<\/p>\n<p class=\"aw-1gybjub aw-1p7kakr kEtdKx cEmitX yle__article__paragraph\">\u2013 No ollaan samalla matkalla tuossa kohti kotia menossa, niin voin sitten kertoa, Hietanen totesi IS:lle.<\/p>\n<p class=\"aw-1gybjub aw-1p7kakr kEtdKx cEmitX yle__article__paragraph\">Yle Urheilu yritti lauantaina tiedustella Hietaselta, ett\u00e4 mit\u00e4 t\u00e4m\u00e4 nyt oikein tarkoittaa. Hietanen ei ollut halukas kommentoimaan, vaan sanoi kertoneensa kaiken jo perjantaina.<\/p>\n<p class=\"aw-1gybjub aw-1p7kakr kEtdKx cEmitX yle__article__paragraph\">Optioasiasta tivatessa Hietanen kuitenkin sanoi, ett\u00e4 J\u00e4\u00e4kiekkoliitto EI k\u00e4yt\u00e4 Pennasen optiota, joten t\u00e4m\u00e4 jatkaa p\u00e4\u00e4valmentajana kev\u00e4\u00e4seen 2027 asti.<\/p>\n<p class=\"aw-1gybjub aw-1p7kakr kEtdKx cEmitX yle__article__paragraph\">Mit\u00e4s ihmett\u00e4?<\/p>\n<p class=\"aw-1gybjub aw-1p7kakr kEtdKx cEmitX yle__article__paragraph\">Hietasen Ylelle kertoman mukaan asia menee niin, ett\u00e4 J\u00e4\u00e4kiekkoliitto olisi voinut katkaista Pennasen sopimuksen, koska sopimuksessa mainittu optio on J\u00e4\u00e4kiekkoliiton.<\/p>\n<p class=\"aw-1gybjub aw-1p7kakr kEtdKx cEmitX yle__article__paragraph\">Koska J\u00e4\u00e4kiekkoliitto ei k\u00e4yt\u00e4 optiota, se tarkoittaa, ett\u00e4 Pennasen sopimus sopimusehtoineen jatkuu normaalisti kauden 2026\u201327 loppuun, Hietanen ilmoitti.<\/p>\n<p><img decoding=\"async\" alt=\"Antti Pennanen haastatelussa, kun Leijonien olympiajoukkueet julkaistiin.\" src=\"https:\/\/www.europesays.com\/fi\/wp-content\/uploads\/2026\/01\/39-157688869595fe83d51a.jpeg\" loading=\"lazy\" class=\"aw-1l9m598 hKVVvP\"\/><\/p>\n<p>Avaa kuvien katselu<\/p>\n<p>Erikoista toimintaa Antti Pennasen ymp\u00e4rill\u00e4. Siis J\u00e4\u00e4kiekkoliitolta, ei niink\u00e4\u00e4n toimittajilta t\u00e4ss\u00e4 haastattelutilanteessa. Kuva: Kimmo Brandt \/ All Over Press<\/p>\n<p class=\"aw-1gybjub aw-1p7kakr kEtdKx cEmitX yle__article__paragraph\">Sek\u00e4 selitys optiosta ett\u00e4 siit\u00e4 kertominen medialle, kun p\u00e4\u00e4valmentaja ei sanojensa mukaan tied\u00e4 asiasta, vaikuttavat eriskummallisilta.<\/p>\n<p class=\"aw-1gybjub aw-1p7kakr kEtdKx cEmitX yle__article__paragraph\">Meni optio sitten niin tai n\u00e4in, J\u00e4\u00e4kiekkoliitto pit\u00e4\u00e4 t\u00e4ss\u00e4 vaiheessa kiinni Pennasesta, koska option takaraja oli asetettu tammikuuhun. T\u00e4st\u00e4 takarajasta uutisoi ensimm\u00e4isen\u00e4 Urheilucast.<\/p>\n<p class=\"aw-1gybjub aw-1p7kakr kEtdKx cEmitX yle__article__paragraph\">J\u00e4\u00e4kiekkoliitto ei halua tilannetta, jossa se kertoisi Pennaselle juuri ennen olympialaisia, ettei sopimus jatku arvokisojen j\u00e4lkeen.<\/p>\n<p class=\"aw-1gybjub aw-1p7kakr kEtdKx cEmitX yle__article__paragraph\">Mik\u00e4li kisat menev\u00e4t vihkoon ja Pennasesta halutaan eroon, J\u00e4\u00e4kiekkoliitto joutuu maksumieheksi. Option ajankohta on Pennasen etu. Jos sopimuksen p\u00e4\u00e4ttymisest\u00e4 olisi p\u00e4\u00e4tetty tammikuussa, Pennanen olisi halutessaan ehtinyt etsi\u00e4 ty\u00f6paikkaa ensi kaudeksi.<\/p>\n<p class=\"aw-1gybjub aw-1p7kakr kEtdKx cEmitX yle__article__paragraph\">Erikoisimpana n\u00e4ytt\u00e4ytyy j\u00e4lleen J\u00e4\u00e4kiekkoliiton viestint\u00e4. Pennasen ymp\u00e4rill\u00e4 on py\u00f6rinyt erikoista h\u00e4lin\u00e4\u00e4 ennenkin, esimerkiksi viime kev\u00e4\u00e4n\u00e4.<\/p>\n<p class=\"aw-1gybjub aw-1p7kakr kEtdKx cEmitX yle__article__paragraph\">Viime kausi ei mennyt Leijonilta putkeen. <a class=\"aw-iao6s4 iHOxEa yle__article__link\" href=\"https:\/\/yle.fi\/a\/74-20163941\" role=\"link\" rel=\"nofollow noopener\" target=\"_blank\">MM-kisojen j\u00e4lkeen h\u00e4mm\u00e4steltiin<\/a>, kun Hietanen sanoi, ett\u00e4 Pennasen ja GM <strong class=\"aw-ak79eh KyCXm yle__article__strong\">Jere Lehtisen<\/strong> ty\u00f6t\u00e4 kriittisesti arvioivat miehet itse.<\/p>\n<p class=\"aw-1gybjub aw-1p7kakr kEtdKx cEmitX yle__article__paragraph\">Siit\u00e4, ettei viestint\u00e4 kuulu J\u00e4\u00e4kiekkoliiton painopistealueisiin, saatiin muutenkin osuva todistus juuri perjantain lehdist\u00f6tilaisuudessa.<\/p>\n<p><img decoding=\"async\" alt=\"Antti Pennanen ja Jere Lehtinen Milano-Cortinan talviolympialaisiin kokoonpanojen julkistustilaisuudessa Helsingiss\u00e4 2. tammikuuta 2026.\" src=\"https:\/\/www.europesays.com\/fi\/wp-content\/uploads\/2026\/01\/39-157689169596171a1493.jpeg\" loading=\"lazy\" class=\"aw-1l9m598 hKVVvP\"\/><\/p>\n<p>Avaa kuvien katselu<\/p>\n<p>Antti Pennanen ja Jere Lehtinen esitteliv\u00e4t Leijonien olympiajoukkueen. Kuva: Markku Ulander \/ Lehtikuva<\/p>\n<p class=\"aw-1gybjub aw-1p7kakr kEtdKx cEmitX yle__article__paragraph\">Leijonien uusi supert\u00e4htisukupolvi, NHL-pelaajat p\u00e4\u00e4sev\u00e4t vihdoin irti olympialaisissa, 12 vuoden tauon j\u00e4lkeen! Joukkuevalintatilaisuudesta olisi odottanut edes jonkinlaista show&#8217;ta, pauketta ja fiilist\u00e4.<\/p>\n<p class=\"aw-1gybjub aw-1p7kakr kEtdKx cEmitX yle__article__paragraph\">Sen sijaan alkupuheiden j\u00e4lkeen ruudulle l\u00e4v\u00e4hti yksi kuva \u2013 nimilista. Siin\u00e4 kruununa nimivirhe, kun <strong class=\"aw-ak79eh KyCXm yle__article__strong\">Eeli Tolvasesta<\/strong> tulikin <strong class=\"aw-ak79eh KyCXm yle__article__strong\">Eetu Tolvanen<\/strong>.<\/p>\n<p class=\"aw-1gybjub aw-1p7kakr kEtdKx cEmitX yle__article__paragraph\">Yksitt\u00e4iselle nimivirheelle nauraminen on sin\u00e4ns\u00e4 turhaa, mutta kun nyt tuo kardinaalimunaus oli paljonpuhuva osa kokonaisuutta.<\/p>\n<p class=\"aw-1gybjub aw-1p7kakr kEtdKx cEmitX yle__article__paragraph\">Kyse ei ole merkityksett\u00f6mist\u00e4 nyansseista, vaan asioista, jotka luovat historiaa, kulttuuria, yhteis\u00f6llisyytt\u00e4 ja merkityksi\u00e4. Niit\u00e4 asioita, jotka puuttuivat <a class=\"aw-iao6s4 iHOxEa yle__article__link\" href=\"https:\/\/yle.fi\/a\/3-12456342\" role=\"link\" rel=\"nofollow noopener\" target=\"_blank\">esimerkiksi<\/a> Leijonien MM-kotikisoista Tampereella, kun katsomot t\u00e4yttyiv\u00e4t yritysvieraista.<\/p>\n<p class=\"aw-1gybjub aw-1p7kakr kEtdKx cEmitX yle__article__paragraph\">Media tietenkin t\u00e4yttynee omista olympiamuisteloistaan, kuten vaikkapa Nuorten Leijonien MM-kisojen aikaan on jo v\u00e4l\u00e4yksi\u00e4 HBO Maxin l\u00e4hetyksiss\u00e4 n\u00e4hty.<\/p>\n<p class=\"aw-1gybjub aw-1p7kakr kEtdKx cEmitX yle__article__paragraph\">Silti loppujen lopuksi kyse on asioista, joissa liiton kuuluisi olla aloitteellinen ja luoda omaa sankaritarustoaan. Jos viestint\u00e4 kuuluisi prioriteetteihin.<\/p>\n<p>Esimerkiksi t\u00e4llaisella videolla Helmarit julkaisi viime kes\u00e4n\u00e4 EM-kisajoukkueensa.<\/p>\n","protected":false},"excerpt":{"rendered":"J\u00e4\u00e4kiekkoliitto j\u00e4rjesti perjantaina lehdist\u00f6tilaisuuden, josta seurasi eriskummallista sotkua. Tilaisuudessa nimettiin Leijonien ja Naisleijonien olympiajoukkueet helmikuun Milano-Cortinan kisoihin. N\u00e4iss\u00e4&hellip;\n","protected":false},"author":2,"featured_media":133180,"comment_status":"","ping_status":"","sticky":false,"template":"","format":"standard","meta":{"footnotes":""},"categories":[158],"tags":[17576,33,31,30,1143,2780,159,3571,32,160],"class_list":{"0":"post-133179","1":"post","2":"type-post","3":"status-publish","4":"format-standard","5":"has-post-thumbnail","7":"category-urheilu","8":"tag-antti-pennanen","9":"tag-fi","10":"tag-finland","11":"tag-finnish","12":"tag-jaakiekko","13":"tag-leijonat","14":"tag-sports","15":"tag-suomen-jaakiekkoliitto","16":"tag-suomi","17":"tag-urheilu"},"share_on_mastodon":{"url":"https:\/\/pubeurope.com\/@fi\/115836585566595562","error":""},"_links":{"self":[{"href":"https:\/\/www.europesays.com\/fi\/wp-json\/wp\/v2\/posts\/133179","targetHints":{"allow":["GET"]}}],"collection":[{"href":"https:\/\/www.europesays.com\/fi\/wp-json\/wp\/v2\/posts"}],"about":[{"href":"https:\/\/www.europesays.com\/fi\/wp-json\/wp\/v2\/types\/post"}],"author":[{"embeddable":true,"href":"https:\/\/www.europesays.com\/fi\/wp-json\/wp\/v2\/users\/2"}],"replies":[{"embeddable":true,"href":"https:\/\/www.europesays.com\/fi\/wp-json\/wp\/v2\/comments?post=133179"}],"version-history":[{"count":0,"href":"https:\/\/www.europesays.com\/fi\/wp-json\/wp\/v2\/posts\/133179\/revisions"}],"wp:featuredmedia":[{"embeddable":true,"href":"https:\/\/www.europesays.com\/fi\/wp-json\/wp\/v2\/media\/133180"}],"wp:attachment":[{"href":"https:\/\/www.europesays.com\/fi\/wp-json\/wp\/v2\/media?parent=133179"}],"wp:term":[{"taxonomy":"category","embeddable":true,"href":"https:\/\/www.europesays.com\/fi\/wp-json\/wp\/v2\/categories?post=133179"},{"taxonomy":"post_tag","embeddable":true,"href":"https:\/\/www.europesays.com\/fi\/wp-json\/wp\/v2\/tags?post=133179"}],"curies":[{"name":"wp","href":"https:\/\/api.w.org\/{rel}","templated":true}]}}