{"id":133187,"date":"2026-01-04T11:31:07","date_gmt":"2026-01-04T11:31:07","guid":{"rendered":"https:\/\/www.europesays.com\/fi\/133187\/"},"modified":"2026-01-04T11:31:07","modified_gmt":"2026-01-04T11:31:07","slug":"kaksi-ulosajoa-mantta-vilppulassa-viikonlopun-aikana-toisessa-auto-tormasi-puuhun","status":"publish","type":"post","link":"https:\/\/www.europesays.com\/fi\/133187\/","title":{"rendered":"Kaksi ulosajoa M\u00e4ntt\u00e4-Vilppulassa viikonlopun aikana \u2013 toisessa auto t\u00f6rm\u00e4si puuhun"},"content":{"rendered":"<p>Henkil\u00f6auto t\u00f6rm\u00e4si puuhun sunnuntaina M\u00e4nt\u00e4ss\u00e4. My\u00f6s perjantain ja lauantain v\u00e4lisen\u00e4 y\u00f6n\u00e4 tapahtui ulosajo.<\/p>\n<p class=\"article-body mb-nof-24 px-nof-16\">Aamulehti<\/p>\n<p class=\"article-body mb-nof-24 px-nof-16\">M\u00e4nt\u00e4ss\u00e4 Viitalantiell\u00e4 sattui sunnuntaiaamuna henkil\u00f6auton ulosajo, jossa loukkaantui yksi henkil\u00f6. Auto oli ajautunut ulos tielt\u00e4 Haaralahden kohdalla noin kello 9 aikaan aamulla.<\/p>\n<p class=\"article-body mb-nof-24 px-nof-16\">Auto oli ulosajon seurauksena t\u00f6rm\u00e4nnyt puuhun.<\/p>\n<p class=\"article-body mb-nof-24 px-nof-16\">Autossa oli t\u00f6rm\u00e4yshetkell\u00e4 vain kuljettaja, joka selviytyi omin voimin ulos autosta. Tilanteessa tuli lievi\u00e4 henkil\u00f6vahinkoja, sanoo tilanne- ja johtokeskuksen p\u00e4ivyst\u00e4v\u00e4 palomestari <a class=\"font-bold underline-offset-[0.12em] [text-decoration:var(--person-link-text-decoration)] ![text-decoration-color:var(--person-link-text-decoration-color)]\" href=\"https:\/\/www.aamulehti.fi\/haku\/?query=Santeri%20Susi\" rel=\"nofollow noopener\" target=\"_blank\">Santeri Susi<\/a> Pirkanmaan pelastuslaitokselta.<\/p>\n<p class=\"article-body mb-nof-24 px-nof-16\">Tiet ovat olleet paikoin talvisen liukkaita viikonloppuna. My\u00f6s perjantain ja lauantain v\u00e4lisen\u00e4 y\u00f6n\u00e4 tapahtui ulosajo Satakunnantiell\u00e4 hieman puolen y\u00f6n j\u00e4lkeen.<\/p>\n<p class=\"article-body mb-nof-24 px-nof-16\">Per\u00e4k\u00e4rry\u00e4 vet\u00e4nyt auto oli menossa Vilppulasta M\u00e4ntt\u00e4\u00e4n p\u00e4in.<\/p>\n<p class=\"article-body mb-nof-24 px-nof-16\">T\u00e4ss\u00e4kin ulosajossa autossa oli vain kuljettaja. Sek\u00e4 auto ett\u00e4 kuljettaja k\u00e4rsiv\u00e4t lievi\u00e4 vaurioita.<\/p>\n","protected":false},"excerpt":{"rendered":"Henkil\u00f6auto t\u00f6rm\u00e4si puuhun sunnuntaina M\u00e4nt\u00e4ss\u00e4. My\u00f6s perjantain ja lauantain v\u00e4lisen\u00e4 y\u00f6n\u00e4 tapahtui ulosajo. Aamulehti M\u00e4nt\u00e4ss\u00e4 Viitalantiell\u00e4 sattui sunnuntaiaamuna&hellip;\n","protected":false},"author":2,"featured_media":1431,"comment_status":"","ping_status":"","sticky":false,"template":"","format":"standard","meta":{"footnotes":""},"categories":[12],"tags":[157,22,23,26,27,33,31,30,17,24,25,28,29,15,18,21,32,19,20,16],"class_list":{"0":"post-133187","1":"post","2":"type-post","3":"status-publish","4":"format-standard","5":"has-post-thumbnail","7":"category-suomi","8":"tag-aamulehti","9":"tag-breaking-news","10":"tag-breakingnews","11":"tag-featured-news","12":"tag-featurednews","13":"tag-fi","14":"tag-finland","15":"tag-finnish","16":"tag-headlines","17":"tag-latest-news","18":"tag-latestnews","19":"tag-main-news","20":"tag-mainnews","21":"tag-news","22":"tag-otsikot","23":"tag-paauutiset","24":"tag-suomi","25":"tag-top-stories","26":"tag-topstories","27":"tag-uutiset"},"share_on_mastodon":{"url":"https:\/\/pubeurope.com\/@fi\/115836609056680189","error":""},"_links":{"self":[{"href":"https:\/\/www.europesays.com\/fi\/wp-json\/wp\/v2\/posts\/133187","targetHints":{"allow":["GET"]}}],"collection":[{"href":"https:\/\/www.europesays.com\/fi\/wp-json\/wp\/v2\/posts"}],"about":[{"href":"https:\/\/www.europesays.com\/fi\/wp-json\/wp\/v2\/types\/post"}],"author":[{"embeddable":true,"href":"https:\/\/www.europesays.com\/fi\/wp-json\/wp\/v2\/users\/2"}],"replies":[{"embeddable":true,"href":"https:\/\/www.europesays.com\/fi\/wp-json\/wp\/v2\/comments?post=133187"}],"version-history":[{"count":0,"href":"https:\/\/www.europesays.com\/fi\/wp-json\/wp\/v2\/posts\/133187\/revisions"}],"wp:featuredmedia":[{"embeddable":true,"href":"https:\/\/www.europesays.com\/fi\/wp-json\/wp\/v2\/media\/1431"}],"wp:attachment":[{"href":"https:\/\/www.europesays.com\/fi\/wp-json\/wp\/v2\/media?parent=133187"}],"wp:term":[{"taxonomy":"category","embeddable":true,"href":"https:\/\/www.europesays.com\/fi\/wp-json\/wp\/v2\/categories?post=133187"},{"taxonomy":"post_tag","embeddable":true,"href":"https:\/\/www.europesays.com\/fi\/wp-json\/wp\/v2\/tags?post=133187"}],"curies":[{"name":"wp","href":"https:\/\/api.w.org\/{rel}","templated":true}]}}