{"id":133189,"date":"2026-01-04T11:33:10","date_gmt":"2026-01-04T11:33:10","guid":{"rendered":"https:\/\/www.europesays.com\/fi\/133189\/"},"modified":"2026-01-04T11:33:10","modified_gmt":"2026-01-04T11:33:10","slug":"luonto-on-tarjonnut-talla-viikolla-myrskyn-lisaksi-ikuistettavaa-jaapalloista-hattivatteihin-saa-jatkuu-hyytavana","status":"publish","type":"post","link":"https:\/\/www.europesays.com\/fi\/133189\/","title":{"rendered":"Luonto on tarjonnut t\u00e4ll\u00e4 viikolla myrskyn lis\u00e4ksi ikuistettavaa j\u00e4\u00e4palloista \u201dhattivatteihin\u201d \u2013 S\u00e4\u00e4 jatkuu hyyt\u00e4v\u00e4n\u00e4"},"content":{"rendered":"<p>                                  Paikallisuutiset<\/p>\n<p>                <img loading=\"lazy\" decoding=\"async\" itemprop=\"contentUrl\" class=\"figure-img img-fluid\"  src=\"https:\/\/www.europesays.com\/fi\/wp-content\/uploads\/2026\/01\/1767526389_915_imengine.public.prod.hil.infomaker.io.jpeg\" width=\"1920\" height=\"1439\"  alt=\"\"\/><\/p>\n<p>                                    J\u00e4\u00e4puikkoja v\u00e4\u00e4rinp\u00e4in? Juha Salo bongasi veikeit\u00e4 \u201dhattivatteja\u201d Ohtakarin aallonmurtajalla tiistaina.<br \/>\n                                                    Kuva:<br \/>\n                    Juha Salo<\/p>\n<p>      MAINOS &#8211; juttu jatkuu mainoksen j\u00e4lkeen<\/p>\n<p>      MAINOS &#8211; mainos p\u00e4\u00e4ttyy<\/p>\n<p class=\"ew-body\">Hanneksen aiheuttamien tuhojen lis\u00e4ksi luonto on tarjonnut t\u00e4ll\u00e4 viikolla muutakin kuvattavaa muun muassa rannikolla, kun s\u00e4\u00e4 vaihtui huimista myrskytuulista pakkasiin.<\/p>\n<p class=\"ew-body\">Esimerkiksi lohtajalainen Juha Salo ikuisti alkuviikosta Ohtakarissa hauskoja, Muumeista tuttujen hattivattien muotoisia j\u00e4\u00e4muodoste<\/p>\n<p>  <a class=\"btn btn-secondary btn-icon-left\" href=\"#coral_thread\"><br \/>\n    <img decoding=\"async\" src=\"https:\/\/www.keskipohjanmaa.fi\/wp-content\/themes\/hilla-theme\/assets\/img\/icon_comments.svg\" alt=\"\"\/><br \/>\n    Kommentoi<br \/>\n    \u00a0(0)<br \/>\n  <\/a><\/p>\n<p>  <a class=\"btn btn-secondary btn-icon-left mailto_web\" href=\"mailto:toimitus@keskipohjanmaa.fi?subject=Ilmoita%20asiavirheest%C3%A4&amp;body=Otsikko%3A%20Luonto%20on%20tarjonnut%20t%C3%A4ll%C3%A4%20viikolla%20myrskyn%20lis%C3%A4ksi%20ikuistettavaa%20j%C3%A4%C3%A4palloista%20%E2%80%9Dhattivatteihin%E2%80%9D%20%E2%80%93%20S%C3%A4%C3%A4%20jatkuu%20hyyt%C3%A4v%C3%A4n%C3%A4%0AUuid%3A%2029acb451-3539-4d58-b371-e485b3f95840%0AUrl%3A%20https%3A%2F%2Fwww.keskipohjanmaa.fi%2Fartikkeli%2Fluonto-on-tarjonnut-talla-viikolla-myrskyn-lisaksi-ikuistettavaa-jaapalloista-hattivatteihin-saa\"><br \/>\n    <img decoding=\"async\" src=\"https:\/\/www.keskipohjanmaa.fi\/wp-content\/themes\/hilla-theme\/assets\/img\/icon_feedback.svg\" alt=\"\"\/><br \/>\n    Ilmoita asiavirheest\u00e4<br \/>\n  <\/a><\/p>\n","protected":false},"excerpt":{"rendered":"Paikallisuutiset J\u00e4\u00e4puikkoja v\u00e4\u00e4rinp\u00e4in? Juha Salo bongasi veikeit\u00e4 \u201dhattivatteja\u201d Ohtakarin aallonmurtajalla tiistaina. Kuva: Juha Salo MAINOS &#8211; juttu jatkuu&hellip;\n","protected":false},"author":2,"featured_media":133190,"comment_status":"","ping_status":"","sticky":false,"template":"","format":"standard","meta":{"footnotes":""},"categories":[117],"tags":[33,31,30,72,476,118,32,119,477],"class_list":{"0":"post-133189","1":"post","2":"type-post","3":"status-publish","4":"format-standard","5":"has-post-thumbnail","7":"category-luonto","8":"tag-fi","9":"tag-finland","10":"tag-finnish","11":"tag-luonto","12":"tag-nature","13":"tag-science","14":"tag-suomi","15":"tag-tiede","16":"tag-wildlife"},"share_on_mastodon":{"url":"https:\/\/pubeurope.com\/@fi\/115836616891923228","error":""},"_links":{"self":[{"href":"https:\/\/www.europesays.com\/fi\/wp-json\/wp\/v2\/posts\/133189","targetHints":{"allow":["GET"]}}],"collection":[{"href":"https:\/\/www.europesays.com\/fi\/wp-json\/wp\/v2\/posts"}],"about":[{"href":"https:\/\/www.europesays.com\/fi\/wp-json\/wp\/v2\/types\/post"}],"author":[{"embeddable":true,"href":"https:\/\/www.europesays.com\/fi\/wp-json\/wp\/v2\/users\/2"}],"replies":[{"embeddable":true,"href":"https:\/\/www.europesays.com\/fi\/wp-json\/wp\/v2\/comments?post=133189"}],"version-history":[{"count":0,"href":"https:\/\/www.europesays.com\/fi\/wp-json\/wp\/v2\/posts\/133189\/revisions"}],"wp:featuredmedia":[{"embeddable":true,"href":"https:\/\/www.europesays.com\/fi\/wp-json\/wp\/v2\/media\/133190"}],"wp:attachment":[{"href":"https:\/\/www.europesays.com\/fi\/wp-json\/wp\/v2\/media?parent=133189"}],"wp:term":[{"taxonomy":"category","embeddable":true,"href":"https:\/\/www.europesays.com\/fi\/wp-json\/wp\/v2\/categories?post=133189"},{"taxonomy":"post_tag","embeddable":true,"href":"https:\/\/www.europesays.com\/fi\/wp-json\/wp\/v2\/tags?post=133189"}],"curies":[{"name":"wp","href":"https:\/\/api.w.org\/{rel}","templated":true}]}}