{"id":133195,"date":"2026-01-04T11:48:07","date_gmt":"2026-01-04T11:48:07","guid":{"rendered":"https:\/\/www.europesays.com\/fi\/133195\/"},"modified":"2026-01-04T11:48:07","modified_gmt":"2026-01-04T11:48:07","slug":"peter-gabriel-yllattaa-uusi-levy-jo-tuloillaan-ensimmainen-single-julki","status":"publish","type":"post","link":"https:\/\/www.europesays.com\/fi\/133195\/","title":{"rendered":"Peter Gabriel yll\u00e4tt\u00e4\u00e4: uusi levy jo tuloillaan, ensimm\u00e4inen single julki"},"content":{"rendered":"<p>Peter Gabriel julkaisi viimeisimm\u00e4n pitk\u00e4soittonsa I\/O vuonna 2023, jolloin edellisest\u00e4 Genesis-miehen uutta soolotuotantoa sis\u00e4lt\u00e4neest\u00e4 Up-levyst\u00e4 oli ehtinyt vier\u00e4ht\u00e4\u00e4 jo 21 vuotta. Seuraavaa levy\u00e4 ei kuitenkaan tarvitse odottaa l\u00e4hesk\u00e4\u00e4n yht\u00e4 kauan, sill\u00e4 Gabriel tiedotti yll\u00e4tt\u00e4en julkaisevansa uuden O\/I-pitk\u00e4soittonsa jo loppuvuodesta.<\/p>\n<p>Nyt levylt\u00e4 on julkistettu ensimm\u00e4inen single Been Undone, jonka voit kuunnella alta. Kuten I\/O-levyn kohdalla, my\u00f6s O\/I-albumilta tullaan julkaisemaan maistiaisia kuukauden v\u00e4lein aina t\u00e4ysikuun aikaan.<\/p>\n<p><img loading=\"lazy\" decoding=\"async\" alt=\"YouTube video\" width=\"480\" height=\"360\" data-pin-nopin=\"true\" nopin=\"nopin\" class=\"perfmatters-lazy\" src=\"https:\/\/www.europesays.com\/fi\/wp-content\/uploads\/2026\/01\/1767527287_183_hqdefault.jpg\"\/><\/p>\n<p>Lue my\u00f6s: <a href=\"https:\/\/www.soundi.fi\/uutiskirje\/\" title=\"Tilaa Soundin uutiskirje\" class=\"underline-custom !font-montserrat !font-bold !underline-offset-4 !decoration-4 !decoration-red-600 !text-md\" rel=\"nofollow noopener\" target=\"_blank\">Tilaa Soundin uutiskirje ja tied\u00e4t mist\u00e4 kahvitauolla puhutaan! Nappaa ajankohtaiset musiikin uutiset ja puheenaiheet suoraan s\u00e4hk\u00f6postiin t\u00e4st\u00e4.<\/a><\/p>\n","protected":false},"excerpt":{"rendered":"Peter Gabriel julkaisi viimeisimm\u00e4n pitk\u00e4soittonsa I\/O vuonna 2023, jolloin edellisest\u00e4 Genesis-miehen uutta soolotuotantoa sis\u00e4lt\u00e4neest\u00e4 Up-levyst\u00e4 oli ehtinyt vier\u00e4ht\u00e4\u00e4&hellip;\n","protected":false},"author":2,"featured_media":133196,"comment_status":"","ping_status":"","sticky":false,"template":"","format":"standard","meta":{"footnotes":""},"categories":[132],"tags":[137,33,31,30,195,47,32,109],"class_list":{"0":"post-133195","1":"post","2":"type-post","3":"status-publish","4":"format-standard","5":"has-post-thumbnail","7":"category-musiikki","8":"tag-entertainment","9":"tag-fi","10":"tag-finland","11":"tag-finnish","12":"tag-music","13":"tag-musiikki","14":"tag-suomi","15":"tag-viihde"},"share_on_mastodon":{"url":"https:\/\/pubeurope.com\/@fi\/115836675854997980","error":""},"_links":{"self":[{"href":"https:\/\/www.europesays.com\/fi\/wp-json\/wp\/v2\/posts\/133195","targetHints":{"allow":["GET"]}}],"collection":[{"href":"https:\/\/www.europesays.com\/fi\/wp-json\/wp\/v2\/posts"}],"about":[{"href":"https:\/\/www.europesays.com\/fi\/wp-json\/wp\/v2\/types\/post"}],"author":[{"embeddable":true,"href":"https:\/\/www.europesays.com\/fi\/wp-json\/wp\/v2\/users\/2"}],"replies":[{"embeddable":true,"href":"https:\/\/www.europesays.com\/fi\/wp-json\/wp\/v2\/comments?post=133195"}],"version-history":[{"count":0,"href":"https:\/\/www.europesays.com\/fi\/wp-json\/wp\/v2\/posts\/133195\/revisions"}],"wp:featuredmedia":[{"embeddable":true,"href":"https:\/\/www.europesays.com\/fi\/wp-json\/wp\/v2\/media\/133196"}],"wp:attachment":[{"href":"https:\/\/www.europesays.com\/fi\/wp-json\/wp\/v2\/media?parent=133195"}],"wp:term":[{"taxonomy":"category","embeddable":true,"href":"https:\/\/www.europesays.com\/fi\/wp-json\/wp\/v2\/categories?post=133195"},{"taxonomy":"post_tag","embeddable":true,"href":"https:\/\/www.europesays.com\/fi\/wp-json\/wp\/v2\/tags?post=133195"}],"curies":[{"name":"wp","href":"https:\/\/api.w.org\/{rel}","templated":true}]}}