{"id":133209,"date":"2026-01-04T11:58:09","date_gmt":"2026-01-04T11:58:09","guid":{"rendered":"https:\/\/www.europesays.com\/fi\/133209\/"},"modified":"2026-01-04T11:58:09","modified_gmt":"2026-01-04T11:58:09","slug":"hs-seuraa-tour-de-ski-huipentuu-viimeisella-etapilla","status":"publish","type":"post","link":"https:\/\/www.europesays.com\/fi\/133209\/","title":{"rendered":"HS seuraa: Tour de Ski huipentuu viimeisell\u00e4 etapilla"},"content":{"rendered":"<p>Hiihtoseuranta|HS seuraa Tour de Skin viimeist\u00e4 etappia.<\/p>\n<p class=\"article-body mb-nof-24 px-nof-16\">Norjalainen <a class=\"font-bold underline-offset-[0.12em] [text-decoration:var(--person-link-text-decoration)] ![text-decoration-color:var(--person-link-text-decoration-color)]\" href=\"https:\/\/www.hs.fi\/haku\/?query=Johannes%20Kl%C3%A4bo\" rel=\"nofollow noopener\" target=\"_blank\">Johannes Kl\u00e4bo<\/a> teki historiaa, kun hiiht\u00e4j\u00e4 voitti Tour de Skin jo per\u00e4ti viidett\u00e4 kertaa.<\/p>\n<p class=\"article-body mb-nof-24 px-nof-16\">Palkintopallin t\u00e4ydensiv\u00e4t norjalaiset, kun toiselle sijalle hiihti <a class=\"font-bold underline-offset-[0.12em] [text-decoration:var(--person-link-text-decoration)] ![text-decoration-color:var(--person-link-text-decoration-color)]\" href=\"https:\/\/www.hs.fi\/haku\/?query=Mattis%20Stenshagen\" rel=\"nofollow noopener\" target=\"_blank\">Mattis Stenshagen<\/a> ja kolmannelle <a class=\"font-bold underline-offset-[0.12em] [text-decoration:var(--person-link-text-decoration)] ![text-decoration-color:var(--person-link-text-decoration-color)]\" href=\"https:\/\/www.hs.fi\/haku\/?query=Harald%20Amundsen\" rel=\"nofollow noopener\" target=\"_blank\">Harald Amundsen<\/a>.<\/p>\n<p class=\"article-body mb-nof-24 px-nof-16\"><a class=\"font-bold underline-offset-[0.12em] [text-decoration:var(--person-link-text-decoration)] ![text-decoration-color:var(--person-link-text-decoration-color)]\" href=\"https:\/\/www.hs.fi\/haku\/?query=Perttu%20Hyv%C3%A4rinen\" rel=\"nofollow noopener\" target=\"_blank\">Perttu Hyv\u00e4rinen<\/a> oli lopulta 20., ja vastasi Tourin parhaasta suomalaissijoituksesta. <a class=\"font-bold underline-offset-[0.12em] [text-decoration:var(--person-link-text-decoration)] ![text-decoration-color:var(--person-link-text-decoration-color)]\" href=\"https:\/\/www.hs.fi\/haku\/?query=Petteri%20Koivisto\" rel=\"nofollow noopener\" target=\"_blank\">Petteri Koivisto<\/a> oli sijalla 21., <a class=\"font-bold underline-offset-[0.12em] [text-decoration:var(--person-link-text-decoration)] ![text-decoration-color:var(--person-link-text-decoration-color)]\" href=\"https:\/\/www.hs.fi\/haku\/?query=Joni%20M%C3%A4ki\" rel=\"nofollow noopener\" target=\"_blank\">Joni M\u00e4ki<\/a> 33. ja <a class=\"font-bold underline-offset-[0.12em] [text-decoration:var(--person-link-text-decoration)] ![text-decoration-color:var(--person-link-text-decoration-color)]\" href=\"https:\/\/www.hs.fi\/haku\/?query=Niilo%20Moilanen\" rel=\"nofollow noopener\" target=\"_blank\">Niilo Moilanen<\/a> 46.<\/p>\n<p class=\"article-body mb-nof-24 px-nof-16\">Seuraavaksi j\u00e4nnitt\u00e4m\u00e4\u00e4n naisten loppunousua, mik\u00e4 alkaa kello 16.30.<\/p>\n<p class=\"article-body mb-nof-24 px-nof-16\">HS seuraa viimeist\u00e4 etappia t\u00e4ss\u00e4 artikkelissa. Seuranta aukeaa alle.<\/p>\n","protected":false},"excerpt":{"rendered":"Hiihtoseuranta|HS seuraa Tour de Skin viimeist\u00e4 etappia. Norjalainen Johannes Kl\u00e4bo teki historiaa, kun hiiht\u00e4j\u00e4 voitti Tour de Skin&hellip;\n","protected":false},"author":2,"featured_media":133210,"comment_status":"","ping_status":"","sticky":false,"template":"","format":"standard","meta":{"footnotes":""},"categories":[5],"tags":[22,23,26,27,33,31,30,17,46,24,25,28,29,15,18,21,32,19,20,16],"class_list":{"0":"post-133209","1":"post","2":"type-post","3":"status-publish","4":"format-standard","5":"has-post-thumbnail","7":"category-otsikot","8":"tag-breaking-news","9":"tag-breakingnews","10":"tag-featured-news","11":"tag-featurednews","12":"tag-fi","13":"tag-finland","14":"tag-finnish","15":"tag-headlines","16":"tag-helsingin-sanomat","17":"tag-latest-news","18":"tag-latestnews","19":"tag-main-news","20":"tag-mainnews","21":"tag-news","22":"tag-otsikot","23":"tag-paauutiset","24":"tag-suomi","25":"tag-top-stories","26":"tag-topstories","27":"tag-uutiset"},"share_on_mastodon":{"url":"https:\/\/pubeurope.com\/@fi\/115836715147457827","error":""},"_links":{"self":[{"href":"https:\/\/www.europesays.com\/fi\/wp-json\/wp\/v2\/posts\/133209","targetHints":{"allow":["GET"]}}],"collection":[{"href":"https:\/\/www.europesays.com\/fi\/wp-json\/wp\/v2\/posts"}],"about":[{"href":"https:\/\/www.europesays.com\/fi\/wp-json\/wp\/v2\/types\/post"}],"author":[{"embeddable":true,"href":"https:\/\/www.europesays.com\/fi\/wp-json\/wp\/v2\/users\/2"}],"replies":[{"embeddable":true,"href":"https:\/\/www.europesays.com\/fi\/wp-json\/wp\/v2\/comments?post=133209"}],"version-history":[{"count":0,"href":"https:\/\/www.europesays.com\/fi\/wp-json\/wp\/v2\/posts\/133209\/revisions"}],"wp:featuredmedia":[{"embeddable":true,"href":"https:\/\/www.europesays.com\/fi\/wp-json\/wp\/v2\/media\/133210"}],"wp:attachment":[{"href":"https:\/\/www.europesays.com\/fi\/wp-json\/wp\/v2\/media?parent=133209"}],"wp:term":[{"taxonomy":"category","embeddable":true,"href":"https:\/\/www.europesays.com\/fi\/wp-json\/wp\/v2\/categories?post=133209"},{"taxonomy":"post_tag","embeddable":true,"href":"https:\/\/www.europesays.com\/fi\/wp-json\/wp\/v2\/tags?post=133209"}],"curies":[{"name":"wp","href":"https:\/\/api.w.org\/{rel}","templated":true}]}}