{"id":133211,"date":"2026-01-04T12:10:07","date_gmt":"2026-01-04T12:10:07","guid":{"rendered":"https:\/\/www.europesays.com\/fi\/133211\/"},"modified":"2026-01-04T12:10:07","modified_gmt":"2026-01-04T12:10:07","slug":"prinsessa-sofia-ja-prinssi-carl-philip-ilahduttivat-poliiseja-kuninkaallinen-hittivaate-esilla","status":"publish","type":"post","link":"https:\/\/www.europesays.com\/fi\/133211\/","title":{"rendered":"Prinsessa Sofia ja prinssi Carl Philip ilahduttivat poliiseja &#8211; kuninkaallinen hittivaate esill\u00e4"},"content":{"rendered":"<p>            Photo: Sara Friberg\/The Royal Court of Sweden\n        <\/p>\n<p class=\"subtitle \">Prinsessat taitavat talvimuodin salat.<\/p>\n<p class=\"article-content article-content-width !bg-background\">Ruotsin prinsessa , prinssi   ja pikkuprinssi Julian ilahduttivat hiljattain S\u00f6dermalmin poliiseja yll\u00e4tysvierailullaan.<\/p>\n<p class=\"font-weight-bold m-font-weight-bold article-content article-content-width !bg-background\">Arkistovideo: Koiranpentu sulatti Victorian syd\u00e4men<\/p>\n<p class=\"article-content article-content-width !bg-background\">Poliisilaitos jakoi Instagramissa kuvan l\u00e4mpim\u00e4st\u00e4 kohtaamisesta, jossa hymyilev\u00e4 prinssiperhe poseeraa yhdess\u00e4 virkavallan kanssa sateisessa Tukholmassa.<\/p>\n<p class=\"article-content article-content-width !bg-background\">Mukana poliisivisiitill\u00e4 n\u00e4kyy olevan my\u00f6s prinssiperheen koira Siri. Herttaisessa kuvassa n\u00e4kyy, ett\u00e4 Julian on p\u00e4\u00e4ssyt istumaan poliisiauton ratin taakse.<\/p>\n<p class=\"article-content article-content-width !bg-background\">Vierailu poliisien luona oli osa perheen arkea Tukholmassa, ja kuvan perusteella tunnelma oli v\u00e4lit\u00f6n ja l\u00e4mmin. Poliisien tekem\u00e4n julkaisun kommenttikentt\u00e4 t\u00e4yttyi nopeasti syd\u00e4mist\u00e4 ja kehuista \u2013 ja niit\u00e4 sai osakseen my\u00f6s Siri-koira.<\/p>\n<p>        <a itemprop=\"url\" href=\"https:\/\/www.seiska.fi\/kuninkaalliset\/etiketista-viis-tassa-on-kruununprinsessa-victorian-ja-mette-maritin-viimeisin-villitys\/1639646\" rel=\"nofollow noopener\" target=\"_blank\"><\/p>\n<p>\nMette-Marit ja Victoria\n<\/p>\n<p class=\"section-date\">\n        <strong class=\"article-section\" data-section=\"kuninkaalliset\"><br \/>\n            kuninkaalliset<br \/>\n        <\/strong><br \/>\n        15.3.2025 19:00\n    <\/p>\n<p>Etiketist\u00e4 viis! T\u00e4ss\u00e4 on kruununprinsessa Victorian ja Mette-Maritin viimeisin villitys\n    <\/p>\n<p itemprop=\"description\" class=\"subtitle \">\n    Yst\u00e4vysten arkinen muotitrendi on saanut asiantuntijat h\u00e4milleen.\n<\/p>\n<p>        <\/a><\/p>\n<p>Prinsessat toppatakeissa<\/p>\n<p class=\"article-content article-content-width !bg-background\">Huomiota her\u00e4tti luonnollisesti my\u00f6s Sofian rento ja k\u00e4yt\u00e4nn\u00f6llinen tyyli \u2013 p\u00e4\u00e4ll\u00e4\u00e4n h\u00e4nell\u00e4 oli j\u00e4lleen niin sanottu\u00a0mammakorv, pitk\u00e4nmallinen untuvatakki, josta n\u00e4ytt\u00e4\u00e4 tulevan t\u00e4m\u00e4nkin talven kuninkaallinen hittivaate.<\/p>\n<p class=\"article-content article-content-width !bg-background\">Takkimallia on n\u00e4hty my\u00f6s kruununprinsessa Victorian ja Norjan kruununprinsessa Mette-Maritin yll\u00e4, ja se on jakanut mielipiteit\u00e4 muotimaailmassa.<\/p>\n<p class=\"article-content article-content-width !bg-background\">Toiset pit\u00e4v\u00e4t sit\u00e4 k\u00e4yt\u00e4nn\u00f6llisyyden huipentumana, toiset taas liian arkisena hovimaailmaan. Siit\u00e4 huolimatta takki on vakiinnuttanut paikkansa my\u00f6s kuninkaallisissa vaatekaapeissa.<\/p>\n<p class=\"article-content article-content-width !bg-background\">Sofia on aiemmin n\u00e4hty useissa eri versioissa samasta mallista \u2013 muun muassa luksusmerkki Monclerin ja ruotsalaisen Mountain Worksin takeissa. Nyt S\u00f6dermalmin poliisien tapaamisessa h\u00e4n n\u00e4ytti j\u00e4lleen, miksi juuri t\u00e4m\u00e4 takki on noussut suosikiksi: se on l\u00e4mmin, mukava ja sopii t\u00e4ydellisesti arjen edustusteht\u00e4viin.<\/p>\n<p>        <a itemprop=\"url\" href=\"https:\/\/www.seiska.fi\/kuninkaalliset\/prinssi-carl-philipilta-ja-prinsessa-sofialta-ilouutinen\/1643236\" rel=\"nofollow noopener\" target=\"_blank\"><\/p>\n<p>\nCarl Philip ja Sofia\n<\/p>\n<p class=\"section-date\">\n        <strong class=\"article-section\" data-section=\"kuninkaalliset\"><br \/>\n            kuninkaalliset<br \/>\n        <\/strong><br \/>\n        14.3.2025 11:06\n    <\/p>\n<p>Prinssi Carl Philipilt\u00e4 ja prinsessa Sofialta ilouutinen\n    <\/p>\n<p itemprop=\"description\" class=\"subtitle \">\n    Prinssiparin s\u00e4\u00e4ti\u00f6ll\u00e4 on riitt\u00e4nyt kiirett\u00e4.\n<\/p>\n<p>        <\/a><\/p>\n<p>                <img decoding=\"async\" src=\"https:\/\/www.europesays.com\/fi\/wp-content\/uploads\/2026\/01\/2034484.webp.jpeg\" width=\"576\" height=\"327\" alt=\"Pitk\u00e4t, paksut untuvatakit ovat prinsessojen mieleen.\" loading=\"lazy\" \/>            <\/p>\n<p>\n            Pitk\u00e4t, paksut untuvatakit ovat prinsessojen mieleen.<br \/>\n            Stella Pictures \/ AOP\n        <\/p>\n","protected":false},"excerpt":{"rendered":"Photo: Sara Friberg\/The Royal Court of Sweden Prinsessat taitavat talvimuodin salat. Ruotsin prinsessa , prinssi ja pikkuprinssi Julian&hellip;\n","protected":false},"author":2,"featured_media":133212,"comment_status":"","ping_status":"","sticky":false,"template":"","format":"standard","meta":{"footnotes":""},"categories":[136],"tags":[407,137,33,31,30,408,924,2273,212,23460,106,52,7012,3359,3362,5102,23459,32,9764,16458,2677,109],"class_list":{"0":"post-133211","1":"post","2":"type-post","3":"status-publish","4":"format-standard","5":"has-post-thumbnail","7":"category-julkkikset","8":"tag-celebrities","9":"tag-entertainment","10":"tag-fi","11":"tag-finland","12":"tag-finnish","13":"tag-julkkikset","14":"tag-kruununprinsessa-mette-marit","15":"tag-kruununprinsessa-victoria","16":"tag-lifestyle","17":"tag-mammakorv","18":"tag-muoti","19":"tag-poliisi","20":"tag-poliisiauto","21":"tag-prinsessa-sofia","22":"tag-prinssi-carl-philip","23":"tag-prinssi-julian","24":"tag-sodermalm","25":"tag-suomi","26":"tag-talvi","27":"tag-toppatakki","28":"tag-tyyli","29":"tag-viihde"},"share_on_mastodon":{"url":"https:\/\/pubeurope.com\/@fi\/115836762369034542","error":""},"_links":{"self":[{"href":"https:\/\/www.europesays.com\/fi\/wp-json\/wp\/v2\/posts\/133211","targetHints":{"allow":["GET"]}}],"collection":[{"href":"https:\/\/www.europesays.com\/fi\/wp-json\/wp\/v2\/posts"}],"about":[{"href":"https:\/\/www.europesays.com\/fi\/wp-json\/wp\/v2\/types\/post"}],"author":[{"embeddable":true,"href":"https:\/\/www.europesays.com\/fi\/wp-json\/wp\/v2\/users\/2"}],"replies":[{"embeddable":true,"href":"https:\/\/www.europesays.com\/fi\/wp-json\/wp\/v2\/comments?post=133211"}],"version-history":[{"count":0,"href":"https:\/\/www.europesays.com\/fi\/wp-json\/wp\/v2\/posts\/133211\/revisions"}],"wp:featuredmedia":[{"embeddable":true,"href":"https:\/\/www.europesays.com\/fi\/wp-json\/wp\/v2\/media\/133212"}],"wp:attachment":[{"href":"https:\/\/www.europesays.com\/fi\/wp-json\/wp\/v2\/media?parent=133211"}],"wp:term":[{"taxonomy":"category","embeddable":true,"href":"https:\/\/www.europesays.com\/fi\/wp-json\/wp\/v2\/categories?post=133211"},{"taxonomy":"post_tag","embeddable":true,"href":"https:\/\/www.europesays.com\/fi\/wp-json\/wp\/v2\/tags?post=133211"}],"curies":[{"name":"wp","href":"https:\/\/api.w.org\/{rel}","templated":true}]}}