{"id":133215,"date":"2026-01-04T12:17:09","date_gmt":"2026-01-04T12:17:09","guid":{"rendered":"https:\/\/www.europesays.com\/fi\/133215\/"},"modified":"2026-01-04T12:17:09","modified_gmt":"2026-01-04T12:17:09","slug":"tour-de-skin-tilanne-jasmi-joensuu-ja-johanna-matintalo-hiihtavat-tanaan-jattirahoista-2","status":"publish","type":"post","link":"https:\/\/www.europesays.com\/fi\/133215\/","title":{"rendered":"Tour de Skin tilanne: Jasmi Joensuu ja Johanna Matintalo hiiht\u00e4v\u00e4t t\u00e4n\u00e4\u00e4n j\u00e4ttirahoista"},"content":{"rendered":"<p>Maastohiihto|Jasmi Joensuu ja Johanna Matintalo l\u00e4htev\u00e4t aivan k\u00e4rkisijoilta Tour de Skin huipennukseen, jossa panoksena on maineen ja kunnian lis\u00e4ksi my\u00f6s aimo kasa mammonaa.<\/p>\n<p class=\"article-body mb-nof-24 px-nof-16\">Val di Fiemme<\/p>\n<p class=\"article-body mb-nof-24 px-nof-16\">Miesten loppunousu alkaa sunnuntaina kello 12.30, naisten 16.30.<\/p>\n<p class=\"article-body mb-nof-24 px-nof-16\">Hiihdon Tour de Ski huipentuu sunnuntaina legendaariseen loppunousuun. Suomalaisittain asetelmat ennen kiertueen viimeist\u00e4 etappia ovat herkulliset \u2013 naisten puolella.<\/p>\n<p class=\"article-body mb-nof-24 px-nof-16\">Lauantain sprintin voittanut <a class=\"font-bold underline-offset-[0.12em] [text-decoration:var(--person-link-text-decoration)] ![text-decoration-color:var(--person-link-text-decoration-color)]\" href=\"https:\/\/www.hs.fi\/haku\/?query=Jasmi%20Joensuu\" rel=\"nofollow noopener\" target=\"_blank\">Jasmi Joensuu<\/a> on Tourilla toisena, <a class=\"font-bold underline-offset-[0.12em] [text-decoration:var(--person-link-text-decoration)] ![text-decoration-color:var(--person-link-text-decoration-color)]\" href=\"https:\/\/www.hs.fi\/haku\/?query=Johanna%20Matintalo\" rel=\"nofollow noopener\" target=\"_blank\">Johanna Matintalo<\/a> nelj\u00e4nten\u00e4. Molemmille on tulossa heitt\u00e4m\u00e4ll\u00e4 uran paras loppusijoitus.<\/p>\n<p class=\"article-body mb-nof-24 px-nof-16\">\u201dOn huima asetelma. Ja miten huima olisikaan, jos viel\u00e4 <a class=\"font-bold underline-offset-[0.12em] [text-decoration:var(--person-link-text-decoration)] ![text-decoration-color:var(--person-link-text-decoration-color)]\" href=\"https:\/\/www.hs.fi\/haku\/?query=Kerttu%20Niskanen\" rel=\"nofollow noopener\" target=\"_blank\">Kerttu Niskanen<\/a> olisi ollut t\u00e4ss\u00e4 mukana. Kepa olisi mennyt heitt\u00e4m\u00e4ll\u00e4 lauantain sprintiss\u00e4kin eriin\u201d, asiantuntija <a class=\"font-bold underline-offset-[0.12em] [text-decoration:var(--person-link-text-decoration)] ![text-decoration-color:var(--person-link-text-decoration-color)]\" href=\"https:\/\/www.hs.fi\/haku\/?query=Harri%20Kirvesniemi\" rel=\"nofollow noopener\" target=\"_blank\">Harri Kirvesniemi<\/a> herkuttelee.<\/p>\n<p class=\"article-body mb-nof-24 px-nof-16\">Alpe Cermisin laskettelurinteen p\u00e4\u00e4ll\u00e4 jaetaan koko hiihtokauden ylivoimaisesti suurimmat palkintorahat, joten Joensuulla ja Matintalolla on my\u00f6s taloudellisesti paljon peliss\u00e4.<\/p>\n<p class=\"article-body mb-nof-24 px-nof-16\">Kirvesniemi huomauttaa, ett\u00e4 Joensuun ja Matintalon iskukyky loppunousuun on kuitenkin melkoinen arvoitus. Kumpikaan ei l\u00e4ht\u00f6kohtaisesti lukeudu porukan kovimpiin m\u00e4kikoneisiin.<\/p>\n<p class=\"article-body mb-nof-24 px-nof-16\">\u201dJasmi on sin\u00e4ns\u00e4 ihan hyv\u00e4 luistelemaan, mutta tuollainen pitk\u00e4 raastava hapenottonousu ei v\u00e4ltt\u00e4m\u00e4tt\u00e4 ole ihan h\u00e4nen vahvuutensa. Johannalla taas olisi ehk\u00e4 enemm\u00e4n sit\u00e4 puolta, mutta luistelu varsinkaan jyrkk\u00e4\u00e4n yl\u00e4m\u00e4keen ei ole h\u00e4nen vahvuusaluettaan.\u201d<\/p>\n<p class=\"article-body mb-nof-24 px-nof-16\">\u201dVeikkaan kuitenkin, ett\u00e4 Joensuu tulee olemaan paremmalla sijalla kuin Matintalo\u201d, Kirvesniemi sanoo.<\/p>\n<p>Tour de Skin palkintorahat<\/p>\n<ol class=\"mb-nof-16 px-nof-16 article-ordered-list ordered-list\">\n<li class=\"ordered-list-item\">\n<p class=\"article-body\">80\u202f000 EUR<\/p>\n<\/li>\n<li class=\"ordered-list-item\">\n<p class=\"article-body\">55\u202f000<\/p>\n<\/li>\n<li class=\"ordered-list-item\">\n<p class=\"article-body\">40\u202f000<\/p>\n<\/li>\n<li class=\"ordered-list-item\">\n<p class=\"article-body\">25\u202f000<\/p>\n<\/li>\n<li class=\"ordered-list-item\">\n<p class=\"article-body\">20\u202f000<\/p>\n<\/li>\n<li class=\"ordered-list-item\">\n<p class=\"article-body\">17\u202f000<\/p>\n<\/li>\n<li class=\"ordered-list-item\">\n<p class=\"article-body\">14\u202f000<\/p>\n<\/li>\n<li class=\"ordered-list-item\">\n<p class=\"article-body\">12\u202f000<\/p>\n<\/li>\n<li class=\"ordered-list-item\">\n<p class=\"article-body\">10\u202f000<\/p>\n<\/li>\n<li class=\"ordered-list-item\">\n<p class=\"article-body\">9\u202f000<\/p>\n<\/li>\n<\/ol>\n<p class=\"article-body mb-nof-24 px-nof-16\">Sijat 11.\u201320. 7000\u20131500 EUR.<\/p>\n<p class=\"article-body mb-nof-24 px-nof-16\">Joensuu on hiiht\u00e4nyt Alpe Cermisin vain kerran urallaan (2025), Matintalo kahdesti (2021, 2022). Etappi hiihdet\u00e4\u00e4n viime vuosien tapaan j\u00e4lleen yhteisl\u00e4ht\u00f6n\u00e4.<\/p>\n<p class=\"article-body mb-nof-24 px-nof-16\">Kun Matintalo edellisen kerran kapusi nousun nelj\u00e4 vuotta sitten, eroa etapin k\u00e4rkinaisiin <a class=\"font-bold underline-offset-[0.12em] [text-decoration:var(--person-link-text-decoration)] ![text-decoration-color:var(--person-link-text-decoration-color)]\" href=\"https:\/\/www.hs.fi\/haku\/?query=Heidi%20Wengiin\" rel=\"nofollow noopener\" target=\"_blank\">Heidi Wengiin<\/a> ja <a class=\"font-bold underline-offset-[0.12em] [text-decoration:var(--person-link-text-decoration)] ![text-decoration-color:var(--person-link-text-decoration-color)]\" href=\"https:\/\/www.hs.fi\/haku\/?query=Ebba%20Anderssoniin\" rel=\"nofollow noopener\" target=\"_blank\">Ebba Anderssoniin<\/a> kertyi runsaat kolme minuuttia.<\/p>\n<p class=\"article-body mb-nof-24 px-nof-16\">Vuosi sitten Joensuu oli nousun 18. nopein, 2.51 minuuttia voittaja <a class=\"font-bold underline-offset-[0.12em] [text-decoration:var(--person-link-text-decoration)] ![text-decoration-color:var(--person-link-text-decoration-color)]\" href=\"https:\/\/www.hs.fi\/haku\/?query=Therese%20Johaugia\" rel=\"nofollow noopener\" target=\"_blank\">Therese Johaugia<\/a> hitaampana. Kakkoseen ero oli vajaat kaksi ja puoli minuuttia. Tuolloin Joensuu ei taistellut kokonaistilanteessa huippusijoista.<\/p>\n<p class=\"article-body mb-nof-24 px-nof-16\">\u201dAivan tosipaikan n\u00e4ytt\u00f6\u00e4 loppunoususta Joensuulla ei ole olemassa. H\u00e4n on kuitenkin kehittynyt valtavasti kahden edellisen vuoden aikana\u201d, Kirvesniemi huomauttaa.<\/p>\n<p class=\"article-body mb-nof-24 px-nof-16\">Joensuun takana k\u00e4rkikymmenik\u00f6ss\u00e4 olevista uhkaajista kovimmat m\u00e4kikoneet ovat Norjan Heidi Weng (+1.07), Ruotsin Ebba Andersson (+1.09) ja It\u00e4vallan <a class=\"font-bold underline-offset-[0.12em] [text-decoration:var(--person-link-text-decoration)] ![text-decoration-color:var(--person-link-text-decoration-color)]\" href=\"https:\/\/www.hs.fi\/haku\/?query=Theresa%20Stadlober\" rel=\"nofollow noopener\" target=\"_blank\">Theresa Stadlober<\/a> (+0.50).<\/p>\n<p class=\"article-body mb-nof-24 px-nof-16\">Viime vuoden tuloksilla koko kolmikko menisi Joensuun ohi.<\/p>\n<p class=\"article-body mb-nof-24 px-nof-16\">\u201dK\u00e4yt\u00e4nn\u00f6ss\u00e4 se tappio pit\u00e4isi pysty\u00e4 nyt liki puolittamaan. Kyll\u00e4h\u00e4n Jasmi on varmasti parantanut enemm\u00e4n kest\u00e4vyysominaisuuksiaan kuin esimerkiksi Weng ja Stadlober, mutta riitt\u00e4\u00e4k\u00f6 se nyt kuitenkaan\u201d, Kirvesniemi pohtii.<\/p>\n<p><img decoding=\"async\" src=\"https:\/\/www.europesays.com\/fi\/wp-content\/uploads\/2026\/01\/1767521227_604_468.jpg\" alt=\"Norjan Heidi Weng on perinteisesti melkoinen peto Alpe Cermisin rinteell\u00e4.\" class=\"_Img_1rerz_1\" style=\"aspect-ratio:1.5\" loading=\"eager\"\/><\/p>\n<p class=\"article-picture-caption\">Norjan Heidi Weng on perinteisesti melkoinen peto Alpe Cermisin rinteell\u00e4. Kuva:\u00a0MAXIM THORE \/ Bildbyr\u00e5n \/ MVPhotos<\/p>\n<p class=\"article-body mb-nof-24 px-nof-16\">Suomalaisten v\u00e4liss\u00e4 sijalla kolme oleva Ruotsin <a class=\"font-bold underline-offset-[0.12em] [text-decoration:var(--person-link-text-decoration)] ![text-decoration-color:var(--person-link-text-decoration-color)]\" href=\"https:\/\/www.hs.fi\/haku\/?query=Moa%20Ilar\" rel=\"nofollow noopener\" target=\"_blank\">Moa Ilar<\/a> h\u00e4visi vuosi sitten Joensuulle loppunousussa 20 sekuntia.<\/p>\n<p class=\"article-body mb-nof-24 px-nof-16\">Kirvesniemi arvioi, ett\u00e4 k\u00e4rkikolmikon sijoituksen pit\u00e4minen on Joensuulle vaikeaa.<\/p>\n<p class=\"article-body mb-nof-24 px-nof-16\">\u201dKolmen joukossa s\u00e4ilyminen on ep\u00e4todenn\u00e4k\u00f6ist\u00e4, ei toki aivan t\u00e4ysin mahdotonta. Sijat 5\u20136 ovat enemm\u00e4n realismia Joensuulle.\u201d<\/p>\n<p class=\"article-body mb-nof-24 px-nof-16\">Joensuu tiesi realiteetit jo lauantain sprintin j\u00e4lkeen.<\/p>\n<p class=\"article-body mb-nof-24 px-nof-16\">\u201dPit\u00e4\u00e4 n\u00f6yrin mielin l\u00e4hte\u00e4 tuohon. On siell\u00e4 mahdollisuuksia menn\u00e4 v\u00e4h\u00e4n alasp\u00e4inkin tuloslistalla. Ei tuo kisa ole minulle ihan kaikista vahvin. L\u00e4hden tekem\u00e4\u00e4n omaa suoritusta\u201d, Joensuu sanoi.<\/p>\n<p class=\"article-body mb-nof-24 px-nof-16\">Tour de Skin 20-vuotisen historian aikana Suomen naisista kolmen parhaan joukkoon ovat ylt\u00e4neet vain <a class=\"font-bold underline-offset-[0.12em] [text-decoration:var(--person-link-text-decoration)] ![text-decoration-color:var(--person-link-text-decoration-color)]\" href=\"https:\/\/www.hs.fi\/haku\/?query=Virpi%20Kuitunen\" rel=\"nofollow noopener\" target=\"_blank\">Virpi Kuitunen<\/a> (3 kertaa), <a class=\"font-bold underline-offset-[0.12em] [text-decoration:var(--person-link-text-decoration)] ![text-decoration-color:var(--person-link-text-decoration-color)]\" href=\"https:\/\/www.hs.fi\/haku\/?query=Krista%20P%C3%A4rm%C3%A4koski\" rel=\"nofollow noopener\" target=\"_blank\">Krista P\u00e4rm\u00e4koski<\/a> (2), <a class=\"font-bold underline-offset-[0.12em] [text-decoration:var(--person-link-text-decoration)] ![text-decoration-color:var(--person-link-text-decoration-color)]\" href=\"https:\/\/www.hs.fi\/haku\/?query=Kerttu%20Niskanen\" rel=\"nofollow noopener\" target=\"_blank\">Kerttu Niskanen <\/a>(2) ja <a class=\"font-bold underline-offset-[0.12em] [text-decoration:var(--person-link-text-decoration)] ![text-decoration-color:var(--person-link-text-decoration-color)]\" href=\"https:\/\/www.hs.fi\/haku\/?query=Aino-Kaisa%20Saarinen\" rel=\"nofollow noopener\" target=\"_blank\">Aino-Kaisa Saarinen<\/a> (1).<\/p>\n<p>Tour de Ski 5\/6Naiset<\/p>\n<ol class=\"mb-nof-16 px-nof-16 article-ordered-list ordered-list\">\n<li class=\"ordered-list-item\">\n<p class=\"article-body\">Jessie Diggins, USA<\/p>\n<\/li>\n<li class=\"ordered-list-item\">\n<p class=\"article-body\">Jasmi Joensuu, Suomi +1.19<\/p>\n<\/li>\n<li class=\"ordered-list-item\">\n<p class=\"article-body\">Moa Ilar, Ruotsi +1.38<\/p>\n<\/li>\n<li class=\"ordered-list-item\">\n<p class=\"article-body\">Johanna Matintalo, Suomi +1.39<\/p>\n<\/li>\n<li class=\"ordered-list-item\">\n<p class=\"article-body\">Teresa Stadlober, It\u00e4valta +2.09<\/p>\n<\/li>\n<li class=\"ordered-list-item\">\n<p class=\"article-body\">Julie Drivenes, Norja +2.10<\/p>\n<\/li>\n<li class=\"ordered-list-item\">\n<p class=\"article-body\">Heidi Weng, Norja +2.26<\/p>\n<\/li>\n<li class=\"ordered-list-item\">\n<p class=\"article-body\">Ebba Andersson, Ruotsi +2.28<\/p>\n<\/li>\n<li class=\"ordered-list-item\">\n<p class=\"article-body\">Maja Dahlqvist, Ruotsi +2.44<\/p>\n<\/li>\n<li class=\"ordered-list-item\">\n<p class=\"article-body\">Nadine F\u00e4hndrich, Sveitsi +2.46<\/p>\n<\/li>\n<li class=\"ordered-list-item\">\n<p class=\"article-body\">Moa Lundgren, Ruotsi +3.12<\/p>\n<\/li>\n<li class=\"ordered-list-item\">\n<p class=\"article-body\">Frida Karlsson, Ruotsi +3.15<\/p>\n<\/li>\n<li class=\"ordered-list-item\">\n<p class=\"article-body\">Caterina Ganz, Italia +3.25<\/p>\n<\/li>\n<li class=\"ordered-list-item\">\n<p class=\"article-body\">Pia Fink, Saksa +3.26<\/p>\n<\/li>\n<li class=\"ordered-list-item\">\n<p class=\"article-body\">Anja Weber, Sveitsi +3.36<\/p>\n<\/li>\n<\/ol>\n<p class=\"article-body mb-nof-24 px-nof-16\"> 18. Vilma Nissinen +4.05<\/p>\n<p class=\"article-body mb-nof-24 px-nof-16\"> 27. Vilma Ryytty +4.51<\/p>\n<p class=\"article-body mb-nof-24 px-nof-16\"> 29. Jasmin K\u00e4h\u00e4r\u00e4 +5.21<\/p>\n<p>Miehet<\/p>\n<ol class=\"mb-nof-16 px-nof-16 article-ordered-list ordered-list\">\n<li class=\"ordered-list-item\">\n<p class=\"article-body\">Johannes Kl\u00e4bo, Norja<\/p>\n<\/li>\n<li class=\"ordered-list-item\">\n<p class=\"article-body\">Lars Heggen, Norja +1.23<\/p>\n<\/li>\n<li class=\"ordered-list-item\">\n<p class=\"article-body\">Mattis Stenshagen, Norja +1.29<\/p>\n<\/li>\n<li class=\"ordered-list-item\">\n<p class=\"article-body\">Harald Amundsen, Norja +1.37<\/p>\n<\/li>\n<li class=\"ordered-list-item\">\n<p class=\"article-body\">Federico Pellegrino, Italia +1.40<\/p>\n<\/li>\n<li class=\"ordered-list-item\">\n<p class=\"article-body\">Edvin Anger, Ruotsi +1.55<\/p>\n<\/li>\n<li class=\"ordered-list-item\">\n<p class=\"article-body\">Gus Schumacher, USA +1.57<\/p>\n<\/li>\n<li class=\"ordered-list-item\">\n<p class=\"article-body\">Jules Chappaz, Ranska +2.06<\/p>\n<\/li>\n<li class=\"ordered-list-item\">\n<p class=\"article-body\">Emil Iversen, Norja +2.09<\/p>\n<\/li>\n<li class=\"ordered-list-item\">\n<p class=\"article-body\">Benjamin Moser, It\u00e4valta +2.14<\/p>\n<\/li>\n<li class=\"ordered-list-item\">\n<p class=\"article-body\">Elia Barp, Italia +2.37<\/p>\n<\/li>\n<li class=\"ordered-list-item\">\n<p class=\"article-body\">Antoine Cyr, Kanada +2.51<\/p>\n<\/li>\n<li class=\"ordered-list-item\">\n<p class=\"article-body\">Saveli Korosteljov +3.02<\/p>\n<\/li>\n<li class=\"ordered-list-item\">\n<p class=\"article-body\">Theo Schely, Ranska +3.02<\/p>\n<\/li>\n<li class=\"ordered-list-item\">\n<p class=\"article-body\">Truis Gisselman, Ruotsi +3.06<\/p>\n<\/li>\n<\/ol>\n<p class=\"article-body mb-nof-24 px-nof-16\">17. Perttu Hyv\u00e4rinen +3.11<\/p>\n<p class=\"article-body mb-nof-24 px-nof-16\">25. Petteri Koivisto +4.01<\/p>\n<p class=\"article-body mb-nof-24 px-nof-16\">26. Joni M\u00e4ki +4.05<\/p>\n<p class=\"article-body mb-nof-24 px-nof-16\">35. Niilo Moilanen +4.46<\/p>\n","protected":false},"excerpt":{"rendered":"Maastohiihto|Jasmi Joensuu ja Johanna Matintalo l\u00e4htev\u00e4t aivan k\u00e4rkisijoilta Tour de Skin huipennukseen, jossa panoksena on maineen ja kunnian&hellip;\n","protected":false},"author":2,"featured_media":133216,"comment_status":"","ping_status":"","sticky":false,"template":"","format":"standard","meta":{"footnotes":""},"categories":[158],"tags":[33,31,30,46,159,32,160],"class_list":{"0":"post-133215","1":"post","2":"type-post","3":"status-publish","4":"format-standard","5":"has-post-thumbnail","7":"category-urheilu","8":"tag-fi","9":"tag-finland","10":"tag-finnish","11":"tag-helsingin-sanomat","12":"tag-sports","13":"tag-suomi","14":"tag-urheilu"},"share_on_mastodon":{"url":"https:\/\/pubeurope.com\/@fi\/115836790157206616","error":""},"_links":{"self":[{"href":"https:\/\/www.europesays.com\/fi\/wp-json\/wp\/v2\/posts\/133215","targetHints":{"allow":["GET"]}}],"collection":[{"href":"https:\/\/www.europesays.com\/fi\/wp-json\/wp\/v2\/posts"}],"about":[{"href":"https:\/\/www.europesays.com\/fi\/wp-json\/wp\/v2\/types\/post"}],"author":[{"embeddable":true,"href":"https:\/\/www.europesays.com\/fi\/wp-json\/wp\/v2\/users\/2"}],"replies":[{"embeddable":true,"href":"https:\/\/www.europesays.com\/fi\/wp-json\/wp\/v2\/comments?post=133215"}],"version-history":[{"count":0,"href":"https:\/\/www.europesays.com\/fi\/wp-json\/wp\/v2\/posts\/133215\/revisions"}],"wp:featuredmedia":[{"embeddable":true,"href":"https:\/\/www.europesays.com\/fi\/wp-json\/wp\/v2\/media\/133216"}],"wp:attachment":[{"href":"https:\/\/www.europesays.com\/fi\/wp-json\/wp\/v2\/media?parent=133215"}],"wp:term":[{"taxonomy":"category","embeddable":true,"href":"https:\/\/www.europesays.com\/fi\/wp-json\/wp\/v2\/categories?post=133215"},{"taxonomy":"post_tag","embeddable":true,"href":"https:\/\/www.europesays.com\/fi\/wp-json\/wp\/v2\/tags?post=133215"}],"curies":[{"name":"wp","href":"https:\/\/api.w.org\/{rel}","templated":true}]}}