{"id":133219,"date":"2026-01-04T12:21:09","date_gmt":"2026-01-04T12:21:09","guid":{"rendered":"https:\/\/www.europesays.com\/fi\/133219\/"},"modified":"2026-01-04T12:21:09","modified_gmt":"2026-01-04T12:21:09","slug":"vuoden-ensimmainen-rattijuoppo-kiinni-lauantai-iltana-vuodenvaihteen-ainoa-rikosilmoitus-epaillysta-pahoinpitelysta-ravintolassa","status":"publish","type":"post","link":"https:\/\/www.europesays.com\/fi\/133219\/","title":{"rendered":"Vuoden ensimm\u00e4inen rattijuoppo kiinni lauantai-iltana, vuodenvaihteen ainoa rikosilmoitus ep\u00e4illyst\u00e4 pahoinpitelyst\u00e4 ravintolassa"},"content":{"rendered":"<p>                                  Paikallisuutiset<\/p>\n<p>                <img loading=\"lazy\" decoding=\"async\" itemprop=\"contentUrl\" class=\"figure-img img-fluid\"  src=\"https:\/\/www.europesays.com\/fi\/wp-content\/uploads\/2026\/01\/1767529269_425_imengine.public.prod.hil.infomaker.io.jpeg\" width=\"4252\" height=\"2835\"  alt=\"\"\/><\/p>\n<p>                                    Muutamista teht\u00e4vist\u00e4 huolimatta vuodenvaihde sujui Sotkamossa poliisin n\u00e4k\u00f6kulmasta rauhallisesti. Kuvituskuva.<br \/>\n                                                    Kuva:<br \/>\n                    Jukka Lehoj\u00e4rvi<\/p>\n<p>      MAINOS &#8211; juttu jatkuu mainoksen j\u00e4lkeen<\/p>\n<p>      MAINOS &#8211; mainos p\u00e4\u00e4ttyy<\/p>\n<p class=\"ew-body\">Rikosylikonstaapeli <strong id=\"strong-c8d39e351ca4dfabf859deab93a65f9c\">Seppo Kemppaisen<\/strong> mukaan vuodenvaihde sujui Sotkamossa poliisin silmin sangen rauhallisesti.<\/p>\n<p class=\"ew-body\">\u2013 Muutamia teht\u00e4vi\u00e4 oli liikenteeseen, alkoholiin, h\u00e4iri\u00f6k\u00e4ytt\u00e4ytymiseen ja meluun liittyen, Kemppainen kertoo s\u00e4hk\u00f6postitse.<\/p>\n<p class=\"ew-body\">Vuoden ensimm\u00e4inen rattijuopumus havaittiin lauantai-iltana 3. t<\/p>\n<p>  <a class=\"btn btn-secondary btn-icon-left\" href=\"#coral_thread\"><br \/>\n    <img decoding=\"async\" src=\"https:\/\/www.sotkamolehti.fi\/wp-content\/themes\/hilla-theme\/assets\/img\/icon_comments.svg\" alt=\"\"\/><br \/>\n    Kommentoi<br \/>\n    \u00a0(0)<br \/>\n  <\/a><\/p>\n<p>  <a class=\"btn btn-secondary btn-icon-left mailto_web\" href=\"mailto:toimitus@sotkamolehti.fi?subject=Ilmoita%20asiavirheest%C3%A4&amp;body=Otsikko%3A%20Vuoden%20ensimm%C3%A4inen%20rattijuoppo%20kiinni%20lauantai-iltana%2C%20vuodenvaihteen%20ainoa%20rikosilmoitus%20ep%C3%A4illyst%C3%A4%20pahoinpitelyst%C3%A4%20ravintolassa%0AUuid%3A%2091211747-b71b-4919-a37a-d416364a23b8%0AUrl%3A%20https%3A%2F%2Fwww.sotkamolehti.fi%2Fartikkeli%2Fvuoden-ensimmainen-rattijuoppo-kiinni-lauantai-iltana-vuodenvaihteen-ainoa-rikosilmoitus-epaillysta\"><br \/>\n    <img decoding=\"async\" src=\"https:\/\/www.sotkamolehti.fi\/wp-content\/themes\/hilla-theme\/assets\/img\/icon_feedback.svg\" alt=\"\"\/><br \/>\n    Ilmoita asiavirheest\u00e4<br \/>\n  <\/a><\/p>\n","protected":false},"excerpt":{"rendered":"Paikallisuutiset Muutamista teht\u00e4vist\u00e4 huolimatta vuodenvaihde sujui Sotkamossa poliisin n\u00e4k\u00f6kulmasta rauhallisesti. Kuvituskuva. Kuva: Jukka Lehoj\u00e4rvi MAINOS &#8211; juttu jatkuu&hellip;\n","protected":false},"author":2,"featured_media":133220,"comment_status":"","ping_status":"","sticky":false,"template":"","format":"standard","meta":{"footnotes":""},"categories":[76],"tags":[79,77,33,31,30,32,78],"class_list":{"0":"post-133219","1":"post","2":"type-post","3":"status-publish","4":"format-standard","5":"has-post-thumbnail","7":"category-talous","8":"tag-business","9":"tag-economy","10":"tag-fi","11":"tag-finland","12":"tag-finnish","13":"tag-suomi","14":"tag-talous"},"share_on_mastodon":{"url":"https:\/\/pubeurope.com\/@fi\/115836805814221394","error":""},"_links":{"self":[{"href":"https:\/\/www.europesays.com\/fi\/wp-json\/wp\/v2\/posts\/133219","targetHints":{"allow":["GET"]}}],"collection":[{"href":"https:\/\/www.europesays.com\/fi\/wp-json\/wp\/v2\/posts"}],"about":[{"href":"https:\/\/www.europesays.com\/fi\/wp-json\/wp\/v2\/types\/post"}],"author":[{"embeddable":true,"href":"https:\/\/www.europesays.com\/fi\/wp-json\/wp\/v2\/users\/2"}],"replies":[{"embeddable":true,"href":"https:\/\/www.europesays.com\/fi\/wp-json\/wp\/v2\/comments?post=133219"}],"version-history":[{"count":0,"href":"https:\/\/www.europesays.com\/fi\/wp-json\/wp\/v2\/posts\/133219\/revisions"}],"wp:featuredmedia":[{"embeddable":true,"href":"https:\/\/www.europesays.com\/fi\/wp-json\/wp\/v2\/media\/133220"}],"wp:attachment":[{"href":"https:\/\/www.europesays.com\/fi\/wp-json\/wp\/v2\/media?parent=133219"}],"wp:term":[{"taxonomy":"category","embeddable":true,"href":"https:\/\/www.europesays.com\/fi\/wp-json\/wp\/v2\/categories?post=133219"},{"taxonomy":"post_tag","embeddable":true,"href":"https:\/\/www.europesays.com\/fi\/wp-json\/wp\/v2\/tags?post=133219"}],"curies":[{"name":"wp","href":"https:\/\/api.w.org\/{rel}","templated":true}]}}