{"id":133224,"date":"2026-01-04T12:24:11","date_gmt":"2026-01-04T12:24:11","guid":{"rendered":"https:\/\/www.europesays.com\/fi\/133224\/"},"modified":"2026-01-04T12:24:11","modified_gmt":"2026-01-04T12:24:11","slug":"stubb-kommentoi-venezuelan-tilannetta-uutisia-lyhyesti","status":"publish","type":"post","link":"https:\/\/www.europesays.com\/fi\/133224\/","title":{"rendered":"Stubb kommentoi Venezuelan tilannetta | Uutisia lyhyesti"},"content":{"rendered":"<p class=\"aw-1gybjub aw-5vja16 kEtdKx kmuxyA yle__article__paragraph\">Stubbin mukaan Maduron hallinto on vailla legitimiteetti\u00e4, mutta kaikkien valtioiden on kunnioitettava kansainv\u00e4list\u00e4 oikeutta.<\/p>\n<p><img decoding=\"async\" alt=\"Tasavallan presidentti Alexander Stubb.\" src=\"https:\/\/www.europesays.com\/fi\/wp-content\/uploads\/2026\/01\/39-1575966695509dbe2915.jpeg\" class=\"aw-1l9m598 hKVVvP\"\/><\/p>\n<p>Avaa kuvien katselu<\/p>\n<p>Presidentti Alexander Stubb on kommentoinut viestipalvelu X:ss\u00e4 Venezuelan tapahtumia. Kuva: Roni Rekomaa \/ Lehtikuva<\/p>\n<p>13:08\u2022P\u00e4ivitetty 13:19<\/p>\n<p class=\"aw-1gybjub aw-1p7kakr kEtdKx cEmitX yle__article__paragraph\">Tasavallan presidentti <strong class=\"aw-ak79eh KyCXm yle__article__strong\">Alexander Stubb<\/strong> on kommentoinut Venezuelan tapahtumia.<\/p>\n<p class=\"aw-1gybjub aw-1p7kakr kEtdKx cEmitX yle__article__paragraph\">Stubb kirjoittaa <a class=\"aw-iao6s4 iHOxEa yle__article__link\" href=\"https:\/\/x.com\/alexstubb\/status\/2007768881301995572\" role=\"link\" rel=\"nofollow\">viestipalvelu X:ss\u00e4<\/a>, ett\u00e4 presidentti <strong class=\"aw-ak79eh KyCXm yle__article__strong\">Nicol\u00e1s Maduron<\/strong> hallinto on jo pitk\u00e4\u00e4n ollut vailla legitimiteetti\u00e4. <a class=\"aw-iao6s4 iHOxEa yle__article__link\" href=\"https:\/\/yle.fi\/a\/74-20202436\/64-3-286873?utm_medium=social&amp;utm_source=copy-link-share\" role=\"link\" rel=\"nofollow noopener\" target=\"_blank\">Saman totesi eilen<\/a> ulkoministeri <strong class=\"aw-ak79eh KyCXm yle__article__strong\">Elina Valtonen<\/strong> (kok.).<\/p>\n<p class=\"aw-1gybjub aw-1p7kakr kEtdKx cEmitX yle__article__paragraph\">\u2013 Vaalit vuonna 2024 olivat r\u00e4ike\u00e4n ep\u00e4rehelliset. Suomi on t\u00e4m\u00e4n osana Euroopan unionia todennut. EU on my\u00f6s asettanut pakotteita Venezuelalle, Stubb kirjoittaa.<\/p>\n<p class=\"aw-1gybjub aw-1p7kakr kEtdKx cEmitX yle__article__paragraph\">Yhdysvallat teki lauantain vastaisena y\u00f6n\u00e4 <a class=\"aw-iao6s4 iHOxEa yle__article__link\" href=\"https:\/\/yle.fi\/a\/74-20202436\" role=\"link\" rel=\"nofollow noopener\" target=\"_blank\">useita iskuja Venezuelaan<\/a>. Venezuelan presidentti <strong class=\"aw-ak79eh KyCXm yle__article__strong\">Nicol\u00e1s Maduro<\/strong> on otettu kiinni ja viety pid\u00e4tyskeskukseen New Yorkiin.<\/p>\n<p class=\"aw-1gybjub aw-1p7kakr kEtdKx cEmitX yle__article__paragraph\">\u2013 Kaikilla valtioilla on kuitenkin vastuu kunnioittaa kansainv\u00e4list\u00e4 oikeutta ja toimia sen mukaisesti. T\u00e4m\u00e4n periaatteen s\u00e4ilyminen on Suomen intresseiss\u00e4. Se on ulkopolitiikkamme kulmakivi, Stubb jatkaa.<\/p>\n<p class=\"aw-1gybjub aw-1p7kakr kEtdKx cEmitX yle__article__paragraph\">Stubbin mukaan Suomi seuraa tilanteen kehittymist\u00e4 tarkasti.<\/p>\n<p class=\"aw-1gybjub aw-1p7kakr kEtdKx cEmitX yle__article__paragraph\">\u2013 Nyt on t\u00e4rke\u00e4\u00e4 tukea demokraattisen hallinnon synty\u00e4.<\/p>\n<p class=\"aw-1gybjub aw-1p7kakr kEtdKx cEmitX yle__article__paragraph\">Stubb ei mainitse viestiss\u00e4\u00e4n lainkaan Yhdysvaltoja.<\/p>\n<p class=\"aw-1gybjub aw-1p7kakr kEtdKx cEmitX yle__article__paragraph\">L\u00e4nsivaltojen johtajat ovat suhtautuneet varovaisen positiivisesti Maduron syrj\u00e4ytt\u00e4miseen Venezuelan johdosta. Kiina, Ven\u00e4j\u00e4 ja Iran ovat tuominneet USA:n toimet.<\/p>\n","protected":false},"excerpt":{"rendered":"Stubbin mukaan Maduron hallinto on vailla legitimiteetti\u00e4, mutta kaikkien valtioiden on kunnioitettava kansainv\u00e4list\u00e4 oikeutta. Avaa kuvien katselu Presidentti&hellip;\n","protected":false},"author":2,"featured_media":133225,"comment_status":"","ping_status":"","sticky":false,"template":"","format":"standard","meta":{"footnotes":""},"categories":[5],"tags":[22,23,26,27,33,31,30,17,70,71,24,25,28,29,15,18,21,32,19,20,16],"class_list":{"0":"post-133224","1":"post","2":"type-post","3":"status-publish","4":"format-standard","5":"has-post-thumbnail","7":"category-otsikot","8":"tag-breaking-news","9":"tag-breakingnews","10":"tag-featured-news","11":"tag-featurednews","12":"tag-fi","13":"tag-finland","14":"tag-finnish","15":"tag-headlines","16":"tag-kansainvalinen-politiikka","17":"tag-kotimaa","18":"tag-latest-news","19":"tag-latestnews","20":"tag-main-news","21":"tag-mainnews","22":"tag-news","23":"tag-otsikot","24":"tag-paauutiset","25":"tag-suomi","26":"tag-top-stories","27":"tag-topstories","28":"tag-uutiset"},"share_on_mastodon":{"url":"https:\/\/pubeurope.com\/@fi\/115836817403435771","error":""},"_links":{"self":[{"href":"https:\/\/www.europesays.com\/fi\/wp-json\/wp\/v2\/posts\/133224","targetHints":{"allow":["GET"]}}],"collection":[{"href":"https:\/\/www.europesays.com\/fi\/wp-json\/wp\/v2\/posts"}],"about":[{"href":"https:\/\/www.europesays.com\/fi\/wp-json\/wp\/v2\/types\/post"}],"author":[{"embeddable":true,"href":"https:\/\/www.europesays.com\/fi\/wp-json\/wp\/v2\/users\/2"}],"replies":[{"embeddable":true,"href":"https:\/\/www.europesays.com\/fi\/wp-json\/wp\/v2\/comments?post=133224"}],"version-history":[{"count":0,"href":"https:\/\/www.europesays.com\/fi\/wp-json\/wp\/v2\/posts\/133224\/revisions"}],"wp:featuredmedia":[{"embeddable":true,"href":"https:\/\/www.europesays.com\/fi\/wp-json\/wp\/v2\/media\/133225"}],"wp:attachment":[{"href":"https:\/\/www.europesays.com\/fi\/wp-json\/wp\/v2\/media?parent=133224"}],"wp:term":[{"taxonomy":"category","embeddable":true,"href":"https:\/\/www.europesays.com\/fi\/wp-json\/wp\/v2\/categories?post=133224"},{"taxonomy":"post_tag","embeddable":true,"href":"https:\/\/www.europesays.com\/fi\/wp-json\/wp\/v2\/tags?post=133224"}],"curies":[{"name":"wp","href":"https:\/\/api.w.org\/{rel}","templated":true}]}}