{"id":133226,"date":"2026-01-04T12:36:07","date_gmt":"2026-01-04T12:36:07","guid":{"rendered":"https:\/\/www.europesays.com\/fi\/133226\/"},"modified":"2026-01-04T12:36:07","modified_gmt":"2026-01-04T12:36:07","slug":"seiska-puheenjohtaja-minja-koskelan-sisko-on-tvsta-tuttu-viihdepersoona","status":"publish","type":"post","link":"https:\/\/www.europesays.com\/fi\/133226\/","title":{"rendered":"Seiska: Puheenjohtaja Minja Koskelan sisko on tv:st\u00e4 tuttu viihdepersoona"},"content":{"rendered":"<p>Vasemmiston puheenjohtaja ja kansanedustaja Minja Koskela on v\u00e4liin provokatiivisiakin ulostuloja tekev\u00e4 oppositiopoliitikko, mutta ei perheens\u00e4 ainut julkkis.<\/p>\n<p>Se tiedet\u00e4\u00e4n, ett\u00e4 Koskelalla on kolme sisarusta, joista Minja on 38-vuotiaana vanhin.<\/p>\n<p>Er\u00e4s siskoista on viihdemaailmasta tuttu.<\/p>\n<p>Molemmat kovia feministej\u00e4<\/p>\n<p>Minja Koskelan Meiju-sisar on nimitt\u00e4in Temppari-julkkis. Toisin sanoen julkkis TIS:in armosta. Eli jotta asia tulisi kaikille selv\u00e4ksi, Temptation Island Suomesta tuttu.<\/p>\n<p>Meiju ei ole esiintynyt sarjassa pelk\u00e4st\u00e4\u00e4n yhdesti, vaan jopa kahdesti.<\/p>\n<p>T\u00e4rke\u00e4st\u00e4 asiasta kertoo <a href=\"https:\/\/www.seiska.fi\/kotimaa\/tiesitko-minja-koskelan-sisko-on-tunnettu-temppari-kaunotar\/2036735\" rel=\"nofollow noopener\" target=\"_blank\">Seiska.<\/a><\/p>\n<p><a href=\"https:\/\/www.seiska.fi\/kotimaa\/tiesitko-minja-koskelan-sisko-on-tunnettu-temppari-kaunotar\/2036735\" rel=\"nofollow noopener\" target=\"_blank\">Seiskan <\/a>mukaan Minja on osallistunut kausille nelj\u00e4 ja viisi, niin Temppari-sinkkuna kuin Temppari-parinkin toisena osapuolena.<\/p>\n<p>H\u00e4n on ammatiltaan kosmetologi.<\/p>\n<p>H\u00e4n on ollut julkisuudessa esill\u00e4 my\u00f6s nen\u00e4leikkaukseen liittyen.<\/p>\n<p>Vaikka kaksikolla ei heti uskoisi olevan muuta yhteist\u00e4 kuin geenit, niin kyll\u00e4 on. Molemmat ovat kertoneet olevansa feministej\u00e4 henkeen ja vereen. Meiju on avautunut julkisuudessa todeten, ett\u00e4 maailman tulee olla paikka, jossa tunnistetaan se, ett\u00e4 nainen ja mies voi olla monella tapaa ja ett\u00e4 sukupuolia on monta.<\/p>\n<p>Katso kuvat alta tai <a href=\"https:\/\/www.instagram.com\/p\/DHrLXCXNqaj\/?img_index=1\" rel=\"nofollow noopener\" target=\"_blank\">t\u00e4st\u00e4.<\/a><\/p>\n<p>Lue my\u00f6s: <a href=\"https:\/\/www.como.fi\/tilaa-comon-uutiskirje\/\" title=\"Tilaa Comon uutiskirje ja tied\u00e4t mist\u00e4 kahvitauolla puhutaan! Nappaa kotimaan tv-vinkit ja puheenaiheet suoraan s\u00e4hk\u00f6postiin t\u00e4st\u00e4.\" class=\"underline-custom !font-montserrat !font-bold !underline-offset-4 !decoration-4 !decoration-red-600 !text-md\" rel=\"nofollow noopener\" target=\"_blank\">Tilaa Comon uutiskirje ja tied\u00e4t mist\u00e4 kahvitauolla puhutaan! Nappaa kotimaan tv-vinkit ja puheenaiheet suoraan s\u00e4hk\u00f6postiin t\u00e4st\u00e4.<\/a><\/p>\n<p>\t\t\t<script async src=\"\/\/www.instagram.com\/embed.js\"><\/script><\/p>\n","protected":false},"excerpt":{"rendered":"Vasemmiston puheenjohtaja ja kansanedustaja Minja Koskela on v\u00e4liin provokatiivisiakin ulostuloja tekev\u00e4 oppositiopoliitikko, mutta ei perheens\u00e4 ainut julkkis. Se&hellip;\n","protected":false},"author":2,"featured_media":133227,"comment_status":"","ping_status":"","sticky":false,"template":"","format":"standard","meta":{"footnotes":""},"categories":[136],"tags":[407,137,33,31,30,408,32,109],"class_list":{"0":"post-133226","1":"post","2":"type-post","3":"status-publish","4":"format-standard","5":"has-post-thumbnail","7":"category-julkkikset","8":"tag-celebrities","9":"tag-entertainment","10":"tag-fi","11":"tag-finland","12":"tag-finnish","13":"tag-julkkikset","14":"tag-suomi","15":"tag-viihde"},"share_on_mastodon":{"url":"https:\/\/pubeurope.com\/@fi\/115836864591975460","error":""},"_links":{"self":[{"href":"https:\/\/www.europesays.com\/fi\/wp-json\/wp\/v2\/posts\/133226","targetHints":{"allow":["GET"]}}],"collection":[{"href":"https:\/\/www.europesays.com\/fi\/wp-json\/wp\/v2\/posts"}],"about":[{"href":"https:\/\/www.europesays.com\/fi\/wp-json\/wp\/v2\/types\/post"}],"author":[{"embeddable":true,"href":"https:\/\/www.europesays.com\/fi\/wp-json\/wp\/v2\/users\/2"}],"replies":[{"embeddable":true,"href":"https:\/\/www.europesays.com\/fi\/wp-json\/wp\/v2\/comments?post=133226"}],"version-history":[{"count":0,"href":"https:\/\/www.europesays.com\/fi\/wp-json\/wp\/v2\/posts\/133226\/revisions"}],"wp:featuredmedia":[{"embeddable":true,"href":"https:\/\/www.europesays.com\/fi\/wp-json\/wp\/v2\/media\/133227"}],"wp:attachment":[{"href":"https:\/\/www.europesays.com\/fi\/wp-json\/wp\/v2\/media?parent=133226"}],"wp:term":[{"taxonomy":"category","embeddable":true,"href":"https:\/\/www.europesays.com\/fi\/wp-json\/wp\/v2\/categories?post=133226"},{"taxonomy":"post_tag","embeddable":true,"href":"https:\/\/www.europesays.com\/fi\/wp-json\/wp\/v2\/tags?post=133226"}],"curies":[{"name":"wp","href":"https:\/\/api.w.org\/{rel}","templated":true}]}}