{"id":133262,"date":"2026-01-04T13:40:07","date_gmt":"2026-01-04T13:40:07","guid":{"rendered":"https:\/\/www.europesays.com\/fi\/133262\/"},"modified":"2026-01-04T13:40:07","modified_gmt":"2026-01-04T13:40:07","slug":"yli-30-ihmista-kuoli-veriloylyssa-nigeriassa-uutisia-lyhyesti","status":"publish","type":"post","link":"https:\/\/www.europesays.com\/fi\/133262\/","title":{"rendered":"Yli 30 ihmist\u00e4 kuoli veril\u00f6ylyss\u00e4 Nigeriassa | Uutisia lyhyesti"},"content":{"rendered":"<p class=\"aw-1gybjub aw-1p7kakr kEtdKx cEmitX yle__article__paragraph\">Ainakin 30 ihmist\u00e4 kuoli ja useita siepattiin Nigerian keskiosassa sijaitsevassa Kasuwan Dajin kyl\u00e4ss\u00e4 viikonloppuna, paikallinen poliisi kertoi sunnuntaina.<\/p>\n<p class=\"aw-1gybjub aw-1p7kakr kEtdKx cEmitX yle__article__paragraph\">Aseistautuneet jengil\u00e4iset sytyttiv\u00e4t hy\u00f6kk\u00e4yksen aikana paikallisen torin tuleen ja ry\u00f6stiv\u00e4t ruokatarvikkeita kauppakojuista.<\/p>\n<p class=\"aw-1gybjub aw-1p7kakr kEtdKx cEmitX yle__article__paragraph\">Nigerian ep\u00e4vakaan tilanteen takia ry\u00f6st\u00f6t ovat maassa yleisi\u00e4. Aseistautuneet jengit tekev\u00e4t lis\u00e4ksi joukkosieppauksia lunnaiden saamiseksi. Tilanne on ollut erityisen vaikea Nigerian keski- ja luoteisosissa.<\/p>\n<p class=\"aw-1gybjub aw-1p7kakr kEtdKx cEmitX yle__article__paragraph\">Marraskuussa aseistautuneet jengit kaappasivat yli 250 opiskelijaa ja henkil\u00f6kunnan j\u00e4sent\u00e4 katolisesta koulusta.<\/p>\n<p class=\"aw-1gybjub aw-1p7kakr kEtdKx cEmitX yle__article__paragraph\">L\u00e4hde: AFP<\/p>\n","protected":false},"excerpt":{"rendered":"Ainakin 30 ihmist\u00e4 kuoli ja useita siepattiin Nigerian keskiosassa sijaitsevassa Kasuwan Dajin kyl\u00e4ss\u00e4 viikonloppuna, paikallinen poliisi kertoi sunnuntaina.&hellip;\n","protected":false},"author":2,"featured_media":74,"comment_status":"","ping_status":"","sticky":false,"template":"","format":"standard","meta":{"footnotes":"","_share_on_mastodon":"0"},"categories":[14],"tags":[804,22,23,26,27,33,31,30,17,19016,24,25,996,28,29,15,8578,18,21,52,581,4678,32,19,20,56,16,59,60,61],"class_list":["post-133262","post","type-post","status-publish","format-standard","has-post-thumbnail","category-ulkomaat","tag-aseelliset-konfliktit","tag-breaking-news","tag-breakingnews","tag-featured-news","tag-featurednews","tag-fi","tag-finland","tag-finnish","tag-headlines","tag-lansi-afrikka","tag-latest-news","tag-latestnews","tag-levottomuudet","tag-main-news","tag-mainnews","tag-news","tag-nigeria","tag-otsikot","tag-paauutiset","tag-poliisi","tag-rikokset","tag-ryosto","tag-suomi","tag-top-stories","tag-topstories","tag-ulkomaat","tag-uutiset","tag-world","tag-world-news","tag-worldnews"],"share_on_mastodon":{"url":"https:\/\/pubeurope.com\/@fi\/115837116372447133","error":""},"_links":{"self":[{"href":"https:\/\/www.europesays.com\/fi\/wp-json\/wp\/v2\/posts\/133262","targetHints":{"allow":["GET"]}}],"collection":[{"href":"https:\/\/www.europesays.com\/fi\/wp-json\/wp\/v2\/posts"}],"about":[{"href":"https:\/\/www.europesays.com\/fi\/wp-json\/wp\/v2\/types\/post"}],"author":[{"embeddable":true,"href":"https:\/\/www.europesays.com\/fi\/wp-json\/wp\/v2\/users\/2"}],"replies":[{"embeddable":true,"href":"https:\/\/www.europesays.com\/fi\/wp-json\/wp\/v2\/comments?post=133262"}],"version-history":[{"count":0,"href":"https:\/\/www.europesays.com\/fi\/wp-json\/wp\/v2\/posts\/133262\/revisions"}],"wp:featuredmedia":[{"embeddable":true,"href":"https:\/\/www.europesays.com\/fi\/wp-json\/wp\/v2\/media\/74"}],"wp:attachment":[{"href":"https:\/\/www.europesays.com\/fi\/wp-json\/wp\/v2\/media?parent=133262"}],"wp:term":[{"taxonomy":"category","embeddable":true,"href":"https:\/\/www.europesays.com\/fi\/wp-json\/wp\/v2\/categories?post=133262"},{"taxonomy":"post_tag","embeddable":true,"href":"https:\/\/www.europesays.com\/fi\/wp-json\/wp\/v2\/tags?post=133262"}],"curies":[{"name":"wp","href":"https:\/\/api.w.org\/{rel}","templated":true}]}}