{"id":133280,"date":"2026-01-04T14:23:07","date_gmt":"2026-01-04T14:23:07","guid":{"rendered":"https:\/\/www.europesays.com\/fi\/133280\/"},"modified":"2026-01-04T14:23:07","modified_gmt":"2026-01-04T14:23:07","slug":"uusi-tv-sarja-kylma-kausi-suomalaisten-naishiihtajien-armoton-maailma-keskiossa","status":"publish","type":"post","link":"https:\/\/www.europesays.com\/fi\/133280\/","title":{"rendered":"Uusi tv-sarja: Kylm\u00e4 kausi &#8211; Suomalaisten naishiiht\u00e4jien armoton maailma keski\u00f6ss\u00e4"},"content":{"rendered":"<p><a href=\"https:\/\/www.suomi24.fi\/viihde\/l\/695284a2eca94-5543.webp\" rel=\"nofollow noopener\" target=\"_blank\"><img decoding=\"async\" src=\"https:\/\/www.europesays.com\/fi\/wp-content\/uploads\/2026\/01\/695284a2eca94-5543.webp.webp\" alt=\"Kylm\u00e4 kausi\" loading=\"lazy\"\/><\/a><\/p>\n<p>Sannah Nederg\u00e5rd (Maria) ja Roosa S\u00f6derholm (Anna). Kuva: Just Republic<\/p>\n<p>Uudessa, kotimaisessa draamasarjassa seurataan Suomen naisten maajoukkuetta ja erityisesti kahta sen hiiht\u00e4j\u00e4\u00e4. Kun maajoukkueen altavastaaja <strong>Anna <\/strong>saa mahdollisuuden treenata arvoituksellisen hiihtokuningatar <strong>Marian <\/strong>aisaparina, h\u00e4n tarttuu tilaisuuteen ep\u00e4r\u00f6im\u00e4tt\u00e4.<\/p>\n<p>Molempia naisia valmentaa armoton <strong>Kim<\/strong>, jolle vain tulokset merkitsev\u00e4t. Anna ja Maria pelaavat synkk\u00e4\u00e4, psykologista peli\u00e4, jossa he kilpailevat toisiaan vastaan. He my\u00f6s tarvitsevat toisiaan noustakseen maailman huipulle.<\/p>\n<p>Mit\u00e4 l\u00e4hemm\u00e4s huippua Anna p\u00e4\u00e4see, sit\u00e4 kovemmaksi menestyksen hinta kasvaa. Ja lopulta voittajia voi olla vain yksi.<\/p>\n<p><a href=\"https:\/\/www.suomi24.fi\/viihde\/l\/kylma-kausi-uusi-draamasarja-suomalaisten-naishiihtajien-kovasta-maailmasta-starttaa-5543-1.webp\" rel=\"nofollow noopener\" target=\"_blank\"><img decoding=\"async\" src=\"https:\/\/www.europesays.com\/fi\/wp-content\/uploads\/2026\/01\/kylma-kausi-uusi-draamasarja-suomalaisten-naishiihtajien-kovasta-maailmasta-starttaa-5543-1.webp.webp\" alt=\"Kylm\u00e4 kausi\" loading=\"lazy\"\/><\/a>Hiihtolatu ja kanssakisaajat eiv\u00e4t tunne armoa Kylm\u00e4 kausi -sarjassa. Kuva: Just Republic<\/p>\n<p>Uuden suomalaisen draamasarjan p\u00e4\u00e4osissa n\u00e4hd\u00e4\u00e4n<strong> Roosa S\u00f6derholm, Sannah Nederg\u00e5rd ja Antti Virmavirta<\/strong>. Ohjaus: <strong>Akseli Tuomivaara <\/strong>ja <strong>Petra Lumioksa<\/strong>. Sarjan luoja: <strong>Jemina Jokisalo<\/strong>.<\/p>\n<p>Kylm\u00e4 kausi su 4.1. klo 21 Yle TV1 ja Yle Areena<\/p>\n<p><a href=\"https:\/\/www.telsu.fi\/kylm%C3%A4-kausi?ref=s24_article\" rel=\"noopener noreferrer nofollow\" target=\"_blank\">Katso tv-ohjelma-ajat Telsu.fi<\/a><\/p>\n","protected":false},"excerpt":{"rendered":"Sannah Nederg\u00e5rd (Maria) ja Roosa S\u00f6derholm (Anna). Kuva: Just Republic Uudessa, kotimaisessa draamasarjassa seurataan Suomen naisten maajoukkuetta ja&hellip;\n","protected":false},"author":2,"featured_media":133281,"comment_status":"","ping_status":"","sticky":false,"template":"","format":"standard","meta":{"footnotes":""},"categories":[133],"tags":[137,33,31,30,32,206,156,109],"class_list":{"0":"post-133280","1":"post","2":"type-post","3":"status-publish","4":"format-standard","5":"has-post-thumbnail","7":"category-televisiot","8":"tag-entertainment","9":"tag-fi","10":"tag-finland","11":"tag-finnish","12":"tag-suomi","13":"tag-televisiot","14":"tag-tv","15":"tag-viihde"},"share_on_mastodon":{"url":"https:\/\/pubeurope.com\/@fi\/115837285354666639","error":""},"_links":{"self":[{"href":"https:\/\/www.europesays.com\/fi\/wp-json\/wp\/v2\/posts\/133280","targetHints":{"allow":["GET"]}}],"collection":[{"href":"https:\/\/www.europesays.com\/fi\/wp-json\/wp\/v2\/posts"}],"about":[{"href":"https:\/\/www.europesays.com\/fi\/wp-json\/wp\/v2\/types\/post"}],"author":[{"embeddable":true,"href":"https:\/\/www.europesays.com\/fi\/wp-json\/wp\/v2\/users\/2"}],"replies":[{"embeddable":true,"href":"https:\/\/www.europesays.com\/fi\/wp-json\/wp\/v2\/comments?post=133280"}],"version-history":[{"count":0,"href":"https:\/\/www.europesays.com\/fi\/wp-json\/wp\/v2\/posts\/133280\/revisions"}],"wp:featuredmedia":[{"embeddable":true,"href":"https:\/\/www.europesays.com\/fi\/wp-json\/wp\/v2\/media\/133281"}],"wp:attachment":[{"href":"https:\/\/www.europesays.com\/fi\/wp-json\/wp\/v2\/media?parent=133280"}],"wp:term":[{"taxonomy":"category","embeddable":true,"href":"https:\/\/www.europesays.com\/fi\/wp-json\/wp\/v2\/categories?post=133280"},{"taxonomy":"post_tag","embeddable":true,"href":"https:\/\/www.europesays.com\/fi\/wp-json\/wp\/v2\/tags?post=133280"}],"curies":[{"name":"wp","href":"https:\/\/api.w.org\/{rel}","templated":true}]}}