{"id":133354,"date":"2026-01-04T16:17:09","date_gmt":"2026-01-04T16:17:09","guid":{"rendered":"https:\/\/www.europesays.com\/fi\/133354\/"},"modified":"2026-01-04T16:17:09","modified_gmt":"2026-01-04T16:17:09","slug":"ensin-iski-raju-pakkanen-nyt-uhkaa-tulva","status":"publish","type":"post","link":"https:\/\/www.europesays.com\/fi\/133354\/","title":{"rendered":"Ensin iski raju pakkanen, nyt uhkaa tulva"},"content":{"rendered":"<p>Tulvavaroitus voimassa suuressa osassa maata.<\/p>\n<p><img decoding=\"async\" class=\"image image-show image-preview\" src=\"https:\/\/www.europesays.com\/fi\/wp-content\/uploads\/2026\/01\/b1ce64e359a278f379ed0cc43f368a24200b3a2a7a4c785e263ea6a854f8bad5.jpg\" alt=\"\"\/><img decoding=\"async\" class=\"image image-show\" src=\"https:\/\/www.europesays.com\/fi\/wp-content\/uploads\/2026\/01\/1767543428_194_b1ce64e359a278f379ed0cc43f368a24200b3a2a7a4c785e263ea6a854f8bad5.jpg\" alt=\"\"\/><\/p>\n<p>Hyydepato Kiiminkijoessa vuonna 2014. MARKKU RUOTTINEN<\/p>\n<p class=\"paragraph\">Suomessa on keskell\u00e4 kovia pakkasia voimassa <a href=\"https:\/\/www.ilmatieteenlaitos.fi\/varoitukset\" target=\"_blank\" rel=\"noopener nofollow\">tulvavaroituksia<\/a> laajalla alueella etel\u00e4isest\u00e4 Lapista Satakuntaan ja Kanta-H\u00e4meeseen.<\/p>\n<p class=\"paragraph\">Syyn\u00e4 on erikoinen ilmi\u00f6: hyydetulva.<\/p>\n<p class=\"paragraph\">Lemp\u00e4\u00e4l\u00e4ss\u00e4 vedenpinta on noussut Kuokkalankoskessa kev\u00e4ttulvalukemiin. Vastaava tilanne on ollut viimeksi tammikuussa 2000, Suomen ymp\u00e4rist\u00f6keskuksen <a href=\"https:\/\/www.vesi.fi\/tulvatilanne\/\" target=\"_blank\" rel=\"noopener nofollow\">Tulvakeskus kertoo<\/a>.<\/p>\n<p class=\"paragraph\">My\u00f6s Lapuanjoki on noussut keskim\u00e4\u00e4r\u00e4isen kev\u00e4ttulvan tasolle. Kokem\u00e4enjoelle on j\u00e4\u00e4dytysajolla yritetty muodostaa j\u00e4\u00e4kansi, joka est\u00e4isi hyydetulvaa muodostumasta.<\/p>\n<p class=\"paragraph\">Tarkat tiedot tulvavaroituksista l\u00f6ytyv\u00e4t viranomaisten yll\u00e4pit\u00e4m\u00e4lt\u00e4 <a href=\"https:\/\/www.vesi.fi\/varoitus\/\" target=\"_blank\" rel=\"noopener nofollow\">Vesi.fi -sivustolta<\/a>.<\/p>\n<p>N\u00e4in syntyv\u00e4t<\/p>\n<p class=\"paragraph\">Hyydetulva ei ole jokatalvinen ilmi\u00f6, vaan vaatii synty\u00e4kseen suotuisat olosuhteet.<\/p>\n<p class=\"paragraph\">Hyydetulvia syntyy, kun j\u00e4\u00e4peitett\u00e4 vailla oleviin jokiin iskee kova pakkanen, <a href=\"https:\/\/www.vesi.fi\/vesitieto\/talvinen-hyydetulva\/\" target=\"_blank\" rel=\"noopener nofollow\">Suomen ymp\u00e4rist\u00f6keskuksen<\/a> sivuilla kerrotaan.<\/p>\n<p class=\"paragraph\">Jokivesi j\u00e4\u00e4htyy nollan alapuolelle. Alij\u00e4\u00e4htyneeseen veteen syntyy j\u00e4\u00e4kiteit\u00e4, jotka tarttuvat toisiinsa ja nousevat pintaan. Kiteist\u00e4 muodostuu suppolauttoja tai supposohjoa, joka voi kasaantua suppopadoksi j\u00e4\u00e4kannen alle.<\/p>\n<p class=\"paragraph\">Toisaalta j\u00e4\u00e4kiteet voivat muodostua pohjaj\u00e4\u00e4ksi joenpohjaan. Kummassakin tapauksessa uhkaa hyydetulva.<\/p>\n<p class=\"paragraph\">Hyydett\u00e4 torjutaan eri tavoin, esimerkiksi r\u00e4j\u00e4ytt\u00e4m\u00e4ll\u00e4.<\/p>\n<p><a href=\"https:\/\/www.iltalehti.fi\/parassaa?storeCampaign=ArticleBottomBanner\" rel=\"nofollow noopener\" target=\"_blank\"><img decoding=\"async\" src=\"https:\/\/www.europesays.com\/fi\/wp-content\/uploads\/2025\/08\/d0fd7860228df4fdd5fd0367e49d769aa09b08189080ddc5ccdd8c31ad63aca9.png\" alt=\"IL Paras S\u00e4\u00e4 - S\u00e4\u00e4tiedot ja s\u00e4\u00e4ennusteet\"\/><\/a><\/p>\n","protected":false},"excerpt":{"rendered":"Tulvavaroitus voimassa suuressa osassa maata. Hyydepato Kiiminkijoessa vuonna 2014. MARKKU RUOTTINEN Suomessa on keskell\u00e4 kovia pakkasia voimassa tulvavaroituksia&hellip;\n","protected":false},"author":2,"featured_media":133355,"comment_status":"","ping_status":"","sticky":false,"template":"","format":"standard","meta":{"footnotes":""},"categories":[12],"tags":[35,22,23,26,27,33,31,30,17,24,25,72,28,29,15,18,21,637,710,32,19,20,16,872,534],"class_list":{"0":"post-133354","1":"post","2":"type-post","3":"status-publish","4":"format-standard","5":"has-post-thumbnail","7":"category-suomi","8":"tag-24h","9":"tag-breaking-news","10":"tag-breakingnews","11":"tag-featured-news","12":"tag-featurednews","13":"tag-fi","14":"tag-finland","15":"tag-finnish","16":"tag-headlines","17":"tag-latest-news","18":"tag-latestnews","19":"tag-luonto","20":"tag-main-news","21":"tag-mainnews","22":"tag-news","23":"tag-otsikot","24":"tag-paauutiset","25":"tag-politiikka","26":"tag-saa","27":"tag-suomi","28":"tag-top-stories","29":"tag-topstories","30":"tag-uutiset","31":"tag-vesistot","32":"tag-ymparisto-ja-luonto"},"share_on_mastodon":{"url":"https:\/\/pubeurope.com\/@fi\/115837733769453465","error":""},"_links":{"self":[{"href":"https:\/\/www.europesays.com\/fi\/wp-json\/wp\/v2\/posts\/133354","targetHints":{"allow":["GET"]}}],"collection":[{"href":"https:\/\/www.europesays.com\/fi\/wp-json\/wp\/v2\/posts"}],"about":[{"href":"https:\/\/www.europesays.com\/fi\/wp-json\/wp\/v2\/types\/post"}],"author":[{"embeddable":true,"href":"https:\/\/www.europesays.com\/fi\/wp-json\/wp\/v2\/users\/2"}],"replies":[{"embeddable":true,"href":"https:\/\/www.europesays.com\/fi\/wp-json\/wp\/v2\/comments?post=133354"}],"version-history":[{"count":0,"href":"https:\/\/www.europesays.com\/fi\/wp-json\/wp\/v2\/posts\/133354\/revisions"}],"wp:featuredmedia":[{"embeddable":true,"href":"https:\/\/www.europesays.com\/fi\/wp-json\/wp\/v2\/media\/133355"}],"wp:attachment":[{"href":"https:\/\/www.europesays.com\/fi\/wp-json\/wp\/v2\/media?parent=133354"}],"wp:term":[{"taxonomy":"category","embeddable":true,"href":"https:\/\/www.europesays.com\/fi\/wp-json\/wp\/v2\/categories?post=133354"},{"taxonomy":"post_tag","embeddable":true,"href":"https:\/\/www.europesays.com\/fi\/wp-json\/wp\/v2\/tags?post=133354"}],"curies":[{"name":"wp","href":"https:\/\/api.w.org\/{rel}","templated":true}]}}